{"id":3952,"date":"2026-04-27T12:36:17","date_gmt":"2026-04-27T12:36:17","guid":{"rendered":"https:\/\/portal135.com.br\/?p=3952"},"modified":"2026-04-27T12:36:17","modified_gmt":"2026-04-27T12:36:17","slug":"salgadinho-leva-seus-grandes-sucessos-a-quadra-da-tom-maior-em-sao-paulo-em-show-especial-no-dia-23-de-maio","status":"publish","type":"post","link":"https:\/\/portal135.com.br\/?p=3952","title":{"rendered":"Salgadinho leva seus grandes sucessos \u00e0 quadra da Tom Maior em S\u00e3o Paulo em show especial no dia 23 de maio"},"content":{"rendered":"\n<p>\n<em>Evento promete uma tarde completa de samba e pagode com participa\u00e7\u00f5es do Grupo\u00a0Pagotom\u00a0e DJ Pica-pau, al\u00e9m de ingressos acess\u00edveis ao p\u00fablico<\/em><\/p>\n\n\n<!-- wp:image \"id\":24286,\"sizeSlug\":\"large\",\"linkDestination\":\"none\" -->\n<figure class=\"wp-block-image size-large\"><img decoding=\"async\" src=\"https:\/\/programacamarote.com.br\/wp-content\/uploads\/2026\/04\/f798f742-7208-4add-b330-757ccd85c330-1024x820.jpeg\" alt=\"\" class=\"wp-image-24286\"\/><\/figure>\n<!-- \/wp:post-content -->\n\n<!-- wp:paragraph -->\n<p>O cantor\u00a0Salgadinho, um dos nomes mais queridos e respeitados do pagode nacional, se apresenta no pr\u00f3ximo dia 23 de maio, em S\u00e3o Paulo, em um show especial na tradicional\u00a0Quadra da Tom Maior. Conhecido por sua energia contagiante e um repert\u00f3rio repleto de sucessos que marcaram gera\u00e7\u00f5es, o artista promete transformar a tarde de s\u00e1bado em uma verdadeira celebra\u00e7\u00e3o da m\u00fasica brasileira.<\/p>\n<!-- \/wp:paragraph -->\n\n<!-- wp:paragraph -->\n<p>O evento refor\u00e7a o protagonismo da quadra da Tom Maior como um dos principais espa\u00e7os culturais e de entretenimento da capital paulista, reunindo estrutura, tradi\u00e7\u00e3o e uma programa\u00e7\u00e3o cada vez mais diversa e atrativa para o p\u00fablico. A parceria entre o artista e o espa\u00e7o evidencia a for\u00e7a do samba e do pagode como manifesta\u00e7\u00f5es culturais vivas e pulsantes na cidade.<\/p>\n<!-- \/wp:paragraph -->\n\n<!-- wp:paragraph -->\n<p>Al\u00e9m do aguardado show de Salgadinho, o p\u00fablico poder\u00e1 curtir apresenta\u00e7\u00f5es do Grupo\u00a0Pagotom, que leva ao palco o melhor do pagode atual, e do DJ Pica-pau, respons\u00e1vel por comandar os intervalos com um\u00a0set\u00a0animado e cheio de\u00a0hits, garantindo que a energia do evento se mantenha do in\u00edcio ao fim.<\/p>\n<!-- \/wp:paragraph -->\n\n<!-- wp:paragraph -->\n<p>Com ingressos a partir de R$20, o evento aposta na democratiza\u00e7\u00e3o do acesso \u00e0 cultura e deve atrair um p\u00fablico diverso, desde f\u00e3s de longa data at\u00e9 novos admiradores do g\u00eanero. A expectativa \u00e9 de casa cheia e uma atmosfera de muita m\u00fasica, alegria e conex\u00e3o.<\/p>\n<!-- \/wp:paragraph -->\n\n<!-- wp:paragraph -->\n<p><strong>Servi\u00e7o<\/strong>\n<strong>Show:<\/strong>\u00a0Salgadinho na Quadra da Tom Maior\n<strong>Data:<\/strong>\u00a023 de maio (s\u00e1bado)\n<strong>Hor\u00e1rio:<\/strong>\u00a0Abertura dos port\u00f5es \u00e0s 16h\n<strong>Local:<\/strong>\u00a0Quadra da Tom Maior\n<strong>Endere\u00e7o:<\/strong>\u00a0Rua Luigi\u00a0Grecco, 196 \u2013 Barra Funda, S\u00e3o Paulo\n<strong>Atra\u00e7\u00f5es:<\/strong>\u00a0Salgadinho, Grupo\u00a0Pagotom\u00a0e DJ Pica-pau\n<strong>Ingressos:<\/strong>\u00a0A partir de R$20 (j\u00e1 \u00e0 venda)<\/p>\n<!-- \/wp:paragraph -->\n\n<!-- wp:paragraph -->\n<p><a href=\"https:\/\/www.clubedoingresso.com\/evento\/salgadinho-tommaior\">https:\/\/www.clubedoingresso.com\/evento\/salgadinho-tommaior<\/a><\/p>\n<!-- \/wp:paragraph -->\n\n<!-- wp:paragraph -->\n<p>Com uma combina\u00e7\u00e3o de tradi\u00e7\u00e3o, acessibilidade e grandes nomes da m\u00fasica, o evento na quadra da Tom Maior se consolida como uma das programa\u00e7\u00f5es imperd\u00edveis do m\u00eas na capital paulista.<\/p>\n<!-- \/wp:paragraph -->","protected":false},"excerpt":{"rendered":"<p>Evento promete uma tarde completa de samba e pagode com participa\u00e7\u00f5es do Grupo\u00a0Pagotom\u00a0e DJ Pica-pau, al\u00e9m de ingressos acess\u00edveis ao p\u00fablico O cantor\u00a0Salgadinho, um dos nomes mais queridos e respeitados do pagode nacional, se apresenta no pr\u00f3ximo dia 23 de maio, em S\u00e3o Paulo, em um show especial na tradicional\u00a0Quadra da Tom Maior. Conhecido por sua energia contagiante e um repert\u00f3rio repleto de sucessos que marcaram gera\u00e7\u00f5es, o artista promete transformar a tarde de s\u00e1bado em uma verdadeira celebra\u00e7\u00e3o da m\u00fasica brasileira. O evento refor\u00e7a o protagonismo da quadra da Tom Maior como um dos principais espa\u00e7os culturais e de [\u2026]<\/p>\n","protected":false},"author":6,"featured_media":3951,"comment_status":"closed","ping_status":"open","sticky":false,"template":"","format":"standard","meta":{"footnotes":""},"categories":[65],"tags":[],"class_list":["post-3952","post","type-post","status-publish","format-standard","has-post-thumbnail","hentry","category-destaque"],"yoast_head":"<!-- This site is optimized with the Yoast SEO plugin v27.3 - https:\/\/yoast.com\/product\/yoast-seo-wordpress\/ -->\n<title>Salgadinho leva seus grandes sucessos \u00e0 quadra da Tom Maior em S\u00e3o Paulo em show especial no dia 23 de maio<\/title>\n<meta name=\"robots\" content=\"index, follow, max-snippet:-1, max-image-preview:large, max-video-preview:-1\" \/>\n<link rel=\"canonical\" href=\"https:\/\/portal135.com.br\/?p=3952\" \/>\n<meta property=\"og:locale\" content=\"pt_BR\" \/>\n<meta property=\"og:type\" content=\"article\" \/>\n<meta property=\"og:title\" content=\"Salgadinho leva seus grandes sucessos \u00e0 quadra da Tom Maior em S\u00e3o Paulo em show especial no dia 23 de maio\" \/>\n<meta property=\"og:description\" content=\"Evento promete uma tarde completa de samba e pagode com participa\u00e7\u00f5es do Grupo\u00a0Pagotom\u00a0e DJ Pica-pau, al\u00e9m de ingressos acess\u00edveis ao p\u00fablico O cantor\u00a0Salgadinho, um dos nomes mais queridos e respeitados do pagode nacional, se apresenta no pr\u00f3ximo dia 23 de maio, em S\u00e3o Paulo, em um show especial na tradicional\u00a0Quadra da Tom Maior. Conhecido por sua energia contagiante e um repert\u00f3rio repleto de sucessos que marcaram gera\u00e7\u00f5es, o artista promete transformar a tarde de s\u00e1bado em uma verdadeira celebra\u00e7\u00e3o da m\u00fasica brasileira. O evento refor\u00e7a o protagonismo da quadra da Tom Maior como um dos principais espa\u00e7os culturais e de [\u2026]\" \/>\n<meta property=\"og:url\" content=\"https:\/\/portal135.com.br\/?p=3952\" \/>\n<meta property=\"og:site_name\" content=\"Portal 135\" \/>\n<meta property=\"article:published_time\" content=\"2026-04-27T12:36:17+00:00\" \/>\n<meta property=\"og:image\" content=\"https:\/\/portal135.com.br\/wp-content\/uploads\/2026\/04\/f798f742-7208-4add-b330-757ccd85c330.jpeg\" \/>\n\t<meta property=\"og:image:width\" content=\"1280\" \/>\n\t<meta property=\"og:image:height\" content=\"1025\" \/>\n\t<meta property=\"og:image:type\" content=\"image\/jpeg\" \/>\n<meta name=\"author\" content=\"Altair Campos\" \/>\n<meta name=\"twitter:card\" content=\"summary_large_image\" \/>\n<meta name=\"twitter:label1\" content=\"Escrito por\" \/>\n\t<meta name=\"twitter:data1\" content=\"Altair Campos\" \/>\n\t<meta name=\"twitter:label2\" content=\"Est. tempo de leitura\" \/>\n\t<meta name=\"twitter:data2\" content=\"2 minutos\" \/>\n<script type=\"application\/ld+json\" class=\"yoast-schema-graph\">{\"@context\":\"https:\\\/\\\/schema.org\",\"@graph\":[{\"@type\":\"Article\",\"@id\":\"https:\\\/\\\/portal135.com.br\\\/?p=3952#article\",\"isPartOf\":{\"@id\":\"https:\\\/\\\/portal135.com.br\\\/?p=3952\"},\"author\":{\"name\":\"Altair Campos\",\"@id\":\"https:\\\/\\\/portal135.com.br\\\/#\\\/schema\\\/person\\\/98d657cdbd52d9a3cc926f416862beb1\"},\"headline\":\"Salgadinho leva seus grandes sucessos \u00e0 quadra da Tom Maior em S\u00e3o Paulo em show especial no dia 23 de maio\",\"datePublished\":\"2026-04-27T12:36:17+00:00\",\"mainEntityOfPage\":{\"@id\":\"https:\\\/\\\/portal135.com.br\\\/?p=3952\"},\"wordCount\":386,\"publisher\":{\"@id\":\"https:\\\/\\\/portal135.com.br\\\/#organization\"},\"image\":{\"@id\":\"https:\\\/\\\/portal135.com.br\\\/?p=3952#primaryimage\"},\"thumbnailUrl\":\"https:\\\/\\\/portal135.com.br\\\/wp-content\\\/uploads\\\/2026\\\/04\\\/f798f742-7208-4add-b330-757ccd85c330.jpeg\",\"articleSection\":[\"Destaque\"],\"inLanguage\":\"pt-BR\"},{\"@type\":\"WebPage\",\"@id\":\"https:\\\/\\\/portal135.com.br\\\/?p=3952\",\"url\":\"https:\\\/\\\/portal135.com.br\\\/?p=3952\",\"name\":\"Salgadinho leva seus grandes sucessos \u00e0 quadra da Tom Maior em S\u00e3o Paulo em show especial no dia 23 de maio\",\"isPartOf\":{\"@id\":\"https:\\\/\\\/portal135.com.br\\\/#website\"},\"primaryImageOfPage\":{\"@id\":\"https:\\\/\\\/portal135.com.br\\\/?p=3952#primaryimage\"},\"image\":{\"@id\":\"https:\\\/\\\/portal135.com.br\\\/?p=3952#primaryimage\"},\"thumbnailUrl\":\"https:\\\/\\\/portal135.com.br\\\/wp-content\\\/uploads\\\/2026\\\/04\\\/f798f742-7208-4add-b330-757ccd85c330.jpeg\",\"datePublished\":\"2026-04-27T12:36:17+00:00\",\"breadcrumb\":{\"@id\":\"https:\\\/\\\/portal135.com.br\\\/?p=3952#breadcrumb\"},\"inLanguage\":\"pt-BR\",\"potentialAction\":[{\"@type\":\"ReadAction\",\"target\":[\"https:\\\/\\\/portal135.com.br\\\/?p=3952\"]}]},{\"@type\":\"ImageObject\",\"inLanguage\":\"pt-BR\",\"@id\":\"https:\\\/\\\/portal135.com.br\\\/?p=3952#primaryimage\",\"url\":\"https:\\\/\\\/portal135.com.br\\\/wp-content\\\/uploads\\\/2026\\\/04\\\/f798f742-7208-4add-b330-757ccd85c330.jpeg\",\"contentUrl\":\"https:\\\/\\\/portal135.com.br\\\/wp-content\\\/uploads\\\/2026\\\/04\\\/f798f742-7208-4add-b330-757ccd85c330.jpeg\",\"width\":1280,\"height\":1025},{\"@type\":\"BreadcrumbList\",\"@id\":\"https:\\\/\\\/portal135.com.br\\\/?p=3952#breadcrumb\",\"itemListElement\":[{\"@type\":\"ListItem\",\"position\":1,\"name\":\"In\u00edcio\",\"item\":\"https:\\\/\\\/portal135.com.br\\\/\"},{\"@type\":\"ListItem\",\"position\":2,\"name\":\"Salgadinho leva seus grandes sucessos \u00e0 quadra da Tom Maior em S\u00e3o Paulo em show especial no dia 23 de maio\"}]},{\"@type\":\"WebSite\",\"@id\":\"https:\\\/\\\/portal135.com.br\\\/#website\",\"url\":\"https:\\\/\\\/portal135.com.br\\\/\",\"name\":\"Portal 135\",\"description\":\"Portal de Not\u00edcias\",\"publisher\":{\"@id\":\"https:\\\/\\\/portal135.com.br\\\/#organization\"},\"potentialAction\":[{\"@type\":\"SearchAction\",\"target\":{\"@type\":\"EntryPoint\",\"urlTemplate\":\"https:\\\/\\\/portal135.com.br\\\/?s={search_term_string}\"},\"query-input\":{\"@type\":\"PropertyValueSpecification\",\"valueRequired\":true,\"valueName\":\"search_term_string\"}}],\"inLanguage\":\"pt-BR\"},{\"@type\":\"Organization\",\"@id\":\"https:\\\/\\\/portal135.com.br\\\/#organization\",\"name\":\"Portal 135\",\"url\":\"https:\\\/\\\/portal135.com.br\\\/\",\"logo\":{\"@type\":\"ImageObject\",\"inLanguage\":\"pt-BR\",\"@id\":\"https:\\\/\\\/portal135.com.br\\\/#\\\/schema\\\/logo\\\/image\\\/\",\"url\":\"https:\\\/\\\/portal135.com.br\\\/wp-content\\\/uploads\\\/2024\\\/09\\\/1000030041-removebg-preview.png\",\"contentUrl\":\"https:\\\/\\\/portal135.com.br\\\/wp-content\\\/uploads\\\/2024\\\/09\\\/1000030041-removebg-preview.png\",\"width\":500,\"height\":500,\"caption\":\"Portal 135\"},\"image\":{\"@id\":\"https:\\\/\\\/portal135.com.br\\\/#\\\/schema\\\/logo\\\/image\\\/\"}},{\"@type\":\"Person\",\"@id\":\"https:\\\/\\\/portal135.com.br\\\/#\\\/schema\\\/person\\\/98d657cdbd52d9a3cc926f416862beb1\",\"name\":\"Altair Campos\",\"image\":{\"@type\":\"ImageObject\",\"inLanguage\":\"pt-BR\",\"@id\":\"https:\\\/\\\/secure.gravatar.com\\\/avatar\\\/8a9599fdd86ece5ffa51ff6e8fb6144ac80e101aebface28bb54b7872e314373?s=96&d=mm&r=g\",\"url\":\"https:\\\/\\\/secure.gravatar.com\\\/avatar\\\/8a9599fdd86ece5ffa51ff6e8fb6144ac80e101aebface28bb54b7872e314373?s=96&d=mm&r=g\",\"contentUrl\":\"https:\\\/\\\/secure.gravatar.com\\\/avatar\\\/8a9599fdd86ece5ffa51ff6e8fb6144ac80e101aebface28bb54b7872e314373?s=96&d=mm&r=g\",\"caption\":\"Altair Campos\"},\"url\":\"https:\\\/\\\/portal135.com.br\\\/?author=6\"}]}<\/script>\n<!-- \/ Yoast SEO plugin. -->","yoast_head_json":{"title":"Salgadinho leva seus grandes sucessos \u00e0 quadra da Tom Maior em S\u00e3o Paulo em show especial no dia 23 de maio","robots":{"index":"index","follow":"follow","max-snippet":"max-snippet:-1","max-image-preview":"max-image-preview:large","max-video-preview":"max-video-preview:-1"},"canonical":"https:\/\/portal135.com.br\/?p=3952","og_locale":"pt_BR","og_type":"article","og_title":"Salgadinho leva seus grandes sucessos \u00e0 quadra da Tom Maior em S\u00e3o Paulo em show especial no dia 23 de maio","og_description":"Evento promete uma tarde completa de samba e pagode com participa\u00e7\u00f5es do Grupo\u00a0Pagotom\u00a0e DJ Pica-pau, al\u00e9m de ingressos acess\u00edveis ao p\u00fablico O cantor\u00a0Salgadinho, um dos nomes mais queridos e respeitados do pagode nacional, se apresenta no pr\u00f3ximo dia 23 de maio, em S\u00e3o Paulo, em um show especial na tradicional\u00a0Quadra da Tom Maior. Conhecido por sua energia contagiante e um repert\u00f3rio repleto de sucessos que marcaram gera\u00e7\u00f5es, o artista promete transformar a tarde de s\u00e1bado em uma verdadeira celebra\u00e7\u00e3o da m\u00fasica brasileira. O evento refor\u00e7a o protagonismo da quadra da Tom Maior como um dos principais espa\u00e7os culturais e de [\u2026]","og_url":"https:\/\/portal135.com.br\/?p=3952","og_site_name":"Portal 135","article_published_time":"2026-04-27T12:36:17+00:00","og_image":[{"width":1280,"height":1025,"url":"https:\/\/portal135.com.br\/wp-content\/uploads\/2026\/04\/f798f742-7208-4add-b330-757ccd85c330.jpeg","type":"image\/jpeg"}],"author":"Altair Campos","twitter_card":"summary_large_image","twitter_misc":{"Escrito por":"Altair Campos","Est. tempo de leitura":"2 minutos"},"schema":{"@context":"https:\/\/schema.org","@graph":[{"@type":"Article","@id":"https:\/\/portal135.com.br\/?p=3952#article","isPartOf":{"@id":"https:\/\/portal135.com.br\/?p=3952"},"author":{"name":"Altair Campos","@id":"https:\/\/portal135.com.br\/#\/schema\/person\/98d657cdbd52d9a3cc926f416862beb1"},"headline":"Salgadinho leva seus grandes sucessos \u00e0 quadra da Tom Maior em S\u00e3o Paulo em show especial no dia 23 de maio","datePublished":"2026-04-27T12:36:17+00:00","mainEntityOfPage":{"@id":"https:\/\/portal135.com.br\/?p=3952"},"wordCount":386,"publisher":{"@id":"https:\/\/portal135.com.br\/#organization"},"image":{"@id":"https:\/\/portal135.com.br\/?p=3952#primaryimage"},"thumbnailUrl":"https:\/\/portal135.com.br\/wp-content\/uploads\/2026\/04\/f798f742-7208-4add-b330-757ccd85c330.jpeg","articleSection":["Destaque"],"inLanguage":"pt-BR"},{"@type":"WebPage","@id":"https:\/\/portal135.com.br\/?p=3952","url":"https:\/\/portal135.com.br\/?p=3952","name":"Salgadinho leva seus grandes sucessos \u00e0 quadra da Tom Maior em S\u00e3o Paulo em show especial no dia 23 de maio","isPartOf":{"@id":"https:\/\/portal135.com.br\/#website"},"primaryImageOfPage":{"@id":"https:\/\/portal135.com.br\/?p=3952#primaryimage"},"image":{"@id":"https:\/\/portal135.com.br\/?p=3952#primaryimage"},"thumbnailUrl":"https:\/\/portal135.com.br\/wp-content\/uploads\/2026\/04\/f798f742-7208-4add-b330-757ccd85c330.jpeg","datePublished":"2026-04-27T12:36:17+00:00","breadcrumb":{"@id":"https:\/\/portal135.com.br\/?p=3952#breadcrumb"},"inLanguage":"pt-BR","potentialAction":[{"@type":"ReadAction","target":["https:\/\/portal135.com.br\/?p=3952"]}]},{"@type":"ImageObject","inLanguage":"pt-BR","@id":"https:\/\/portal135.com.br\/?p=3952#primaryimage","url":"https:\/\/portal135.com.br\/wp-content\/uploads\/2026\/04\/f798f742-7208-4add-b330-757ccd85c330.jpeg","contentUrl":"https:\/\/portal135.com.br\/wp-content\/uploads\/2026\/04\/f798f742-7208-4add-b330-757ccd85c330.jpeg","width":1280,"height":1025},{"@type":"BreadcrumbList","@id":"https:\/\/portal135.com.br\/?p=3952#breadcrumb","itemListElement":[{"@type":"ListItem","position":1,"name":"In\u00edcio","item":"https:\/\/portal135.com.br\/"},{"@type":"ListItem","position":2,"name":"Salgadinho leva seus grandes sucessos \u00e0 quadra da Tom Maior em S\u00e3o Paulo em show especial no dia 23 de maio"}]},{"@type":"WebSite","@id":"https:\/\/portal135.com.br\/#website","url":"https:\/\/portal135.com.br\/","name":"Portal 135","description":"Portal de Not\u00edcias","publisher":{"@id":"https:\/\/portal135.com.br\/#organization"},"potentialAction":[{"@type":"SearchAction","target":{"@type":"EntryPoint","urlTemplate":"https:\/\/portal135.com.br\/?s={search_term_string}"},"query-input":{"@type":"PropertyValueSpecification","valueRequired":true,"valueName":"search_term_string"}}],"inLanguage":"pt-BR"},{"@type":"Organization","@id":"https:\/\/portal135.com.br\/#organization","name":"Portal 135","url":"https:\/\/portal135.com.br\/","logo":{"@type":"ImageObject","inLanguage":"pt-BR","@id":"https:\/\/portal135.com.br\/#\/schema\/logo\/image\/","url":"https:\/\/portal135.com.br\/wp-content\/uploads\/2024\/09\/1000030041-removebg-preview.png","contentUrl":"https:\/\/portal135.com.br\/wp-content\/uploads\/2024\/09\/1000030041-removebg-preview.png","width":500,"height":500,"caption":"Portal 135"},"image":{"@id":"https:\/\/portal135.com.br\/#\/schema\/logo\/image\/"}},{"@type":"Person","@id":"https:\/\/portal135.com.br\/#\/schema\/person\/98d657cdbd52d9a3cc926f416862beb1","name":"Altair Campos","image":{"@type":"ImageObject","inLanguage":"pt-BR","@id":"https:\/\/secure.gravatar.com\/avatar\/8a9599fdd86ece5ffa51ff6e8fb6144ac80e101aebface28bb54b7872e314373?s=96&d=mm&r=g","url":"https:\/\/secure.gravatar.com\/avatar\/8a9599fdd86ece5ffa51ff6e8fb6144ac80e101aebface28bb54b7872e314373?s=96&d=mm&r=g","contentUrl":"https:\/\/secure.gravatar.com\/avatar\/8a9599fdd86ece5ffa51ff6e8fb6144ac80e101aebface28bb54b7872e314373?s=96&d=mm&r=g","caption":"Altair Campos"},"url":"https:\/\/portal135.com.br\/?author=6"}]}},"_links":{"self":[{"href":"https:\/\/portal135.com.br\/index.php?rest_route=\/wp\/v2\/posts\/3952","targetHints":{"allow":["GET"]}}],"collection":[{"href":"https:\/\/portal135.com.br\/index.php?rest_route=\/wp\/v2\/posts"}],"about":[{"href":"https:\/\/portal135.com.br\/index.php?rest_route=\/wp\/v2\/types\/post"}],"author":[{"embeddable":true,"href":"https:\/\/portal135.com.br\/index.php?rest_route=\/wp\/v2\/users\/6"}],"replies":[{"embeddable":true,"href":"https:\/\/portal135.com.br\/index.php?rest_route=%2Fwp%2Fv2%2Fcomments&post=3952"}],"version-history":[{"count":1,"href":"https:\/\/portal135.com.br\/index.php?rest_route=\/wp\/v2\/posts\/3952\/revisions"}],"predecessor-version":[{"id":3953,"href":"https:\/\/portal135.com.br\/index.php?rest_route=\/wp\/v2\/posts\/3952\/revisions\/3953"}],"wp:featuredmedia":[{"embeddable":true,"href":"https:\/\/portal135.com.br\/index.php?rest_route=\/wp\/v2\/media\/3951"}],"wp:attachment":[{"href":"https:\/\/portal135.com.br\/index.php?rest_route=%2Fwp%2Fv2%2Fmedia&parent=3952"}],"wp:term":[{"taxonomy":"category","embeddable":true,"href":"https:\/\/portal135.com.br\/index.php?rest_route=%2Fwp%2Fv2%2Fcategories&post=3952"},{"taxonomy":"post_tag","embeddable":true,"href":"https:\/\/portal135.com.br\/index.php?rest_route=%2Fwp%2Fv2%2Ftags&post=3952"}],"curies":[{"name":"wp","href":"https:\/\/api.w.org\/{rel}","templated":true}]}}