{"id":3682,"date":"2026-03-12T15:27:26","date_gmt":"2026-03-12T15:27:26","guid":{"rendered":"https:\/\/portal135.com.br\/?p=3682"},"modified":"2026-03-12T15:27:26","modified_gmt":"2026-03-12T15:27:26","slug":"conheca-o-menino-da-vila-ppeu-da-hora-aos-12-anos-jovem-renova-seu-4o-contrato-com-o-santos-e-inicia-a-temporada-2026-com-nova-estrutura-de-gestao","status":"publish","type":"post","link":"https:\/\/portal135.com.br\/?p=3682","title":{"rendered":"Conhe\u00e7a o Menino da Vila Ppeu da Hora: aos 12 anos, jovem renova seu 4\u00ba contrato com o Santos e inicia a temporada 2026 com nova estrutura de gest\u00e3o"},"content":{"rendered":"\n<p>No futebol, \u00e0s vezes o nome parece anunciar o destino. No caso de\u00a0<strong>Ppeu da Hora<\/strong>, ele traduz com precis\u00e3o o momento vivido pelo jovem atleta.<\/p>\n\n\n\n<p>Com apenas\u00a0<strong>12 anos<\/strong>, o Menino da Vila acaba de\u00a0<strong>assinar seu quarto contrato com o Santos Futebol Clube<\/strong>, iniciando oficialmente um novo cap\u00edtulo em sua trajet\u00f3ria para a\u00a0<strong>temporada 2026<\/strong>. O novo acordo refor\u00e7a a confian\u00e7a do clube no desenvolvimento do jogador, que vem chamando aten\u00e7\u00e3o por sua alegria dentro de campo e pela ess\u00eancia nata do futebol raiz.<\/p>\n\n\n\n<p>Al\u00e9m da renova\u00e7\u00e3o, Ppeu inicia uma nova fase fora das quatro linhas com o fortalecimento de sua equipe de trabalho. A estrutura passa a contar com\u00a0<strong>Andrezinho<\/strong>, fundador da\u00a0<strong>Ballers<\/strong>, que assume o acompanhamento estrat\u00e9gico da carreira do atleta, e\u00a0<strong>Leonardo Morais<\/strong>, respons\u00e1vel pela\u00a0<strong>gest\u00e3o de imagem de Ppeu da Hora<\/strong>, com foco no posicionamento do jogador, relacionamento com marcas e constru\u00e7\u00e3o da narrativa p\u00fablica de sua trajet\u00f3ria.<\/p>\n\n\n<!-- wp:image \"id\":22368,\"sizeSlug\":\"large\",\"linkDestination\":\"none\" -->\n<figure class=\"wp-block-image size-large\"><img decoding=\"async\" src=\"https:\/\/programacamarote.com.br\/wp-content\/uploads\/2026\/03\/d87364cc-9872-4a96-8d28-0d3b2445702a-768x1024.jpeg\" alt=\"\" class=\"wp-image-22368\" \/><\/figure>\n<!-- \/wp:post-content -->\n\n<!-- wp:paragraph -->\n<p>O momento representa mais um passo importante na constru\u00e7\u00e3o de uma carreira que vem sendo planejada com cuidado desde cedo, mantendo como base aquilo que mais define o jovem jogador: a alegria nas pernas e a ess\u00eancia nata do futebol raiz.<\/p>\n<!-- \/wp:paragraph -->\n\n<!-- wp:paragraph -->\n<p>Para\u00a0<strong>Leonardo Morais<\/strong>, respons\u00e1vel pela gest\u00e3o de imagem do atleta, Ppeu possui uma caracter\u00edstica que vai al\u00e9m do talento t\u00e9cnico.<\/p>\n<!-- \/wp:paragraph -->\n\n<!-- wp:paragraph -->\n<p>\u201cO que mais impressiona no Ppeu \u00e9 o sorriso no rosto. Ele joga com alegria de verdade. \u00c9 aquele tipo de atleta que entra em campo feliz, leve, e isso contagia todo mundo. A gest\u00e3o de imagem nasce justamente disso: mostrar ao p\u00fablico quem ele realmente \u00e9. E no caso dele, \u00e9 muito f\u00e1cil comunicar, porque ele \u00e9 da Hora at\u00e9 no nome.\u201d<\/p>\n<!-- \/wp:paragraph -->\n\n<!-- wp:paragraph -->\n<p>J\u00e1\u00a0<strong>Andrezinho<\/strong>, da\u00a0<strong>Ballers<\/strong>, destaca o privil\u00e9gio de representar um atleta que carrega a ess\u00eancia do futebol desde cedo.<\/p>\n<!-- \/wp:paragraph -->\n\n<!-- wp:paragraph -->\n<p>\u201cPara mim \u00e9 uma honra fazer parte da equipe que representa o Ppeu. Ele \u00e9 um atleta que tem alegria na vida e nas pernas. Isso aparece no jeito que ele joga, no jeito que ele vive o futebol. Nosso trabalho \u00e9 ajudar a estruturar essa caminhada, proteger esse talento e preparar o caminho para tudo o que ele ainda pode conquistar.\u201d<\/p>\n<!-- \/wp:paragraph -->\n\n<!-- wp:paragraph -->\n<p>Mesmo jovem, Ppeu demonstra maturidade e gratid\u00e3o ao falar sobre o momento que vive no clube onde sonha construir sua hist\u00f3ria.<\/p>\n<!-- \/wp:paragraph -->\n\n<!-- wp:image \"id\":22369,\"sizeSlug\":\"large\",\"linkDestination\":\"none\" -->\n<figure class=\"wp-block-image size-large\"><img decoding=\"async\" src=\"https:\/\/programacamarote.com.br\/wp-content\/uploads\/2026\/03\/c4ac71a5-3d43-4059-90bc-0b23c99ef6ba-768x1024.jpeg\" alt=\"\" class=\"wp-image-22369\" \/><\/figure>\n<!-- \/wp:image -->\n\n<!-- wp:paragraph -->\n<p>\u201cEu t\u00f4 muito feliz. \u00c9 muito massa ser Santos, \u00e9 Santos demais! Eu quero continuar treinando, jogando e dando meu melhor sempre.\u201d<\/p>\n<!-- \/wp:paragraph -->\n\n<!-- wp:paragraph -->\n<p>A renova\u00e7\u00e3o com o\u00a0<strong>Santos<\/strong>\u00a0fortalece o v\u00ednculo do jovem com o clube que revelou tantos talentos do futebol brasileiro e abre caminho para uma\u00a0<strong>temporada 2026 de muito aprendizado, evolu\u00e7\u00e3o e sonhos sendo constru\u00eddos<\/strong>.<\/p>\n<!-- \/wp:paragraph -->\n\n<!-- wp:paragraph -->\n<p>Entre treinos, estudos e muitas partidas pela frente,\u00a0<strong>Ppeu da Hora segue vivendo exatamente o que seu nome anuncia: o momento certo de quem nasceu para jogar bola.<\/strong><\/p>\n<!-- \/wp:paragraph -->\n\n<!-- wp:paragraph -->\n<p><strong>Sobre Ppeu da Hora<\/strong><strong>\n<\/strong>Ppeu da Hora, 12 anos, \u00e9 atleta das categorias de base do Santos Futebol Clube e vem se destacando por sua alegria em campo, habilidade e ess\u00eancia do futebol raiz. Em 2026, inicia uma nova fase em sua trajet\u00f3ria com a assinatura de seu quarto contrato com o clube e a estrutura\u00e7\u00e3o de sua equipe de gest\u00e3o de carreira e imagem.<\/p>\n<!-- \/wp:paragraph -->","protected":false},"excerpt":{"rendered":"<p>No futebol, \u00e0s vezes o nome parece anunciar o destino. No caso de\u00a0Ppeu da Hora, ele traduz com precis\u00e3o o momento vivido pelo jovem atleta. Com apenas\u00a012 anos, o Menino da Vila acaba de\u00a0assinar seu quarto contrato com o Santos Futebol Clube, iniciando oficialmente um novo cap\u00edtulo em sua trajet\u00f3ria para a\u00a0temporada 2026. O novo acordo refor\u00e7a a confian\u00e7a do clube no desenvolvimento do jogador, que vem chamando aten\u00e7\u00e3o por sua alegria dentro de campo e pela ess\u00eancia nata do futebol raiz. Al\u00e9m da renova\u00e7\u00e3o, Ppeu inicia uma nova fase fora das quatro linhas com o fortalecimento de sua equipe [\u2026]<\/p>\n","protected":false},"author":2,"featured_media":3681,"comment_status":"closed","ping_status":"open","sticky":false,"template":"","format":"standard","meta":{"footnotes":""},"categories":[65],"tags":[],"class_list":["post-3682","post","type-post","status-publish","format-standard","has-post-thumbnail","hentry","category-destaque"],"yoast_head":"<!-- This site is optimized with the Yoast SEO plugin v27.3 - https:\/\/yoast.com\/product\/yoast-seo-wordpress\/ -->\n<title>Conhe\u00e7a o Menino da Vila Ppeu da Hora: aos 12 anos, jovem renova seu 4\u00ba contrato com o Santos e inicia a temporada 2026 com nova estrutura de gest\u00e3o<\/title>\n<meta name=\"robots\" content=\"index, follow, max-snippet:-1, max-image-preview:large, max-video-preview:-1\" \/>\n<link rel=\"canonical\" href=\"https:\/\/portal135.com.br\/?p=3682\" \/>\n<meta property=\"og:locale\" content=\"pt_BR\" \/>\n<meta property=\"og:type\" content=\"article\" \/>\n<meta property=\"og:title\" content=\"Conhe\u00e7a o Menino da Vila Ppeu da Hora: aos 12 anos, jovem renova seu 4\u00ba contrato com o Santos e inicia a temporada 2026 com nova estrutura de gest\u00e3o\" \/>\n<meta property=\"og:description\" content=\"No futebol, \u00e0s vezes o nome parece anunciar o destino. No caso de\u00a0Ppeu da Hora, ele traduz com precis\u00e3o o momento vivido pelo jovem atleta. Com apenas\u00a012 anos, o Menino da Vila acaba de\u00a0assinar seu quarto contrato com o Santos Futebol Clube, iniciando oficialmente um novo cap\u00edtulo em sua trajet\u00f3ria para a\u00a0temporada 2026. O novo acordo refor\u00e7a a confian\u00e7a do clube no desenvolvimento do jogador, que vem chamando aten\u00e7\u00e3o por sua alegria dentro de campo e pela ess\u00eancia nata do futebol raiz. Al\u00e9m da renova\u00e7\u00e3o, Ppeu inicia uma nova fase fora das quatro linhas com o fortalecimento de sua equipe [\u2026]\" \/>\n<meta property=\"og:url\" content=\"https:\/\/portal135.com.br\/?p=3682\" \/>\n<meta property=\"og:site_name\" content=\"Portal 135\" \/>\n<meta property=\"article:published_time\" content=\"2026-03-12T15:27:26+00:00\" \/>\n<meta property=\"og:image\" content=\"https:\/\/portal135.com.br\/wp-content\/uploads\/2026\/03\/photo-output-26.jpeg\" \/>\n\t<meta property=\"og:image:width\" content=\"2016\" \/>\n\t<meta property=\"og:image:height\" content=\"1134\" \/>\n\t<meta property=\"og:image:type\" content=\"image\/jpeg\" \/>\n<meta name=\"author\" content=\"Matheus Mattuvo\" \/>\n<meta name=\"twitter:card\" content=\"summary_large_image\" \/>\n<meta name=\"twitter:label1\" content=\"Escrito por\" \/>\n\t<meta name=\"twitter:data1\" content=\"Matheus Mattuvo\" \/>\n\t<meta name=\"twitter:label2\" content=\"Est. tempo de leitura\" \/>\n\t<meta name=\"twitter:data2\" content=\"3 minutos\" \/>\n<script type=\"application\/ld+json\" class=\"yoast-schema-graph\">{\"@context\":\"https:\\\/\\\/schema.org\",\"@graph\":[{\"@type\":\"Article\",\"@id\":\"https:\\\/\\\/portal135.com.br\\\/?p=3682#article\",\"isPartOf\":{\"@id\":\"https:\\\/\\\/portal135.com.br\\\/?p=3682\"},\"author\":{\"name\":\"Matheus Mattuvo\",\"@id\":\"https:\\\/\\\/portal135.com.br\\\/#\\\/schema\\\/person\\\/c7ce183e9f1b4d0c52bb6dc385e7b175\"},\"headline\":\"Conhe\u00e7a o Menino da Vila Ppeu da Hora: aos 12 anos, jovem renova seu 4\u00ba contrato com o Santos e inicia a temporada 2026 com nova estrutura de gest\u00e3o\",\"datePublished\":\"2026-03-12T15:27:26+00:00\",\"mainEntityOfPage\":{\"@id\":\"https:\\\/\\\/portal135.com.br\\\/?p=3682\"},\"wordCount\":579,\"publisher\":{\"@id\":\"https:\\\/\\\/portal135.com.br\\\/#organization\"},\"image\":{\"@id\":\"https:\\\/\\\/portal135.com.br\\\/?p=3682#primaryimage\"},\"thumbnailUrl\":\"https:\\\/\\\/portal135.com.br\\\/wp-content\\\/uploads\\\/2026\\\/03\\\/photo-output-26.jpeg\",\"articleSection\":[\"Destaque\"],\"inLanguage\":\"pt-BR\"},{\"@type\":\"WebPage\",\"@id\":\"https:\\\/\\\/portal135.com.br\\\/?p=3682\",\"url\":\"https:\\\/\\\/portal135.com.br\\\/?p=3682\",\"name\":\"Conhe\u00e7a o Menino da Vila Ppeu da Hora: aos 12 anos, jovem renova seu 4\u00ba contrato com o Santos e inicia a temporada 2026 com nova estrutura de gest\u00e3o\",\"isPartOf\":{\"@id\":\"https:\\\/\\\/portal135.com.br\\\/#website\"},\"primaryImageOfPage\":{\"@id\":\"https:\\\/\\\/portal135.com.br\\\/?p=3682#primaryimage\"},\"image\":{\"@id\":\"https:\\\/\\\/portal135.com.br\\\/?p=3682#primaryimage\"},\"thumbnailUrl\":\"https:\\\/\\\/portal135.com.br\\\/wp-content\\\/uploads\\\/2026\\\/03\\\/photo-output-26.jpeg\",\"datePublished\":\"2026-03-12T15:27:26+00:00\",\"breadcrumb\":{\"@id\":\"https:\\\/\\\/portal135.com.br\\\/?p=3682#breadcrumb\"},\"inLanguage\":\"pt-BR\",\"potentialAction\":[{\"@type\":\"ReadAction\",\"target\":[\"https:\\\/\\\/portal135.com.br\\\/?p=3682\"]}]},{\"@type\":\"ImageObject\",\"inLanguage\":\"pt-BR\",\"@id\":\"https:\\\/\\\/portal135.com.br\\\/?p=3682#primaryimage\",\"url\":\"https:\\\/\\\/portal135.com.br\\\/wp-content\\\/uploads\\\/2026\\\/03\\\/photo-output-26.jpeg\",\"contentUrl\":\"https:\\\/\\\/portal135.com.br\\\/wp-content\\\/uploads\\\/2026\\\/03\\\/photo-output-26.jpeg\",\"width\":2016,\"height\":1134},{\"@type\":\"BreadcrumbList\",\"@id\":\"https:\\\/\\\/portal135.com.br\\\/?p=3682#breadcrumb\",\"itemListElement\":[{\"@type\":\"ListItem\",\"position\":1,\"name\":\"In\u00edcio\",\"item\":\"https:\\\/\\\/portal135.com.br\\\/\"},{\"@type\":\"ListItem\",\"position\":2,\"name\":\"Conhe\u00e7a o Menino da Vila Ppeu da Hora: aos 12 anos, jovem renova seu 4\u00ba contrato com o Santos e inicia a temporada 2026 com nova estrutura de gest\u00e3o\"}]},{\"@type\":\"WebSite\",\"@id\":\"https:\\\/\\\/portal135.com.br\\\/#website\",\"url\":\"https:\\\/\\\/portal135.com.br\\\/\",\"name\":\"Portal 135\",\"description\":\"Portal de Not\u00edcias\",\"publisher\":{\"@id\":\"https:\\\/\\\/portal135.com.br\\\/#organization\"},\"potentialAction\":[{\"@type\":\"SearchAction\",\"target\":{\"@type\":\"EntryPoint\",\"urlTemplate\":\"https:\\\/\\\/portal135.com.br\\\/?s={search_term_string}\"},\"query-input\":{\"@type\":\"PropertyValueSpecification\",\"valueRequired\":true,\"valueName\":\"search_term_string\"}}],\"inLanguage\":\"pt-BR\"},{\"@type\":\"Organization\",\"@id\":\"https:\\\/\\\/portal135.com.br\\\/#organization\",\"name\":\"Portal 135\",\"url\":\"https:\\\/\\\/portal135.com.br\\\/\",\"logo\":{\"@type\":\"ImageObject\",\"inLanguage\":\"pt-BR\",\"@id\":\"https:\\\/\\\/portal135.com.br\\\/#\\\/schema\\\/logo\\\/image\\\/\",\"url\":\"https:\\\/\\\/portal135.com.br\\\/wp-content\\\/uploads\\\/2024\\\/09\\\/1000030041-removebg-preview.png\",\"contentUrl\":\"https:\\\/\\\/portal135.com.br\\\/wp-content\\\/uploads\\\/2024\\\/09\\\/1000030041-removebg-preview.png\",\"width\":500,\"height\":500,\"caption\":\"Portal 135\"},\"image\":{\"@id\":\"https:\\\/\\\/portal135.com.br\\\/#\\\/schema\\\/logo\\\/image\\\/\"}},{\"@type\":\"Person\",\"@id\":\"https:\\\/\\\/portal135.com.br\\\/#\\\/schema\\\/person\\\/c7ce183e9f1b4d0c52bb6dc385e7b175\",\"name\":\"Matheus Mattuvo\",\"image\":{\"@type\":\"ImageObject\",\"inLanguage\":\"pt-BR\",\"@id\":\"https:\\\/\\\/secure.gravatar.com\\\/avatar\\\/160fd465491b28b353bd7049ac5a7f96a9766e4186ad78c29ac46f081d4aa7b5?s=96&d=mm&r=g\",\"url\":\"https:\\\/\\\/secure.gravatar.com\\\/avatar\\\/160fd465491b28b353bd7049ac5a7f96a9766e4186ad78c29ac46f081d4aa7b5?s=96&d=mm&r=g\",\"contentUrl\":\"https:\\\/\\\/secure.gravatar.com\\\/avatar\\\/160fd465491b28b353bd7049ac5a7f96a9766e4186ad78c29ac46f081d4aa7b5?s=96&d=mm&r=g\",\"caption\":\"Matheus Mattuvo\"},\"url\":\"https:\\\/\\\/portal135.com.br\\\/?author=2\"}]}<\/script>\n<!-- \/ Yoast SEO plugin. -->","yoast_head_json":{"title":"Conhe\u00e7a o Menino da Vila Ppeu da Hora: aos 12 anos, jovem renova seu 4\u00ba contrato com o Santos e inicia a temporada 2026 com nova estrutura de gest\u00e3o","robots":{"index":"index","follow":"follow","max-snippet":"max-snippet:-1","max-image-preview":"max-image-preview:large","max-video-preview":"max-video-preview:-1"},"canonical":"https:\/\/portal135.com.br\/?p=3682","og_locale":"pt_BR","og_type":"article","og_title":"Conhe\u00e7a o Menino da Vila Ppeu da Hora: aos 12 anos, jovem renova seu 4\u00ba contrato com o Santos e inicia a temporada 2026 com nova estrutura de gest\u00e3o","og_description":"No futebol, \u00e0s vezes o nome parece anunciar o destino. No caso de\u00a0Ppeu da Hora, ele traduz com precis\u00e3o o momento vivido pelo jovem atleta. Com apenas\u00a012 anos, o Menino da Vila acaba de\u00a0assinar seu quarto contrato com o Santos Futebol Clube, iniciando oficialmente um novo cap\u00edtulo em sua trajet\u00f3ria para a\u00a0temporada 2026. O novo acordo refor\u00e7a a confian\u00e7a do clube no desenvolvimento do jogador, que vem chamando aten\u00e7\u00e3o por sua alegria dentro de campo e pela ess\u00eancia nata do futebol raiz. Al\u00e9m da renova\u00e7\u00e3o, Ppeu inicia uma nova fase fora das quatro linhas com o fortalecimento de sua equipe [\u2026]","og_url":"https:\/\/portal135.com.br\/?p=3682","og_site_name":"Portal 135","article_published_time":"2026-03-12T15:27:26+00:00","og_image":[{"width":2016,"height":1134,"url":"https:\/\/portal135.com.br\/wp-content\/uploads\/2026\/03\/photo-output-26.jpeg","type":"image\/jpeg"}],"author":"Matheus Mattuvo","twitter_card":"summary_large_image","twitter_misc":{"Escrito por":"Matheus Mattuvo","Est. tempo de leitura":"3 minutos"},"schema":{"@context":"https:\/\/schema.org","@graph":[{"@type":"Article","@id":"https:\/\/portal135.com.br\/?p=3682#article","isPartOf":{"@id":"https:\/\/portal135.com.br\/?p=3682"},"author":{"name":"Matheus Mattuvo","@id":"https:\/\/portal135.com.br\/#\/schema\/person\/c7ce183e9f1b4d0c52bb6dc385e7b175"},"headline":"Conhe\u00e7a o Menino da Vila Ppeu da Hora: aos 12 anos, jovem renova seu 4\u00ba contrato com o Santos e inicia a temporada 2026 com nova estrutura de gest\u00e3o","datePublished":"2026-03-12T15:27:26+00:00","mainEntityOfPage":{"@id":"https:\/\/portal135.com.br\/?p=3682"},"wordCount":579,"publisher":{"@id":"https:\/\/portal135.com.br\/#organization"},"image":{"@id":"https:\/\/portal135.com.br\/?p=3682#primaryimage"},"thumbnailUrl":"https:\/\/portal135.com.br\/wp-content\/uploads\/2026\/03\/photo-output-26.jpeg","articleSection":["Destaque"],"inLanguage":"pt-BR"},{"@type":"WebPage","@id":"https:\/\/portal135.com.br\/?p=3682","url":"https:\/\/portal135.com.br\/?p=3682","name":"Conhe\u00e7a o Menino da Vila Ppeu da Hora: aos 12 anos, jovem renova seu 4\u00ba contrato com o Santos e inicia a temporada 2026 com nova estrutura de gest\u00e3o","isPartOf":{"@id":"https:\/\/portal135.com.br\/#website"},"primaryImageOfPage":{"@id":"https:\/\/portal135.com.br\/?p=3682#primaryimage"},"image":{"@id":"https:\/\/portal135.com.br\/?p=3682#primaryimage"},"thumbnailUrl":"https:\/\/portal135.com.br\/wp-content\/uploads\/2026\/03\/photo-output-26.jpeg","datePublished":"2026-03-12T15:27:26+00:00","breadcrumb":{"@id":"https:\/\/portal135.com.br\/?p=3682#breadcrumb"},"inLanguage":"pt-BR","potentialAction":[{"@type":"ReadAction","target":["https:\/\/portal135.com.br\/?p=3682"]}]},{"@type":"ImageObject","inLanguage":"pt-BR","@id":"https:\/\/portal135.com.br\/?p=3682#primaryimage","url":"https:\/\/portal135.com.br\/wp-content\/uploads\/2026\/03\/photo-output-26.jpeg","contentUrl":"https:\/\/portal135.com.br\/wp-content\/uploads\/2026\/03\/photo-output-26.jpeg","width":2016,"height":1134},{"@type":"BreadcrumbList","@id":"https:\/\/portal135.com.br\/?p=3682#breadcrumb","itemListElement":[{"@type":"ListItem","position":1,"name":"In\u00edcio","item":"https:\/\/portal135.com.br\/"},{"@type":"ListItem","position":2,"name":"Conhe\u00e7a o Menino da Vila Ppeu da Hora: aos 12 anos, jovem renova seu 4\u00ba contrato com o Santos e inicia a temporada 2026 com nova estrutura de gest\u00e3o"}]},{"@type":"WebSite","@id":"https:\/\/portal135.com.br\/#website","url":"https:\/\/portal135.com.br\/","name":"Portal 135","description":"Portal de Not\u00edcias","publisher":{"@id":"https:\/\/portal135.com.br\/#organization"},"potentialAction":[{"@type":"SearchAction","target":{"@type":"EntryPoint","urlTemplate":"https:\/\/portal135.com.br\/?s={search_term_string}"},"query-input":{"@type":"PropertyValueSpecification","valueRequired":true,"valueName":"search_term_string"}}],"inLanguage":"pt-BR"},{"@type":"Organization","@id":"https:\/\/portal135.com.br\/#organization","name":"Portal 135","url":"https:\/\/portal135.com.br\/","logo":{"@type":"ImageObject","inLanguage":"pt-BR","@id":"https:\/\/portal135.com.br\/#\/schema\/logo\/image\/","url":"https:\/\/portal135.com.br\/wp-content\/uploads\/2024\/09\/1000030041-removebg-preview.png","contentUrl":"https:\/\/portal135.com.br\/wp-content\/uploads\/2024\/09\/1000030041-removebg-preview.png","width":500,"height":500,"caption":"Portal 135"},"image":{"@id":"https:\/\/portal135.com.br\/#\/schema\/logo\/image\/"}},{"@type":"Person","@id":"https:\/\/portal135.com.br\/#\/schema\/person\/c7ce183e9f1b4d0c52bb6dc385e7b175","name":"Matheus Mattuvo","image":{"@type":"ImageObject","inLanguage":"pt-BR","@id":"https:\/\/secure.gravatar.com\/avatar\/160fd465491b28b353bd7049ac5a7f96a9766e4186ad78c29ac46f081d4aa7b5?s=96&d=mm&r=g","url":"https:\/\/secure.gravatar.com\/avatar\/160fd465491b28b353bd7049ac5a7f96a9766e4186ad78c29ac46f081d4aa7b5?s=96&d=mm&r=g","contentUrl":"https:\/\/secure.gravatar.com\/avatar\/160fd465491b28b353bd7049ac5a7f96a9766e4186ad78c29ac46f081d4aa7b5?s=96&d=mm&r=g","caption":"Matheus Mattuvo"},"url":"https:\/\/portal135.com.br\/?author=2"}]}},"_links":{"self":[{"href":"https:\/\/portal135.com.br\/index.php?rest_route=\/wp\/v2\/posts\/3682","targetHints":{"allow":["GET"]}}],"collection":[{"href":"https:\/\/portal135.com.br\/index.php?rest_route=\/wp\/v2\/posts"}],"about":[{"href":"https:\/\/portal135.com.br\/index.php?rest_route=\/wp\/v2\/types\/post"}],"author":[{"embeddable":true,"href":"https:\/\/portal135.com.br\/index.php?rest_route=\/wp\/v2\/users\/2"}],"replies":[{"embeddable":true,"href":"https:\/\/portal135.com.br\/index.php?rest_route=%2Fwp%2Fv2%2Fcomments&post=3682"}],"version-history":[{"count":1,"href":"https:\/\/portal135.com.br\/index.php?rest_route=\/wp\/v2\/posts\/3682\/revisions"}],"predecessor-version":[{"id":3683,"href":"https:\/\/portal135.com.br\/index.php?rest_route=\/wp\/v2\/posts\/3682\/revisions\/3683"}],"wp:featuredmedia":[{"embeddable":true,"href":"https:\/\/portal135.com.br\/index.php?rest_route=\/wp\/v2\/media\/3681"}],"wp:attachment":[{"href":"https:\/\/portal135.com.br\/index.php?rest_route=%2Fwp%2Fv2%2Fmedia&parent=3682"}],"wp:term":[{"taxonomy":"category","embeddable":true,"href":"https:\/\/portal135.com.br\/index.php?rest_route=%2Fwp%2Fv2%2Fcategories&post=3682"},{"taxonomy":"post_tag","embeddable":true,"href":"https:\/\/portal135.com.br\/index.php?rest_route=%2Fwp%2Fv2%2Ftags&post=3682"}],"curies":[{"name":"wp","href":"https:\/\/api.w.org\/{rel}","templated":true}]}}