{"id":35812,"date":"2026-09-01T13:00:53","date_gmt":"2026-09-01T13:00:53","guid":{"rendered":"https:\/\/portal135.com.br\/?p=35812"},"modified":"2026-09-01T13:00:53","modified_gmt":"2026-09-01T13:00:53","slug":"lfa-241-anuncia-card-completo-com-forte-presenca-de-atletas-de-belo-horizonte","status":"publish","type":"post","link":"https:\/\/portal135.com.br\/?p=35812","title":{"rendered":"LFA 241 anuncia card completo com forte presen\u00e7a de atletas de Belo Horizonte"},"content":{"rendered":"\n<p class=\"wp-block-paragraph\"><strong>Divulga\u00e7\u00e3o LFA Brasil.<\/strong><\/p>\n\n\n\n<p class=\"wp-block-paragraph\"><strong><em>Estreia da organiza\u00e7\u00e3o em Minas Gerais ser\u00e1 no Mineirinho, com disputa de cintur\u00e3o mundial entre Rafael Pereira e Vinicius Pires<\/em><\/strong><\/p>\n\n\n\n<p class=\"wp-block-paragraph\">O LFA anunciou o card completo de sua estreia em Minas Gerais, marcada para 11 de setembro, no Mineirinho, em Belo Horizonte. A edi\u00e7\u00e3o, apresentada pelo Monster Energy, ter\u00e1 15 lutas, dez atletas mineiros e ser\u00e1 liderada pelo confronto entre Rafael Pereira e Vinicius Pires pelo cintur\u00e3o mundial vago dos pesos-galos.<\/p>\n\n\n\n<p class=\"wp-block-paragraph\"><img decoding=\"async\" src=\"https:\/\/ci3.googleusercontent.com\/meips\/ADKq_NYAY8UkF1otAnwyHZDdIpJVkcK5SesHqg_7R1cV6JVNFQ81aA4qCko3mnxiVLTUBT8pOfp1afG6KSaJSRk-oVc6JaL8WhCgeyOOCgCWdJ9Ylqqb28k5DgLYXUqei0OfB7sm7xCB8PygqjBPND3i6dDbdVR8cwB69HYt2_LGEkoieFHpImEfeLXhe_VVMi2NBtJH0ysIoFCCKGAqGWV9=s0-d-e1-ft#https:\/\/files.pressmanager.net\/clientes\/67dd844a69e08263976a65f343f9b4e0\/imagens\/2026\/08\/18\/912d9b6310ce45fe8faa9abbacc5ab6a_medium.jpg\" alt=\"\" width=\"300\">A presen\u00e7a local se espalha por diferentes posi\u00e7\u00f5es do evento. Seis atletas que vivem em Belo Horizonte foram escalados. Carlos Soares enfrenta o paraguaio Gustavo Pintos na segunda luta mais importante da noite, pela divis\u00e3o dos penas, e Gustavo Rocha encara Felipe Rosa pelos m\u00e9dios.<\/p>\n\n\n\n<p class=\"wp-block-paragraph\">Nas preliminares, Emerson Richard mede for\u00e7as com Salom\u00e3o Albuquerque pelos meio-m\u00e9dios, enquanto Adam Santos e Jo\u00e3o Vitor Pereira fazem um duelo entre atletas da capital pelos galos. Laryssa Leila completa o grupo diante de Fernanda At\u00f4mica, pela divis\u00e3o dos palhas.<\/p>\n\n\n\n<p class=\"wp-block-paragraph\">Outros quatro mineiros escalados atualmente vivem fora de Belo Horizonte. Rafael Pereira treina em Curitiba, Neemias Santana em Montes Claros, Lucas Hodak em Uberl\u00e2ndia e Thalyta Silva em S\u00e3o Paulo. Neemias enfrenta Marcos Silva pelos m\u00e9dios, Thalyta encara M\u00f4nica Fontes pelos galos e Hodak luta contra Lucas Silva pelos meio-m\u00e9dios.<\/p>\n\n\n\n<p class=\"wp-block-paragraph\">A escolha de tantos nomes ligados ao estado amplia a exposi\u00e7\u00e3o do MMA mineiro em uma organiza\u00e7\u00e3o que atua como liga de desenvolvimento e serve de caminho para atletas chegarem ao UFC. Para Rafael Feij\u00e3o, vice-presidente do LFA na Am\u00e9rica do Sul, a recep\u00e7\u00e3o encontrada em Belo Horizonte e o n\u00edvel dos lutadores locais aumentam a expectativa para a edi\u00e7\u00e3o.<\/p>\n\n\n\n<p class=\"wp-block-paragraph\">\u201cDesde que anunciamos a chegada do LFA, Belo Horizonte nos recebeu com a hospitalidade que \u00e9 uma marca de Minas Gerais. O estado tem um MMA de alto n\u00edvel, com muitos atletas preparados e uma hist\u00f3ria importante nos esportes de combate. Poder realizar esse evento no Mineirinho, um gin\u00e1sio t\u00e3o tradicional, aumenta ainda mais a nossa expectativa. Estamos trabalhando para fazer uma das maiores edi\u00e7\u00f5es do LFA j\u00e1 realizadas no Brasil e proporcionar uma grande noite para o p\u00fablico mineiro\u201d, afirmou Feij\u00e3o.<\/p>\n\n\n\n<p class=\"wp-block-paragraph\">Na luta principal, Rafael Pereira chega com uma sequ\u00eancia de cinco vit\u00f3rias no LFA e sem perder desde 2018. Natural de Sete Lagoas, o peso-galo soma 15 triunfos e quatro derrotas na carreira. Vinicius Pires tem 12 vit\u00f3rias, duas derrotas e um no contest e far\u00e1 sua segunda tentativa de conquistar o t\u00edtulo da organiza\u00e7\u00e3o.<\/p>\n\n\n\n<p class=\"wp-block-paragraph\">Pires disputou o cintur\u00e3o em novembro do ano passado, quando foi superado por decis\u00e3o un\u00e2nime pelo cazaque Artem Belakh. O t\u00edtulo voltou a ficar dispon\u00edvel depois que Belakh abriu m\u00e3o do posto para participar da temporada de 2026 do The Ultimate Fighter.<\/p>\n\n\n\n<p class=\"wp-block-paragraph\">O restante do card principal ter\u00e1 Marina Monteiro contra Raiane Vinuto, pela divis\u00e3o dos palhas, e Julio Assun\u00e7\u00e3o diante de Eduardo Dutra, pelos penas. As preliminares tamb\u00e9m incluem Igor Taylon contra Giovanni Garcia, Marcos Santos Silva diante de Victor Santos, Fabio Perp\u00e9tua contra Breno Yuri e Jackson Soares diante de Nicolas Santos.<\/p>\n\n\n\n<p class=\"wp-block-paragraph\">Os port\u00f5es ser\u00e3o abertos \u00e0s 16h30 e as preliminares come\u00e7am \u00e0s 17h. O card principal est\u00e1 previsto para as 21h, com transmiss\u00e3o da ESPN 4, enquanto parte das primeiras lutas ser\u00e1 exibida pelo LFA Fight Network, no YouTube. A arquibancada ter\u00e1 entrada gratuita mediante a entrega de 1 kg de alimento n\u00e3o perec\u00edvel por pessoa na bilheteria. Garanta sua entrada em&nbsp;<a href=\"https:\/\/www.sympla.com.br\/evento\/lfa-241\/3542052\" target=\"_blank\" rel=\"noopener\">https:\/\/www.sympla.com.br\/<wbr>evento\/lfa-241\/3542052<\/a>. O acesso estar\u00e1 sujeito \u00e0 lota\u00e7\u00e3o do Mineirinho.<\/p>\n\n\n\n<p class=\"wp-block-paragraph\"><strong>Card completo:<\/strong><\/p>\n\n\n\n<p class=\"wp-block-paragraph\"><strong>LFA 241<\/strong><\/p>\n\n\n\n<p class=\"wp-block-paragraph\"><strong>Gin\u00e1sio do Mineirinho, Belo Horizonte (MG)<\/strong><\/p>\n\n\n\n<p class=\"wp-block-paragraph\"><strong>11 de setembro de 2026<\/strong><\/p>\n\n\n\n<p class=\"wp-block-paragraph\"><strong>Card principal<\/strong><\/p>\n\n\n\n<p class=\"wp-block-paragraph\">61 kg: Rafael Pereira x Vinicius Pires &#8211; Cintur\u00e3o Mundial<\/p>\n\n\n\n<p class=\"wp-block-paragraph\">66 kg: Gustavo Pintos x Carlos Soares<\/p>\n\n\n\n<p class=\"wp-block-paragraph\">84 kg: Marcos Silva x Neemias Santana<\/p>\n\n\n\n<p class=\"wp-block-paragraph\">84 kg: Felipe Rosa x Gustavo Rocha<\/p>\n\n\n\n<p class=\"wp-block-paragraph\">52 kg: Marina Monteiro x Raiane Vinuto<\/p>\n\n\n\n<p class=\"wp-block-paragraph\">66 kg: Julio Assun\u00e7\u00e3o x Eduardo Dutra<\/p>\n\n\n\n<p class=\"wp-block-paragraph\"><strong>Card preliminar<\/strong><\/p>\n\n\n\n<p class=\"wp-block-paragraph\">61 kg: Igor Taylon x Giovanni Garcia<\/p>\n\n\n\n<p class=\"wp-block-paragraph\">61 kg: M\u00f4nica Fontes x Thalyta Silva<\/p>\n\n\n\n<p class=\"wp-block-paragraph\">70 kg: Marcos Santos Silva x Victor Santos<\/p>\n\n\n\n<p class=\"wp-block-paragraph\">77 kg: Salom\u00e3o Albuquerque x Emerson Richard<\/p>\n\n\n\n<p class=\"wp-block-paragraph\">61 kg: Fabio Perpetua x Breno Yuri<\/p>\n\n\n\n<p class=\"wp-block-paragraph\">77 kg: Lucas Hodak x Lucas Silva<\/p>\n\n\n\n<p class=\"wp-block-paragraph\">61 kg: Adam Santos x Jo\u00e3o Vitor Pereira<\/p>\n\n\n\n<p class=\"wp-block-paragraph\">93 kg: Jackson Soares x Nicolas Santos<\/p>\n\n\n\n<p class=\"wp-block-paragraph\">52 kg: Fernanda At\u00f4mica x Laryssa Leila<\/p>\n\n\n\n<p class=\"wp-block-paragraph\"><strong>O p\u00fablico pode acompanhar as novidades sobre o LFA no YouTube, nas redes sociais oficiais e no site oficial:<\/strong><\/p>\n\n\n\n<p class=\"wp-block-paragraph\">Instagram:&nbsp;&nbsp;<a href=\"https:\/\/www.instagram.com\/lfa_brasil\/\" target=\"_blank\" rel=\"noopener\">https:\/\/www.instagram.com\/lfa_<wbr>brasil\/<\/a><\/p>\n\n\n\n<p class=\"wp-block-paragraph\">Facebook:&nbsp;<a href=\"https:\/\/www.facebook.com\/LFABrasil\" target=\"_blank\" rel=\"noopener\">https:\/\/www.facebook.com\/<wbr>LFABrasil<\/a><\/p>\n\n\n\n<p class=\"wp-block-paragraph\">TikTok:&nbsp;<a href=\"https:\/\/www.tiktok.com\/tag\/lfabrasil\" target=\"_blank\" rel=\"noopener\">https:\/\/www.tiktok.com\/tag\/<wbr>lfabrasil<\/a><\/p>\n\n\n\n<p class=\"wp-block-paragraph\">Youtube:&nbsp;<a href=\"https:\/\/www.youtube.com\/@lfafights\" target=\"_blank\" rel=\"noopener\">https:\/\/www.youtube.com\/@<wbr>lfafights<\/a><\/p>\n\n\n\n<p class=\"wp-block-paragraph\">X:&nbsp;<a href=\"https:\/\/x.com\/LFAfighting\" target=\"_blank\" rel=\"noopener\">https:\/\/x.com\/LFAfighting<\/a><\/p>\n\n\n\n<p class=\"wp-block-paragraph\">Site: LFABrasil.com.<\/p>\n\n\n\n<p class=\"wp-block-paragraph\"><strong>Servi\u00e7o<\/strong><\/p>\n\n\n\n<ul class=\"wp-block-list\">\n<li>Evento:\u00a0LFA\u00a0241 em BH<\/li>\n\n\n\n<li>Data: 11 de setembro (sexta-feira)<\/li>\n\n\n\n<li>Local: Gin\u00e1sio Mineirinho, Belo Horizonte (MG)<\/li>\n\n\n\n<li>Hor\u00e1rio: port\u00f5es \u00e0s 16h30; primeira luta \u00e0s 17h; card principal \u00e0s 21h<\/li>\n\n\n\n<li>Ingressos: ingresso solid\u00e1rio (gratuito mediante doa\u00e7\u00e3o de 1 kg de alimento n\u00e3o perec\u00edvel), retirada antecipada pelo Sympla; acesso sujeito \u00e0 lota\u00e7\u00e3o do Mineirinho<\/li>\n<\/ul>\n","protected":false},"excerpt":{"rendered":"<p>Divulga\u00e7\u00e3o LFA Brasil. Estreia da organiza\u00e7\u00e3o em Minas Gerais ser\u00e1 no Mineirinho, com disputa de cintur\u00e3o mundial entre Rafael Pereira e Vinicius\u2026<\/p>\n","protected":false},"author":5,"featured_media":35813,"comment_status":"open","ping_status":"open","sticky":false,"template":"","format":"standard","meta":{"footnotes":""},"categories":[1],"tags":[],"class_list":["post-35812","post","type-post","status-publish","format-standard","has-post-thumbnail","hentry","category-sem-categoria"],"_links":{"self":[{"href":"https:\/\/portal135.com.br\/index.php?rest_route=\/wp\/v2\/posts\/35812","targetHints":{"allow":["GET"]}}],"collection":[{"href":"https:\/\/portal135.com.br\/index.php?rest_route=\/wp\/v2\/posts"}],"about":[{"href":"https:\/\/portal135.com.br\/index.php?rest_route=\/wp\/v2\/types\/post"}],"author":[{"embeddable":true,"href":"https:\/\/portal135.com.br\/index.php?rest_route=\/wp\/v2\/users\/5"}],"replies":[{"embeddable":true,"href":"https:\/\/portal135.com.br\/index.php?rest_route=%2Fwp%2Fv2%2Fcomments&post=35812"}],"version-history":[{"count":1,"href":"https:\/\/portal135.com.br\/index.php?rest_route=\/wp\/v2\/posts\/35812\/revisions"}],"predecessor-version":[{"id":35814,"href":"https:\/\/portal135.com.br\/index.php?rest_route=\/wp\/v2\/posts\/35812\/revisions\/35814"}],"wp:featuredmedia":[{"embeddable":true,"href":"https:\/\/portal135.com.br\/index.php?rest_route=\/wp\/v2\/media\/35813"}],"wp:attachment":[{"href":"https:\/\/portal135.com.br\/index.php?rest_route=%2Fwp%2Fv2%2Fmedia&parent=35812"}],"wp:term":[{"taxonomy":"category","embeddable":true,"href":"https:\/\/portal135.com.br\/index.php?rest_route=%2Fwp%2Fv2%2Fcategories&post=35812"},{"taxonomy":"post_tag","embeddable":true,"href":"https:\/\/portal135.com.br\/index.php?rest_route=%2Fwp%2Fv2%2Ftags&post=35812"}],"curies":[{"name":"wp","href":"https:\/\/api.w.org\/{rel}","templated":true}]}}