{"id":35806,"date":"2026-08-31T22:09:03","date_gmt":"2026-08-31T22:09:03","guid":{"rendered":"https:\/\/portal135.com.br\/?p=35806"},"modified":"2026-08-31T22:09:03","modified_gmt":"2026-08-31T22:09:03","slug":"luan-pereira-faz-retorno-triunfal-a-barretos-com-mega-show-no-palco-amanhecer","status":"publish","type":"post","link":"https:\/\/portal135.com.br\/?p=35806","title":{"rendered":"Luan Pereira faz retorno triunfal a Barretos com mega show no Palco Amanhecer"},"content":{"rendered":"<\/p>\n<p><\/p>\n<p><em>Cantor reuniu sucessos, intera\u00e7\u00e3o e participa\u00e7\u00e3o de Jennifer &amp; Stephany no pen\u00faltimo dia da 71\u00ba Festa do Pe\u00e3o<\/em><\/p>\n<p><em><img loading=\"lazy\" decoding=\"async\" src=\"https:\/\/ci3.googleusercontent.com\/meips\/ADKq_NY2bbFtNPTRwwYwmQOu-RpE1CLWI3vpKI-FOPTCvsqrophkSmg-Oz1LjYsgeFvPIh9xXjmUP33hAbOrU9s8gPkNaKJFVilj0IEbLK4fyJRmwYn05K-nAf8gnXSelueyxrV-FHW0Wn4Z7YhuEQUq-e0xa16kZNIGcUm4Jtjm-uIVCsqk3yAFd_hLP_gEFflAjA5x_nXqYh9UtxorfYvegB6JEkoPKYCBJvEiHfoAQDI=s0-d-e1-ft#https:\/\/s3.us-east-1.wasabisys.com\/wasabi.cse360.com.br\/email-editor-files\/eceaed77-dbad-44a2-592c-08ddf7819d92\/57cb13b5-9bac-4cf2-8b18-3b71235061bf.jpg\" height=\"424\" width=\"283\" class=\"aligncenter\" style=\"display:block!important;max-width:100%!important;height:auto!important;margin-left:auto!important;margin-right:auto!important;float:none!important;clear:both!important\"><\/em><\/p>\n<p><em>Foto: @<\/em><a href=\"https:\/\/click.knewin360.com\/Click\/click\/eyJhbGciOiJIUzI1NiIsInR5cCI6IkpXVCJ9.eyJjYW1wYWlnbklkIjoiOTBiMmFhY2MtZDI1MS00MWQ2LWMwMDUtMDhkZWU5OGViYzNjIiwicGVyc29uSWQiOiI0NDBlNjY1Mi05NjJkLTRkYzktYTJjYi03NDhjZjA5MjE1ZDAiLCJlbWFpbCI6InByb2dyYW1hY2FtYXJvdGVAZ21haWwuY29tIiwidXJsIjoiaHR0cHM6Ly93d3cuaW5zdGFncmFtLmNvbS9qdW5pbmhvbG9vcD9pZ3NpPU1YTm9hV1p3Y0dkbk0yazRkQSUzRCUzRCMiLCJpc1NlZ21lbnRhdGlvbiI6IkZhbHNlIiwibmJmIjoxNzg4MTc5MjU4LCJleHAiOjE3OTA3NzEyNTgsImlhdCI6MTc4ODE3OTI1OH0.E4PoUZ3Bq5eorZEkN8vjIfowijVtcr3P73WCIbe9WvI\" rel=\"noopener noreferrer\" target=\"_blank\"><em>juninholoop (Mais fotos\u00a0<\/em><\/a><a href=\"https:\/\/click.knewin360.com\/Click\/click\/eyJhbGciOiJIUzI1NiIsInR5cCI6IkpXVCJ9.eyJjYW1wYWlnbklkIjoiOTBiMmFhY2MtZDI1MS00MWQ2LWMwMDUtMDhkZWU5OGViYzNjIiwicGVyc29uSWQiOiI0NDBlNjY1Mi05NjJkLTRkYzktYTJjYi03NDhjZjA5MjE1ZDAiLCJlbWFpbCI6InByb2dyYW1hY2FtYXJvdGVAZ21haWwuY29tIiwidXJsIjoiaHR0cHM6Ly9kcml2ZS5nb29nbGUuY29tL2RyaXZlL2ZvbGRlcnMvMWh3aFM3QjFVcnltc0ZxenNmbTlrM0ZkQ3kxVXFLd3JPP3VzcD1zaGFyaW5nIiwiaXNTZWdtZW50YXRpb24iOiJGYWxzZSIsIm5iZiI6MTc4ODE3OTI1OCwiZXhwIjoxNzkwNzcxMjU4LCJpYXQiOjE3ODgxNzkyNTh9.1iAsqRL_gS87L0-r2_O8IhucWujqWRePL33reAiT6tQ\" rel=\"noopener noreferrer\" target=\"_blank\"><em>aqui<\/em><\/a><a href=\"https:\/\/click.knewin360.com\/Click\/click\/eyJhbGciOiJIUzI1NiIsInR5cCI6IkpXVCJ9.eyJjYW1wYWlnbklkIjoiOTBiMmFhY2MtZDI1MS00MWQ2LWMwMDUtMDhkZWU5OGViYzNjIiwicGVyc29uSWQiOiI0NDBlNjY1Mi05NjJkLTRkYzktYTJjYi03NDhjZjA5MjE1ZDAiLCJlbWFpbCI6InByb2dyYW1hY2FtYXJvdGVAZ21haWwuY29tIiwidXJsIjoiaHR0cHM6Ly93d3cuaW5zdGFncmFtLmNvbS9qdW5pbmhvbG9vcD9pZ3NpPU1YTm9hV1p3Y0dkbk0yazRkQSUzRCUzRCMiLCJpc1NlZ21lbnRhdGlvbiI6IkZhbHNlIiwibmJmIjoxNzg4MTc5MjU4LCJleHAiOjE3OTA3NzEyNTgsImlhdCI6MTc4ODE3OTI1OH0.E4PoUZ3Bq5eorZEkN8vjIfowijVtcr3P73WCIbe9WvI\" rel=\"noopener noreferrer\" target=\"_blank\"><em>!)<\/em><\/a><\/p>\n<p><a href=\"https:\/\/click.knewin360.com\/Click\/click\/eyJhbGciOiJIUzI1NiIsInR5cCI6IkpXVCJ9.eyJjYW1wYWlnbklkIjoiOTBiMmFhY2MtZDI1MS00MWQ2LWMwMDUtMDhkZWU5OGViYzNjIiwicGVyc29uSWQiOiI0NDBlNjY1Mi05NjJkLTRkYzktYTJjYi03NDhjZjA5MjE1ZDAiLCJlbWFpbCI6InByb2dyYW1hY2FtYXJvdGVAZ21haWwuY29tIiwidXJsIjoiaHR0cHM6Ly9kcml2ZS5nb29nbGUuY29tL2RyaXZlL2ZvbGRlcnMvMXZLaHZxNDBFUFZWTFBxLThHU1o1ZC0td1NiSldYS1o3P3VzcD1zaGFyaW5nIiwiaXNTZWdtZW50YXRpb24iOiJGYWxzZSIsIm5iZiI6MTc4ODE3OTI1OCwiZXhwIjoxNzkwNzcxMjU4LCJpYXQiOjE3ODgxNzkyNTh9.sTFGPxzUueOC9WDIlR1p5EazAn01jOkDsLKSLr38UlM\" rel=\"noopener noreferrer\" target=\"_blank\"><em>V\u00eddeos aqui!<\/em><\/a><\/p>\n<p><span>O\u00a0<\/span><strong>Palco Amanhecer<\/strong><span>\u00a0ganhou um dos seus momentos de maior energia neste s\u00e1bado, 29, com o show de\u00a0<\/span><strong>Luan Pereira<\/strong><span>\u00a0na\u00a0<\/span><strong>71\u00aa Festa do Pe\u00e3o de Barretos<\/strong><span>, em uma das noites mais disputadas da programa\u00e7\u00e3o.\u00a0<\/span><span>A apresenta\u00e7\u00e3o reuniu elementos que se tornaram marcas de Luan Pereira, como o repert\u00f3rio de forte identifica\u00e7\u00e3o com o p\u00fablico, a intera\u00e7\u00e3o constante e a mistura entre sertanejo e agronejo que ajudou a projetar o cantor nacionalmente.\u00a0<\/span><\/p>\n<p><\/p>\n<p><span>No setlist, estiveram sucessos como\u00a0<\/span><strong>\u201cEla Pirou na Dodge Ram\u201d, \u201cSenta pro Country\u201d e \u201cMoletom\u201d,<\/strong><span>\u00a0com direito at\u00e9 da participa\u00e7\u00e3o da sua noiva Victoria Miranda no palco, al\u00e9m de<\/span><strong>\u00a0\u201cHILLUX X DODGE RAM\u201d<\/strong><span>, seu mais recente lan\u00e7amento em parceria com DJ Kayo. A faixa alcan\u00e7ou o TOP 1 de \u00e1udios virais do Instagram ap\u00f3s a repercuss\u00e3o no evento, com cerca de 12 mil v\u00eddeos da coreografia em poucos dias.<\/span><\/p>\n<p><\/p>\n<p><img loading=\"lazy\" decoding=\"async\" src=\"https:\/\/ci3.googleusercontent.com\/meips\/ADKq_NYtGJNj62uN6zr_QwzzLldyk9TXR025BVTzzam1c3kkJKTI-7ylHtiv9oUT9hoUj-oAFLjC7RBH54SE_FOKTasewm1YL6V--ExNR2vVgWbR5z4EDTPLK2ndKUdEdeBQgPXosaZ7l2zQj0hGiX4rDudk_14O4p9tdOAz4kHl_sXH5BWqg8tm65Y6vxKDGdvZhi7SDSG2PSafBq25vL41m0D_HmaonfHFzzdr37fjzZ8=s0-d-e1-ft#https:\/\/s3.us-east-1.wasabisys.com\/wasabi.cse360.com.br\/email-editor-files\/eceaed77-dbad-44a2-592c-08ddf7819d92\/1bd84e3f-9542-44dc-97b3-fcbe55de244e.jpg\" height=\"428\" width=\"285\" class=\"aligncenter\" style=\"display:block!important;max-width:100%!important;height:auto!important;margin-left:auto!important;margin-right:auto!important;float:none!important;clear:both!important\"><\/p>\n<p><em>Foto: @<\/em><a href=\"https:\/\/click.knewin360.com\/Click\/click\/eyJhbGciOiJIUzI1NiIsInR5cCI6IkpXVCJ9.eyJjYW1wYWlnbklkIjoiOTBiMmFhY2MtZDI1MS00MWQ2LWMwMDUtMDhkZWU5OGViYzNjIiwicGVyc29uSWQiOiI0NDBlNjY1Mi05NjJkLTRkYzktYTJjYi03NDhjZjA5MjE1ZDAiLCJlbWFpbCI6InByb2dyYW1hY2FtYXJvdGVAZ21haWwuY29tIiwidXJsIjoiaHR0cHM6Ly93d3cuaW5zdGFncmFtLmNvbS9qdW5pbmhvbG9vcD9pZ3NpPU1YTm9hV1p3Y0dkbk0yazRkQSUzRCUzRCMiLCJpc1NlZ21lbnRhdGlvbiI6IkZhbHNlIiwibmJmIjoxNzg4MTc5MjU4LCJleHAiOjE3OTA3NzEyNTgsImlhdCI6MTc4ODE3OTI1OH0.E4PoUZ3Bq5eorZEkN8vjIfowijVtcr3P73WCIbe9WvI\" rel=\"noopener noreferrer\" target=\"_blank\"><em>juninholoop (Mais fotos\u00a0<\/em><\/a><a href=\"https:\/\/click.knewin360.com\/Click\/click\/eyJhbGciOiJIUzI1NiIsInR5cCI6IkpXVCJ9.eyJjYW1wYWlnbklkIjoiOTBiMmFhY2MtZDI1MS00MWQ2LWMwMDUtMDhkZWU5OGViYzNjIiwicGVyc29uSWQiOiI0NDBlNjY1Mi05NjJkLTRkYzktYTJjYi03NDhjZjA5MjE1ZDAiLCJlbWFpbCI6InByb2dyYW1hY2FtYXJvdGVAZ21haWwuY29tIiwidXJsIjoiaHR0cHM6Ly9kcml2ZS5nb29nbGUuY29tL2RyaXZlL2ZvbGRlcnMvMUF6emdQQ3VQRDNGLUtrdHpYMzRzOThEWUVuVUVnZVMxP3VzcD1zaGFyaW5nIiwiaXNTZWdtZW50YXRpb24iOiJGYWxzZSIsIm5iZiI6MTc4ODE3OTI1OCwiZXhwIjoxNzkwNzcxMjU4LCJpYXQiOjE3ODgxNzkyNTh9.0DB5oas4VDqtRN0HsPl5Mvv78d911AXEQJFMgSK10jk\" rel=\"noopener noreferrer\" target=\"_blank\"><em>aqui<\/em><\/a><a href=\"https:\/\/click.knewin360.com\/Click\/click\/eyJhbGciOiJIUzI1NiIsInR5cCI6IkpXVCJ9.eyJjYW1wYWlnbklkIjoiOTBiMmFhY2MtZDI1MS00MWQ2LWMwMDUtMDhkZWU5OGViYzNjIiwicGVyc29uSWQiOiI0NDBlNjY1Mi05NjJkLTRkYzktYTJjYi03NDhjZjA5MjE1ZDAiLCJlbWFpbCI6InByb2dyYW1hY2FtYXJvdGVAZ21haWwuY29tIiwidXJsIjoiaHR0cHM6Ly93d3cuaW5zdGFncmFtLmNvbS9qdW5pbmhvbG9vcD9pZ3NpPU1YTm9hV1p3Y0dkbk0yazRkQSUzRCUzRCMiLCJpc1NlZ21lbnRhdGlvbiI6IkZhbHNlIiwibmJmIjoxNzg4MTc5MjU4LCJleHAiOjE3OTA3NzEyNTgsImlhdCI6MTc4ODE3OTI1OH0.E4PoUZ3Bq5eorZEkN8vjIfowijVtcr3P73WCIbe9WvI\" rel=\"noopener noreferrer\" target=\"_blank\"><em>!)<\/em><\/a><\/p>\n<p><\/p>\n<p><span>Para a ocasi\u00e3o, o cantor escolheu um look inspirado nos toureiros, avaliado em R$ 45 mil. Criado e produzido pelo stylist Jhow Frias, o visual representou supera\u00e7\u00e3o e recome\u00e7o: o azul-marinho simbolizou a noite, as estrelas fizeram refer\u00eancia \u00e0 luz durante a escurid\u00e3o e a dormideira em prata traduziu a capacidade de se recolher e voltar a florescer.<\/span><\/p>\n<p><\/p>\n<p><span>Durante o show,\u00a0<\/span><strong>Jennifer &amp; Stephany<\/strong><span>\u00a0entraram em cena para apresentar dois grandes hits da dupla: \u201cOs Rodeio Voltou\u201d e \u201cT\u00f4 na Moda\u201d, parceria com o CountryBeat. As faixas v\u00eam ganhando for\u00e7a nas redes sociais, com refr\u00f5es, batidas e dancinhas que conquistaram o p\u00fablico, e, juntas, j\u00e1 ultrapassam 40 milh\u00f5es de streams no Spotify.<\/span><\/p>\n<p><\/p>\n<p><span>A dupla integra o casting da\u00a0<\/span><strong>LP Produ\u00e7\u00f5es<\/strong><span>, empresa da qual Luan \u00e9 s\u00f3cio e que representa uma nova frente de sua trajet\u00f3ria, agora tamb\u00e9m voltada \u00e0 descoberta e ao desenvolvimento de novos talentos do sertanejo.<\/span><\/p>\n<p><\/p>\n<p><span><img loading=\"lazy\" decoding=\"async\" src=\"https:\/\/ci3.googleusercontent.com\/meips\/ADKq_NbuypOFucy1RGFz3qt2bHgzeb6-QU5iKNPRW-PtQlNwc6i_Ks77h5X9gxVuST05ovBaukUc7nGWlgaA14vDtsxo_zFV4ri204xHBfytswlnLcHd3-jiTlZqYvMBFQj0Mo78reDvSNDqxibivAx51_KZkoay6Mi27alzlrm6Z91E20uSPEgpDkoTpouPFOMuCkTem3xSNeJ8wl7mav4EmerOFMy_1Q_F9RrOun43u_0=s0-d-e1-ft#https:\/\/s3.us-east-1.wasabisys.com\/wasabi.cse360.com.br\/email-editor-files\/eceaed77-dbad-44a2-592c-08ddf7819d92\/b8ed8785-628d-4a0f-8b49-b5aebdc6be8c.jpg\" height=\"320\" width=\"478\" class=\"aligncenter\" style=\"display:block!important;max-width:100%!important;height:auto!important;margin-left:auto!important;margin-right:auto!important;float:none!important;clear:both!important\"><\/span><\/p>\n<p><em>Foto: @<\/em><a href=\"https:\/\/click.knewin360.com\/Click\/click\/eyJhbGciOiJIUzI1NiIsInR5cCI6IkpXVCJ9.eyJjYW1wYWlnbklkIjoiOTBiMmFhY2MtZDI1MS00MWQ2LWMwMDUtMDhkZWU5OGViYzNjIiwicGVyc29uSWQiOiI0NDBlNjY1Mi05NjJkLTRkYzktYTJjYi03NDhjZjA5MjE1ZDAiLCJlbWFpbCI6InByb2dyYW1hY2FtYXJvdGVAZ21haWwuY29tIiwidXJsIjoiaHR0cHM6Ly93d3cuaW5zdGFncmFtLmNvbS9qdW5pbmhvbG9vcD9pZ3NpPU1YTm9hV1p3Y0dkbk0yazRkQSUzRCUzRCMiLCJpc1NlZ21lbnRhdGlvbiI6IkZhbHNlIiwibmJmIjoxNzg4MTc5MjU4LCJleHAiOjE3OTA3NzEyNTgsImlhdCI6MTc4ODE3OTI1OH0.E4PoUZ3Bq5eorZEkN8vjIfowijVtcr3P73WCIbe9WvI\" rel=\"noopener noreferrer\" target=\"_blank\"><em>juninholoop (Mais fotos\u00a0<\/em><\/a><a href=\"https:\/\/click.knewin360.com\/Click\/click\/eyJhbGciOiJIUzI1NiIsInR5cCI6IkpXVCJ9.eyJjYW1wYWlnbklkIjoiOTBiMmFhY2MtZDI1MS00MWQ2LWMwMDUtMDhkZWU5OGViYzNjIiwicGVyc29uSWQiOiI0NDBlNjY1Mi05NjJkLTRkYzktYTJjYi03NDhjZjA5MjE1ZDAiLCJlbWFpbCI6InByb2dyYW1hY2FtYXJvdGVAZ21haWwuY29tIiwidXJsIjoiaHR0cHM6Ly9kcml2ZS5nb29nbGUuY29tL2RyaXZlL2ZvbGRlcnMvMWVDUVZiY29UX2ZRUHdGaUJJTFNFRExIcjNFUVhVaWZKP3VzcD1zaGFyaW5nIiwiaXNTZWdtZW50YXRpb24iOiJGYWxzZSIsIm5iZiI6MTc4ODE3OTI1OCwiZXhwIjoxNzkwNzcxMjU4LCJpYXQiOjE3ODgxNzkyNTh9.U7glfA_UKv3ROoZmcYTuyp-PMJwN3QTmCZfK5_6swWg\" rel=\"noopener noreferrer\" target=\"_blank\"><em>aqui<\/em><\/a><a href=\"https:\/\/click.knewin360.com\/Click\/click\/eyJhbGciOiJIUzI1NiIsInR5cCI6IkpXVCJ9.eyJjYW1wYWlnbklkIjoiOTBiMmFhY2MtZDI1MS00MWQ2LWMwMDUtMDhkZWU5OGViYzNjIiwicGVyc29uSWQiOiI0NDBlNjY1Mi05NjJkLTRkYzktYTJjYi03NDhjZjA5MjE1ZDAiLCJlbWFpbCI6InByb2dyYW1hY2FtYXJvdGVAZ21haWwuY29tIiwidXJsIjoiaHR0cHM6Ly93d3cuaW5zdGFncmFtLmNvbS9qdW5pbmhvbG9vcD9pZ3NpPU1YTm9hV1p3Y0dkbk0yazRkQSUzRCUzRCMiLCJpc1NlZ21lbnRhdGlvbiI6IkZhbHNlIiwibmJmIjoxNzg4MTc5MjU4LCJleHAiOjE3OTA3NzEyNTgsImlhdCI6MTc4ODE3OTI1OH0.E4PoUZ3Bq5eorZEkN8vjIfowijVtcr3P73WCIbe9WvI\" rel=\"noopener noreferrer\" target=\"_blank\"><em>!)<\/em><\/a><\/p>\n<p><\/p>\n<p><span>A edi\u00e7\u00e3o deste ano tem sido especialmente marcante para Luan Pereira, que vive, desde o primeiro dia, uma intensa agenda de shows, grava\u00e7\u00f5es, encontros e a\u00e7\u00f5es que destacam diferentes momentos de sua carreira. No domingo (23), o cantor participou da grava\u00e7\u00e3o do DVD de\u00a0<\/span><strong>Jeninho<\/strong><span>\u00a0e fez uma participa\u00e7\u00e3o surpresa no show de\u00a0<\/span><strong>Edson &amp; Hudson<\/strong><span>, no\u00a0<\/span><strong>Palco Est\u00e1dio<\/strong><span>.<\/span><\/p>\n<p><\/p>\n<p><span>Na segunda-feira (24), Luan promoveu a grava\u00e7\u00e3o de\u00a0<\/span><strong>\u201cDeu B\u00e3o em Barretos\u201d<\/strong><span>, novo projeto audiovisual da\u00a0<\/span><strong>LP Produ\u00e7\u00f5es<\/strong><span>, registrado na pr\u00f3pria\u00a0<\/span><strong>\u201cCasa da LP\u201d<\/strong><span>. O projeto reuniu\u00a0<\/span><strong>LP, Jennifer &amp; Stephany e Ayala &amp; J\u00falio C\u00e9sar,<\/strong><span>\u00a0com participa\u00e7\u00f5es especiais de\u00a0<\/span><strong>Jeninho e Kaique &amp; Felipe.<\/strong><\/p>\n<p><\/p>\n<p><span>J\u00e1 na quinta-feira (27), o cantor visitou o\u00a0<\/span><strong>Hospital de Amor,<\/strong><span>\u00a0onde passou a tarde com as crian\u00e7as, cantando e interagindo com os pacientes. Encerrando na sexta-feira (28), onde participou do \u201cS\u00f3 Barui\u201d, no\u00a0<\/span><strong>Rancho do Sertanejeiro,<\/strong><span>\u00a0ao lado novamente de\u00a0<\/span><strong>Jeninho\u00a0<\/strong><span>e<\/span><strong>\u00a0Kaique &amp; Felipe.<\/strong><\/p>\n<p><\/p>\n<p><em>\u201cBarretos foi muito especial para mim porque, al\u00e9m de fazer meu show, eu pude viver a festa de verdade. Estive em outros momentos, gravei projetos, encontrei amigos e tamb\u00e9m trabalhei nos projetos da LP. Poder encerrar essa semana no Amanhecer, cantando para esse p\u00fablico, tornou tudo ainda mais especial. Barretos tem uma energia \u00fanica, e viver tudo isso aqui foi inesquec\u00edvel\u201d,<\/em><span>\u00a0afirma Luan Pereira.<\/span><\/p>\n<p><\/p>\n<p><span>Com o show no Palco Amanhecer, Luan Pereira encerra sua participa\u00e7\u00e3o na programa\u00e7\u00e3o musical de Barretos deixando como marca uma semana que foi muito al\u00e9m de uma apresenta\u00e7\u00e3o: reuniu\u00a0<\/span><strong>palco, m\u00fasica, novos projetos, parcerias e neg\u00f3cios<\/strong><span>\u00a0em torno de um dos principais nomes da nova gera\u00e7\u00e3o do sertanejo.<\/span><\/p>\n","protected":false},"excerpt":{"rendered":"<p>Cantor reuniu sucessos, intera\u00e7\u00e3o e participa\u00e7\u00e3o de Jennifer &amp; Stephany no pen\u00faltimo dia da 71\u00ba Festa do Pe\u00e3o Foto: @juninholoop (Mais fotos\u00a0aqui!)\u2026<\/p>\n","protected":false},"author":0,"featured_media":35807,"comment_status":"closed","ping_status":"open","sticky":false,"template":"","format":"standard","meta":{"footnotes":""},"categories":[65],"tags":[],"class_list":["post-35806","post","type-post","status-publish","format-standard","has-post-thumbnail","hentry","category-destaque"],"_links":{"self":[{"href":"https:\/\/portal135.com.br\/index.php?rest_route=\/wp\/v2\/posts\/35806","targetHints":{"allow":["GET"]}}],"collection":[{"href":"https:\/\/portal135.com.br\/index.php?rest_route=\/wp\/v2\/posts"}],"about":[{"href":"https:\/\/portal135.com.br\/index.php?rest_route=\/wp\/v2\/types\/post"}],"replies":[{"embeddable":true,"href":"https:\/\/portal135.com.br\/index.php?rest_route=%2Fwp%2Fv2%2Fcomments&post=35806"}],"version-history":[{"count":2,"href":"https:\/\/portal135.com.br\/index.php?rest_route=\/wp\/v2\/posts\/35806\/revisions"}],"predecessor-version":[{"id":35809,"href":"https:\/\/portal135.com.br\/index.php?rest_route=\/wp\/v2\/posts\/35806\/revisions\/35809"}],"wp:featuredmedia":[{"embeddable":true,"href":"https:\/\/portal135.com.br\/index.php?rest_route=\/wp\/v2\/media\/35807"}],"wp:attachment":[{"href":"https:\/\/portal135.com.br\/index.php?rest_route=%2Fwp%2Fv2%2Fmedia&parent=35806"}],"wp:term":[{"taxonomy":"category","embeddable":true,"href":"https:\/\/portal135.com.br\/index.php?rest_route=%2Fwp%2Fv2%2Fcategories&post=35806"},{"taxonomy":"post_tag","embeddable":true,"href":"https:\/\/portal135.com.br\/index.php?rest_route=%2Fwp%2Fv2%2Ftags&post=35806"}],"curies":[{"name":"wp","href":"https:\/\/api.w.org\/{rel}","templated":true}]}}