{"id":35803,"date":"2026-08-31T20:49:52","date_gmt":"2026-08-31T20:49:52","guid":{"rendered":"https:\/\/portal135.com.br\/?p=35803"},"modified":"2026-08-31T20:49:52","modified_gmt":"2026-08-31T20:49:52","slug":"exposete-2026-comeca-nesta-quinta-feira-com-expectativa-de-edicao-historica","status":"publish","type":"post","link":"https:\/\/portal135.com.br\/?p=35803","title":{"rendered":"Exposete 2026 come\u00e7a nesta quinta-feira com expectativa de edi\u00e7\u00e3o hist\u00f3rica"},"content":{"rendered":"\n<p class=\"wp-block-paragraph\"><strong>Artistas Exposete 2026 &#8211; Divulga\u00e7\u00e3o.<\/strong><\/p>\n\n\n\n<p class=\"wp-block-paragraph\"><strong><em>Programa\u00e7\u00e3o, que vai at\u00e9 domingo, re\u00fane Henrique &amp; Juliano, Zez\u00e9 Di Camargo, Natanzinho Lima, Hugo &amp; Guilherme, Mari Fernandez, Di Paullo e Paulino, VH &amp; Alexandre, Panda, Rey Vaqueiro, Bia Frazzo, Trio Remelexo e +Uma Moda, al\u00e9m dos artistas do palco Talentos da Terra<\/em><\/strong><\/p>\n\n\n\n<p class=\"wp-block-paragraph\">A 54\u00aa Exposete Rodeio Festival come\u00e7a nesta quinta-feira, 3 de setembro, no Parque de Exposi\u00e7\u00f5es JK, em Sete Lagoas (MG), com casa cheia. O evento, que segue at\u00e9 domingo, 6 de setembro, est\u00e1 com mais de 90% dos ingressos vendidos, consolidando a edi\u00e7\u00e3o como uma das mais esperadas de sua hist\u00f3ria. A programa\u00e7\u00e3o re\u00fane Henrique &amp; Juliano, Zez\u00e9 Di Camargo, Natanzinho Lima, Hugo &amp; Guilherme, Mari Fernandez, Di Paullo e Paulino, VH &amp; Alexandre, Panda, Rey Vaqueiro, Bia Frazzo, Trio Remelexo e +Uma Moda, al\u00e9m dos artistas do palco Talentos da Terra e das tradicionais montarias na arena.<\/p>\n\n\n\n<p class=\"wp-block-paragraph\"><img decoding=\"async\" src=\"https:\/\/ci3.googleusercontent.com\/meips\/ADKq_NZpqIOrpXGfVeOOMEc4uHGio0dC06uoLrz4cNYgap-9bIxtHJYYcbaoZ_LmEqN8IjZoH4vSNiVwYS6J6x1aJzXROrCcie0RHia9OBX8ire0MkPT4SPQbE5eAkpxykxHIFuMhy_TxTWHroJb5NnzPnU-lZS_WSEumfjamC3k21ylvscW1SLY4PFXaUhjYZFDgoCKwB_5FtGp_8tbIH9P=s0-d-e1-ft#https:\/\/files.pressmanager.net\/clientes\/67dd844a69e08263976a65f343f9b4e0\/imagens\/2026\/06\/30\/334c11bac6d473775d9f270e6bb34ed6_medium.jpg\" alt=\"\" width=\"200\">O sucesso de p\u00fablico registrado antes mesmo da abertura dos port\u00f5es coloca a Exposete 2026 na rota de um evento hist\u00f3rico. Com ingressos quase esgotados, a festa confirma sua for\u00e7a no calend\u00e1rio de Minas Gerais e a confian\u00e7a do p\u00fablico na entrega da organiza\u00e7\u00e3o. &#8220;O sucesso de vendas confirma a for\u00e7a da Exposete e a confian\u00e7a do p\u00fablico em nossa entrega. Estamos preparando uma estrutura completa para receber visitantes de todo o estado com o m\u00e1ximo de conforto e seguran\u00e7a&#8221;, destaca Nestor Neto, produtor do evento.<\/p>\n\n\n\n<p class=\"wp-block-paragraph\">A programa\u00e7\u00e3o come\u00e7a nesta quinta-feira, 3 de setembro, com entrada franca, garantindo acesso democr\u00e1tico \u00e0 cultura e ao entretenimento para a popula\u00e7\u00e3o de Sete Lagoas e regi\u00e3o. A noite de abertura tem shows de Di Paullo e Paulino e do Trio Remelexo, a partir das 19h. Na sexta-feira, 4 de setembro, o Parque de Exposi\u00e7\u00f5es JK recebe uma das noites mais aguardadas da edi\u00e7\u00e3o, com o sertanejo de Henrique &amp; Juliano no palco principal, al\u00e9m de Mari Fernandez e +Uma Moda.<\/p>\n\n\n\n<p class=\"wp-block-paragraph\">No s\u00e1bado, 5 de setembro, a festa segue em alta com Zez\u00e9 Di Camargo, uma das maiores refer\u00eancias da m\u00fasica sertaneja brasileira, ao lado de Hugo &amp; Guilherme e Rey Vaqueiro, em uma noite para todos os estilos e gera\u00e7\u00f5es. O encerramento acontece no domingo, 6 de setembro, v\u00e9spera de feriado, com Natanzinho Lima, VH &amp; Alexandre, Panda e Bia Frazzo, a partir das 17h, fechando a Exposete 2026 com a expectativa de recorde de p\u00fablico.<\/p>\n\n\n\n<p class=\"wp-block-paragraph\"><img decoding=\"async\" src=\"https:\/\/ci3.googleusercontent.com\/meips\/ADKq_NaHBohseRvvrOARx0r8Fd0E5LG3Npl13mI8UqDb52CKOyc8K27EojHCeSUDYSOuxzBRKvmvhLK9T4YespSRMl-Fbzeyl5xCBZ4zgk0GuJ1Li8Xx4hBo-11sWZjERiJ11GXY5fpESrvVtYvlolaKn-njmNfZMUsOeLcK37UDGiXMiT-wqEwBhvEY7-udmW57KZg3_pmUiXhO9ikwRI8U=s0-d-e1-ft#https:\/\/files.pressmanager.net\/clientes\/67dd844a69e08263976a65f343f9b4e0\/imagens\/2026\/06\/30\/1897b3c9e948c04ffb91d74737ab0965_medium.jpg\" alt=\"\" width=\"200\">Al\u00e9m dos grandes shows nacionais, a Exposete preserva sua ess\u00eancia agropecu\u00e1ria, com rodeio profissional e uma gastronomia diversificada que transforma o evento em uma festa completa para toda a fam\u00edlia. Os \u00faltimos ingressos est\u00e3o dispon\u00edveis pela plataforma Guiche Web (<a href=\"http:\/\/www.guicheweb.com.br\/\" target=\"_blank\" rel=\"noopener\">www.guicheweb.com.br<\/a>).<\/p>\n\n\n\n<p class=\"wp-block-paragraph\"><strong>Sobre a&nbsp;Exposete<\/strong><\/p>\n\n\n\n<p class=\"wp-block-paragraph\">A Exposi\u00e7\u00e3o Agropecu\u00e1ria de&nbsp;Sete&nbsp;Lagoas, conhecida como&nbsp;Exposete, \u00e9 um dos eventos mais tradicionais de Minas Gerais, com mais de cinco d\u00e9cadas de hist\u00f3ria. Realizada no Parque de Exposi\u00e7\u00f5es JK, a festa movimenta a economia local, promove o agroneg\u00f3cio e oferece entretenimento de qualidade para toda a fam\u00edlia, consolidando&nbsp;Sete&nbsp;Lagoas como um dos polos de grandes eventos do estado. O evento \u00e9 uma realiza\u00e7\u00e3o da GB Promo\u00e7\u00f5es, EXP Produ\u00e7\u00f5es e Denilson Lanza, com o apoio da&nbsp;Sete&nbsp;Lagoas Vive, Prefeitura Municipal de&nbsp;Sete&nbsp;Lagoas, Sindicato dos Produtores Rurais de&nbsp;Sete&nbsp;Lagoas, Produtos Coyote, Hotel San Diego, Xeque Mate, Bosi Empreendimentos, Cooperlider, Consert Tech, Itaipava e Doces Ouro De Minas.<\/p>\n\n\n\n<p class=\"wp-block-paragraph\"><strong>Servi\u00e7o&nbsp;<\/strong><\/p>\n\n\n\n<p class=\"wp-block-paragraph\"><strong>54\u00aa&nbsp;Exposete&nbsp;Rodeio Festival<\/strong><\/p>\n\n\n\n<p class=\"wp-block-paragraph\"><strong>3 a 6 de setembro de 2026 \u2013 quinta a domingo<\/strong><\/p>\n\n\n\n<p class=\"wp-block-paragraph\"><strong>Hor\u00e1rio de abertura dos port\u00f5es:<\/strong>&nbsp;quinta a s\u00e1bado, \u00e0s 19h | domingo, \u00e0s 17h<\/p>\n\n\n\n<p class=\"wp-block-paragraph\"><strong>Local:<\/strong>&nbsp;Parque de Exposi\u00e7\u00f5es JK \u2013&nbsp;<a href=\"https:\/\/www.google.com\/maps\/search\/Rua+Dalas,+60?entry=gmail&amp;source=g\" target=\"_blank\" rel=\"noopener\">Rua Dalas, 60<\/a>&nbsp;\u2013 Bairro S\u00e3o Crist\u00f3v\u00e3o \u2013&nbsp;Sete&nbsp;Lagoas\/MG<\/p>\n\n\n\n<p class=\"wp-block-paragraph\"><strong>Venda de ingressos:<\/strong>&nbsp;<a href=\"http:\/\/www.guicheweb.com.br\/\" target=\"_blank\" rel=\"noopener\">www.guicheweb.com.<wbr>br<\/a><\/p>\n\n\n\n<p class=\"wp-block-paragraph\"><strong>Programa\u00e7\u00e3o de shows:<\/strong><\/p>\n\n\n\n<p class=\"wp-block-paragraph\">03\/09 (quinta-feira) \u2013 entrada franca: Di Paullo e Paulino | Trio Remelexo<\/p>\n\n\n\n<p class=\"wp-block-paragraph\">04\/09 (sexta-feira): Henrique &amp; Juliano | Mari Fernandez | + Uma Moda<\/p>\n\n\n\n<p class=\"wp-block-paragraph\">05\/09 (s\u00e1bado): Zez\u00e9 Di Camargo | Hugo &amp; Guilherme | Rey Vaqueiro<\/p>\n\n\n\n<p class=\"wp-block-paragraph\">06\/09 (domingo) \u2013 v\u00e9spera de feriado: Natanzinho Lima | VH &amp; Alexandre | Panda | Bia Frazzo<\/p>\n\n\n\n<p class=\"wp-block-paragraph\"><strong>Realiza\u00e7\u00e3o:&nbsp;<\/strong>GB Promo\u00e7\u00f5es, EXP Produ\u00e7\u00f5es e Denilson Lanza<\/p>\n\n\n\n<p class=\"wp-block-paragraph\"><strong>Apoio:&nbsp;<\/strong>Sete&nbsp;Lagoas Vive, Prefeitura Municipal de&nbsp;Sete&nbsp;Lagoas, Sindicato dos Produtores Rurais de&nbsp;Sete&nbsp;Lagoas, Produtos Coyote, Hotel San Diego, Xeque Mate, Bosi Empreendimentos, Cooperlider, Consert Tech, Itaipava e Doces Ouro De Minas.<\/p>\n","protected":false},"excerpt":{"rendered":"<p>Artistas Exposete 2026 &#8211; Divulga\u00e7\u00e3o. Programa\u00e7\u00e3o, que vai at\u00e9 domingo, re\u00fane Henrique &amp; Juliano, Zez\u00e9 Di Camargo, Natanzinho Lima, Hugo &amp; Guilherme,\u2026<\/p>\n","protected":false},"author":5,"featured_media":35804,"comment_status":"open","ping_status":"open","sticky":false,"template":"","format":"standard","meta":{"footnotes":""},"categories":[32],"tags":[],"class_list":["post-35803","post","type-post","status-publish","format-standard","has-post-thumbnail","hentry","category-brasil"],"_links":{"self":[{"href":"https:\/\/portal135.com.br\/index.php?rest_route=\/wp\/v2\/posts\/35803","targetHints":{"allow":["GET"]}}],"collection":[{"href":"https:\/\/portal135.com.br\/index.php?rest_route=\/wp\/v2\/posts"}],"about":[{"href":"https:\/\/portal135.com.br\/index.php?rest_route=\/wp\/v2\/types\/post"}],"author":[{"embeddable":true,"href":"https:\/\/portal135.com.br\/index.php?rest_route=\/wp\/v2\/users\/5"}],"replies":[{"embeddable":true,"href":"https:\/\/portal135.com.br\/index.php?rest_route=%2Fwp%2Fv2%2Fcomments&post=35803"}],"version-history":[{"count":1,"href":"https:\/\/portal135.com.br\/index.php?rest_route=\/wp\/v2\/posts\/35803\/revisions"}],"predecessor-version":[{"id":35805,"href":"https:\/\/portal135.com.br\/index.php?rest_route=\/wp\/v2\/posts\/35803\/revisions\/35805"}],"wp:featuredmedia":[{"embeddable":true,"href":"https:\/\/portal135.com.br\/index.php?rest_route=\/wp\/v2\/media\/35804"}],"wp:attachment":[{"href":"https:\/\/portal135.com.br\/index.php?rest_route=%2Fwp%2Fv2%2Fmedia&parent=35803"}],"wp:term":[{"taxonomy":"category","embeddable":true,"href":"https:\/\/portal135.com.br\/index.php?rest_route=%2Fwp%2Fv2%2Fcategories&post=35803"},{"taxonomy":"post_tag","embeddable":true,"href":"https:\/\/portal135.com.br\/index.php?rest_route=%2Fwp%2Fv2%2Ftags&post=35803"}],"curies":[{"name":"wp","href":"https:\/\/api.w.org\/{rel}","templated":true}]}}