{"id":3371,"date":"2026-01-23T22:13:23","date_gmt":"2026-01-23T22:13:23","guid":{"rendered":"https:\/\/portal135.com.br\/?p=3371"},"modified":"2026-01-23T22:13:23","modified_gmt":"2026-01-23T22:13:23","slug":"lauana-prado-e-ana-castela-sao-as-atracoes-principais-da-terceira-edicao-do-meli-music","status":"publish","type":"post","link":"https:\/\/portal135.com.br\/?p=3371","title":{"rendered":"Lauana Prado e Ana Castela s\u00e3o as atra\u00e7\u00f5es principais da terceira edi\u00e7\u00e3o do Meli Music"},"content":{"rendered":"\n<p><em>Festival acontece no dia 24 de maio e os ingressos j\u00e1 est\u00e3o dispon\u00edveis; pela primeira vez, evento ser\u00e1 no campo da Mercado Livre Arena Pacaembu para mais de 20 mil pessoas<\/em><\/p>\n\n\n<!-- wp:image \"id\":20273,\"sizeSlug\":\"large\",\"linkDestination\":\"none\" -->\n<figure class=\"wp-block-image size-large\"><img decoding=\"async\" src=\"https:\/\/programacamarote.com.br\/wp-content\/uploads\/2026\/01\/IMG_4797-1024x683.jpeg\" alt=\"\" class=\"wp-image-20273\" \/><\/figure>\n<!-- \/wp:post-content -->\n\n<!-- wp:paragraph -->\n<p>Cr\u00e9dito: Divulga\u00e7\u00e3o Mercado Livre | Imagens:<\/p>\n<!-- \/wp:paragraph -->\n\n<!-- wp:paragraph -->\n<p>O Mercado Livre, em parceria com a GTS, anuncia a\u00a0<strong>terceira edi\u00e7\u00e3o do Meli Music<\/strong>, marcada para o dia\u00a0<strong>24 de maio de 2026<\/strong>. Pela primeira vez, o festival ser\u00e1 realizado no\u00a0<strong>campo da Mercado Livre Arena Pacaembu<\/strong>, em S\u00e3o Paulo, com capacidade para mais de 20 mil pessoas, ampliando a escala do projeto e refor\u00e7ando sua presen\u00e7a no calend\u00e1rio de grandes eventos musicais do pa\u00eds. As vendas come\u00e7aram nesta sexta-feira (23\/01) pelo site da Q2 Ingressos.\u00a0<\/p>\n<!-- \/wp:paragraph -->\n\n<!-- wp:paragraph -->\n<p>A terceira edi\u00e7\u00e3o ter\u00e1 o sertanejo como g\u00eanero central e contar\u00e1 com\u00a0<strong>Ana Castela e Lauana Prado<\/strong>\u00a0como atra\u00e7\u00f5es principais, al\u00e9m de\u00a0<strong>Hugo Henrique<\/strong>, completando o line-up. O festival ainda contar\u00e1 com mais um nome sertanejo que ser\u00e1 anunciado em breve. Para\u00a0<strong>Iuri Maia<\/strong>, diretor de Estrat\u00e9gia de Marca do Mercado Livre, a m\u00fasica ocupa um papel central na forma como a marca se conecta com as pessoas. \u201cEstamos muito felizes em anunciar a terceira edi\u00e7\u00e3o do Meli Music. A m\u00fasica cria conex\u00e3o real, gera pertencimento e constr\u00f3i rela\u00e7\u00e3o no longo prazo. O festival consolida a presen\u00e7a do Mercado Livre nesse territ\u00f3rio ao transformar a m\u00fasica em uma plataforma propriet\u00e1ria de experi\u00eancias, agora em uma escala ainda maior\u201d, afirma.\u00a0<\/p>\n<!-- \/wp:paragraph -->\n\n<!-- wp:paragraph -->\n<p><strong>Ana Castela<\/strong>\u00a0destaca a afinidade do projeto com o seu p\u00fablico: \u201cO Meli Music une tudo o que eu acredito: m\u00fasica, experi\u00eancia e conex\u00e3o real com o p\u00fablico. Estar nessa edi\u00e7\u00e3o \u00e9 especial demais e representa muito do que venho construindo na minha carreira\u201d, diz a cantora. J\u00e1<strong>\u00a0Lauana Prado<\/strong>\u00a0ressalta a proposta do festival de valorizar a m\u00fasica como experi\u00eancia ao vivo: \u201c\u00c9 especial participar de um projeto que entende a m\u00fasica como experi\u00eancia e cria um espa\u00e7o t\u00e3o potente de conex\u00e3o com o p\u00fablico. O Meli Music tem essa proposta e eu tenho certeza que vai ser um show inesquec\u00edvel\u201d, afirma a artista.\u00a0<\/p>\n<!-- \/wp:paragraph -->\n\n<!-- wp:paragraph -->\n<p><strong>Meli Music consolida a presen\u00e7a do Mercado Livre no territ\u00f3rio da m\u00fasica\u00a0<\/strong><\/p>\n<!-- \/wp:paragraph -->\n\n<!-- wp:paragraph -->\n<p>Lan\u00e7ado em 2025 como uma plataforma propriet\u00e1ria de m\u00fasica ao vivo, o Meli Music estreou com uma edi\u00e7\u00e3o dedicada ao trap, reunindo Matu\u00ea, Veigh e Budah, seguida por uma segunda edi\u00e7\u00e3o voltada ao pop, com shows de Lu\u00edsa Sonza, MC Livinho e Carol Biazin. As edi\u00e7\u00f5es anteriores registraram mais de 22 mil pessoas acompanhando as transmiss\u00f5es ao vivo pelo Mercado Play, com picos de 6 mil espectadores simult\u00e2neos, al\u00e9m de mais de 150 mil intera\u00e7\u00f5es org\u00e2nicas nas m\u00eddias sociais, refor\u00e7ando a for\u00e7a do festival como uma plataforma de live marketing, capaz de gerar impacto tanto no ambiente digital quanto in loco.\u00a0<\/p>\n<!-- \/wp:paragraph -->\n\n<!-- wp:paragraph -->\n<p>Desde o lan\u00e7amento, o festival vem se destacando por acompanhar os movimentos da m\u00fasica brasileira e dialogar diretamente com o comportamento de consumo e engajamento do p\u00fablico jovem, colocando a m\u00fasica no centro da estrat\u00e9gia de marca. \u201cPara se ter uma ideia, j\u00e1 vimos impacto direto na percep\u00e7\u00e3o da marca, com um aumento de 9 pontos percentuais no lift de prefer\u00eancia entre jovens de 18 a 24 anos, refor\u00e7ando a conex\u00e3o com a Gera\u00e7\u00e3o Z e a consolida\u00e7\u00e3o da m\u00fasica como um pilar estrat\u00e9gico da marca\u201d, afirma Iuri Maia.\u00a0<\/p>\n<!-- \/wp:paragraph -->\n\n<!-- wp:paragraph -->\n<p>Na vis\u00e3o da GTS, parceira do projeto desde a concep\u00e7\u00e3o, o Meli Music representa um novo modelo de atua\u00e7\u00e3o no mercado de live business, unindo curadoria art\u00edstica, estrat\u00e9gia de marca e experi\u00eancia de p\u00fablico. \u201cA terceira edi\u00e7\u00e3o refor\u00e7a o amadurecimento do projeto. O Meli Music cresce junto com os artistas e com o p\u00fablico, e reunir Ana Castela e Lauana Prado em um evento dessa dimens\u00e3o mostra a for\u00e7a do sertanejo e da m\u00fasica ao vivo no Brasil\u201d, completa Ulisses Gasparini, diretor da GTS.\u00a0<\/p>\n<!-- \/wp:paragraph -->\n\n<!-- wp:paragraph -->\n<p><strong>Line-up Meli Music 3\u00a0<\/strong><\/p>\n<!-- \/wp:paragraph -->\n\n<!-- wp:paragraph -->\n<p>Fen\u00f4meno da m\u00fasica brasileira contempor\u00e2nea, Ana Castela chega ao Meli Music como um dos principais nomes da nova gera\u00e7\u00e3o e uma das artistas com maior conex\u00e3o com o p\u00fablico jovem. Natural de Mato Grosso do Sul, a cantora ganhou proje\u00e7\u00e3o nacional a partir de 2021 com o sucesso \u201cBoiadeira\u201d e se consolidou no cen\u00e1rio musical no ano seguinte com hits que dominaram as plataformas digitais, como \u201cPipoco\u201d. Com seu estilo agro pop, voz marcante e carisma aut\u00eantico, Ana se tornou a embaixadora mais jovem da hist\u00f3ria da Festa do Pe\u00e3o de Barretos e venceu o Grammy Latino de 2024 na categoria de Melhor \u00c1lbum de M\u00fasica Sertaneja. Em 2026, ampliou ainda mais sua presen\u00e7a como marca ao realizar a segunda edi\u00e7\u00e3o do Navio Ana Castela, reunindo m\u00fasica, experi\u00eancias e ativa\u00e7\u00f5es exclusivas. Atualmente, \u00e9 um dos maiores nomes do sertanejo nacional e se consolida como a artista feminina jovem brasileira com mais entradas no ranking global do Spotify. Esse ano, Ana estreia tamb\u00e9m como atriz na novela das 19h da TV Globo, al\u00e9m de interpretar a m\u00fasica de abertura da trama, marcando uma nova fase em sua carreira.<\/p>\n<!-- \/wp:paragraph -->\n\n<!-- wp:paragraph -->\n<p>J\u00e1 Lauana Prado, cantora e compositora com mais de 18 anos de carreira e cinco indica\u00e7\u00f5es ao Grammy Latino, se destaca pela versatilidade e pela for\u00e7a com que carrega a m\u00fasica sertaneja em sua ess\u00eancia. No repert\u00f3rio, sucessos como \u201cCobaia\u201d, \u201cViva Voz\u201d, \u201cWhisky Vagabundo\u201d e \u201cEscrito nas Estrelas\u201d, uma das m\u00fasicas mais ouvidas do Brasil em 2024 nas r\u00e1dios e plataformas digitais. Em 2025, lan\u00e7ou o \u00e1lbum Transcende \u2014 Ao Vivo no Ibirapuera e emplacou faixas como \u201cKamasutra\u201d e \u201cSaudade Burra\u201d (com Simone Mendes) entre os destaques dos charts. Transcende tamb\u00e9m foi um dos \u00e1lbuns mais ouvidos do pa\u00eds e reconhecido como \u201cMelhor Lan\u00e7amento Sertanejo\u201d no Pr\u00eamio BTG Pactual da M\u00fasica Brasileira. No mesmo ano, Lauana lan\u00e7ou o audiovisual RAIZ Belo Horizonte e consolidou o projeto RAIZ como uma das labels mais bem-sucedidas do pa\u00eds.\u00a0<\/p>\n<!-- \/wp:paragraph -->\n\n<!-- wp:paragraph -->\n<p>Completando o line-up, Hugo Henrique chega ao Meli Music como um representante da nova gera\u00e7\u00e3o do sertanejo, conectando diferentes fases do g\u00eanero em um show que dialoga com o p\u00fablico do festival. Em 2025, Hugo lan\u00e7ou uma nova vers\u00e3o de \u201cMala\u201d, regravada com sua voz atual, refor\u00e7ando a relev\u00e2ncia de um dos maiores sucessos de sua trajet\u00f3ria, que iniciou ainda na inf\u00e2ncia, aos cinco anos, participando de programas de televis\u00e3o.\u00a0<\/p>\n<!-- \/wp:paragraph -->\n\n<!-- wp:paragraph -->\n<p><strong>Ingressos\u00a0<\/strong><\/p>\n<!-- \/wp:paragraph -->\n\n<!-- wp:paragraph -->\n<p><a href=\"http:\/\/melimusic.q2ingressos.com.br\/\" target=\"_blank\" rel=\"noreferrer noopener\">http:\/\/melimusic.q2ingressos.com.br<\/a><\/p>\n<!-- \/wp:paragraph -->\n\n<!-- wp:paragraph -->\n<p><strong>ARQUIBANCADA NORTE\u00a0<\/strong><\/p>\n<!-- \/wp:paragraph -->\n\n<!-- wp:paragraph -->\n<p>Inteira: R$ 120,00\u00a0<\/p>\n<!-- \/wp:paragraph -->\n\n<!-- wp:paragraph -->\n<p>Meia: R$ 60,00\u00a0<\/p>\n<!-- \/wp:paragraph -->\n\n<!-- wp:paragraph -->\n<p>Meia social: R$ 60,00\u00a0<\/p>\n<!-- \/wp:paragraph -->\n\n<!-- wp:paragraph -->\n<p><strong>ARQUIBANCADA LESTE\u00a0<\/strong><\/p>\n<!-- \/wp:paragraph -->\n\n<!-- wp:paragraph -->\n<p>Inteira: R$ 100,00\u00a0<\/p>\n<!-- \/wp:paragraph -->\n\n<!-- wp:paragraph -->\n<p>Meia: R$ 50,00\u00a0<\/p>\n<!-- \/wp:paragraph -->\n\n<!-- wp:paragraph -->\n<p>Meia social: R$ 50,00\u00a0<\/p>\n<!-- \/wp:paragraph -->\n\n<!-- wp:paragraph -->\n<p><strong>ARQUIBANCADA OESTE DESCOBERTA\u00a0<\/strong><\/p>\n<!-- \/wp:paragraph -->\n\n<!-- wp:paragraph -->\n<p>Inteira: R$ 100,00\u00a0<\/p>\n<!-- \/wp:paragraph -->\n\n<!-- wp:paragraph -->\n<p>Meia: R$ 50,00\u00a0<\/p>\n<!-- \/wp:paragraph -->\n\n<!-- wp:paragraph -->\n<p>Meia social: R$ 50,00<\/p>\n<!-- \/wp:paragraph -->\n\n<!-- wp:paragraph -->\n<p><strong>ARQUIBANCADA OESTE COBERTA\u00a0<\/strong><\/p>\n<!-- \/wp:paragraph -->\n\n<!-- wp:paragraph -->\n<p>Inteira: R$ 260,00\u00a0<\/p>\n<!-- \/wp:paragraph -->\n\n<!-- wp:paragraph -->\n<p>Meia: R$ 130,00\u00a0<\/p>\n<!-- \/wp:paragraph -->\n\n<!-- wp:paragraph -->\n<p>Meia social: R$ 130,00\u00a0<\/p>\n<!-- \/wp:paragraph -->\n\n<!-- wp:paragraph -->\n<p><strong>ARENA<\/strong><\/p>\n<!-- \/wp:paragraph -->\n\n<!-- wp:paragraph -->\n<p>Inteira: R$ 320,00\u00a0<\/p>\n<!-- \/wp:paragraph -->\n\n<!-- wp:paragraph -->\n<p>Meia: R$ 160,00\u00a0<\/p>\n<!-- \/wp:paragraph -->\n\n<!-- wp:paragraph -->\n<p>Meia social: R$ 160,00\u00a0<\/p>\n<!-- \/wp:paragraph -->\n\n<!-- wp:paragraph -->\n<p><strong>\u00c1REA PREMIUM\u00a0<\/strong><\/p>\n<!-- \/wp:paragraph -->\n\n<!-- wp:paragraph -->\n<p>Inteira: R$ 480,00<\/p>\n<!-- \/wp:paragraph -->\n\n<!-- wp:paragraph -->\n<p>Meia: R$ 240,00\u00a0<\/p>\n<!-- \/wp:paragraph -->\n\n<!-- wp:paragraph -->\n<p>Meia social: R$ 240,00<\/p>\n<!-- \/wp:paragraph -->\n\n<!-- wp:paragraph -->\n<p><strong>Sobre o Mercado Livre<\/strong>: Fundado em 1999, o Mercado Libre, Inc (NASDAQ: MELI) \u00e9 a companhia l\u00edder em e-commerce e servi\u00e7os financeiros na Am\u00e9rica Latina, com opera\u00e7\u00f5es em 18 pa\u00edses. A empresa oferece solu\u00e7\u00f5es para que pessoas e empresas possam comprar, vender, anunciar e enviar produtos por meio da internet, assim como solu\u00e7\u00f5es de pagamento, cr\u00e9dito, investimentos, seguros e gest\u00e3o de benef\u00edcios. O Mercado Livre busca facilitar o acesso ao com\u00e9rcio e aos servi\u00e7os financeiros na Am\u00e9rica Latina, um mercado que oferece grandes oportunidades e alto potencial de crescimento. Utiliza tecnologia de qualidade mundial para criar solu\u00e7\u00f5es intuitivas e adaptadas \u00e0 cultura local para transformar a vida de milh\u00f5es de pessoas na regi\u00e3o. Mais informa\u00e7\u00f5es.\u00a0<\/p>\n<!-- \/wp:paragraph -->\n\n<!-- wp:paragraph -->\n<p><strong>Sobre a GTS:<\/strong>\u00a0A GTS (Global Talent Services) \u00e9 a empresa de agenciamento art\u00edstico e produ\u00e7\u00e3o de eventos do grupo UMG. Com uma atua\u00e7\u00e3o integrada e foco em resultados, a GTS conecta artistas ao mercado de entretenimento, publicidade e grandes marcas, potencializando carreiras e criando oportunidades em diferentes segmentos da ind\u00fastria criativa. A empresa oferece solu\u00e7\u00f5es completas em management, agenciamento de shows, licenciamento e projetos especiais para artistas de grandes gravadores e independentes<\/p>\n<!-- \/wp:paragraph -->","protected":false},"excerpt":{"rendered":"<p>Festival acontece no dia 24 de maio e os ingressos j\u00e1 est\u00e3o dispon\u00edveis; pela primeira vez, evento ser\u00e1 no campo da Mercado Livre Arena Pacaembu para mais de 20 mil pessoas Cr\u00e9dito: Divulga\u00e7\u00e3o Mercado Livre | Imagens: O Mercado Livre, em parceria com a GTS, anuncia a\u00a0terceira edi\u00e7\u00e3o do Meli Music, marcada para o dia\u00a024 de maio de 2026. Pela primeira vez, o festival ser\u00e1 realizado no\u00a0campo da Mercado Livre Arena Pacaembu, em S\u00e3o Paulo, com capacidade para mais de 20 mil pessoas, ampliando a escala do projeto e refor\u00e7ando sua presen\u00e7a no calend\u00e1rio de grandes eventos musicais do pa\u00eds. [\u2026]<\/p>\n","protected":false},"author":2,"featured_media":3370,"comment_status":"closed","ping_status":"open","sticky":false,"template":"","format":"standard","meta":{"footnotes":""},"categories":[65],"tags":[],"class_list":["post-3371","post","type-post","status-publish","format-standard","has-post-thumbnail","hentry","category-destaque"],"yoast_head":"<!-- This site is optimized with the Yoast SEO plugin v27.3 - https:\/\/yoast.com\/product\/yoast-seo-wordpress\/ -->\n<title>Lauana Prado e Ana Castela s\u00e3o as atra\u00e7\u00f5es principais da terceira edi\u00e7\u00e3o do Meli Music<\/title>\n<meta name=\"robots\" content=\"index, follow, max-snippet:-1, max-image-preview:large, max-video-preview:-1\" \/>\n<link rel=\"canonical\" href=\"https:\/\/portal135.com.br\/?p=3371\" \/>\n<meta property=\"og:locale\" content=\"pt_BR\" \/>\n<meta property=\"og:type\" content=\"article\" \/>\n<meta property=\"og:title\" content=\"Lauana Prado e Ana Castela s\u00e3o as atra\u00e7\u00f5es principais da terceira edi\u00e7\u00e3o do Meli Music\" \/>\n<meta property=\"og:description\" content=\"Festival acontece no dia 24 de maio e os ingressos j\u00e1 est\u00e3o dispon\u00edveis; pela primeira vez, evento ser\u00e1 no campo da Mercado Livre Arena Pacaembu para mais de 20 mil pessoas Cr\u00e9dito: Divulga\u00e7\u00e3o Mercado Livre | Imagens: O Mercado Livre, em parceria com a GTS, anuncia a\u00a0terceira edi\u00e7\u00e3o do Meli Music, marcada para o dia\u00a024 de maio de 2026. Pela primeira vez, o festival ser\u00e1 realizado no\u00a0campo da Mercado Livre Arena Pacaembu, em S\u00e3o Paulo, com capacidade para mais de 20 mil pessoas, ampliando a escala do projeto e refor\u00e7ando sua presen\u00e7a no calend\u00e1rio de grandes eventos musicais do pa\u00eds. [\u2026]\" \/>\n<meta property=\"og:url\" content=\"https:\/\/portal135.com.br\/?p=3371\" \/>\n<meta property=\"og:site_name\" content=\"Portal 135\" \/>\n<meta property=\"article:published_time\" content=\"2026-01-23T22:13:23+00:00\" \/>\n<meta property=\"og:image\" content=\"https:\/\/portal135.com.br\/wp-content\/uploads\/2026\/01\/IMG_4797.jpeg\" \/>\n\t<meta property=\"og:image:width\" content=\"2048\" \/>\n\t<meta property=\"og:image:height\" content=\"1365\" \/>\n\t<meta property=\"og:image:type\" content=\"image\/jpeg\" \/>\n<meta name=\"author\" content=\"Matheus Mattuvo\" \/>\n<meta name=\"twitter:card\" content=\"summary_large_image\" \/>\n<meta name=\"twitter:label1\" content=\"Escrito por\" \/>\n\t<meta name=\"twitter:data1\" content=\"Matheus Mattuvo\" \/>\n\t<meta name=\"twitter:label2\" content=\"Est. tempo de leitura\" \/>\n\t<meta name=\"twitter:data2\" content=\"7 minutos\" \/>\n<script type=\"application\/ld+json\" class=\"yoast-schema-graph\">{\"@context\":\"https:\\\/\\\/schema.org\",\"@graph\":[{\"@type\":\"Article\",\"@id\":\"https:\\\/\\\/portal135.com.br\\\/?p=3371#article\",\"isPartOf\":{\"@id\":\"https:\\\/\\\/portal135.com.br\\\/?p=3371\"},\"author\":{\"name\":\"Matheus Mattuvo\",\"@id\":\"https:\\\/\\\/portal135.com.br\\\/#\\\/schema\\\/person\\\/c7ce183e9f1b4d0c52bb6dc385e7b175\"},\"headline\":\"Lauana Prado e Ana Castela s\u00e3o as atra\u00e7\u00f5es principais da terceira edi\u00e7\u00e3o do Meli Music\",\"datePublished\":\"2026-01-23T22:13:23+00:00\",\"mainEntityOfPage\":{\"@id\":\"https:\\\/\\\/portal135.com.br\\\/?p=3371\"},\"wordCount\":1410,\"publisher\":{\"@id\":\"https:\\\/\\\/portal135.com.br\\\/#organization\"},\"image\":{\"@id\":\"https:\\\/\\\/portal135.com.br\\\/?p=3371#primaryimage\"},\"thumbnailUrl\":\"https:\\\/\\\/portal135.com.br\\\/wp-content\\\/uploads\\\/2026\\\/01\\\/IMG_4797.jpeg\",\"articleSection\":[\"Destaque\"],\"inLanguage\":\"pt-BR\"},{\"@type\":\"WebPage\",\"@id\":\"https:\\\/\\\/portal135.com.br\\\/?p=3371\",\"url\":\"https:\\\/\\\/portal135.com.br\\\/?p=3371\",\"name\":\"Lauana Prado e Ana Castela s\u00e3o as atra\u00e7\u00f5es principais da terceira edi\u00e7\u00e3o do Meli Music\",\"isPartOf\":{\"@id\":\"https:\\\/\\\/portal135.com.br\\\/#website\"},\"primaryImageOfPage\":{\"@id\":\"https:\\\/\\\/portal135.com.br\\\/?p=3371#primaryimage\"},\"image\":{\"@id\":\"https:\\\/\\\/portal135.com.br\\\/?p=3371#primaryimage\"},\"thumbnailUrl\":\"https:\\\/\\\/portal135.com.br\\\/wp-content\\\/uploads\\\/2026\\\/01\\\/IMG_4797.jpeg\",\"datePublished\":\"2026-01-23T22:13:23+00:00\",\"breadcrumb\":{\"@id\":\"https:\\\/\\\/portal135.com.br\\\/?p=3371#breadcrumb\"},\"inLanguage\":\"pt-BR\",\"potentialAction\":[{\"@type\":\"ReadAction\",\"target\":[\"https:\\\/\\\/portal135.com.br\\\/?p=3371\"]}]},{\"@type\":\"ImageObject\",\"inLanguage\":\"pt-BR\",\"@id\":\"https:\\\/\\\/portal135.com.br\\\/?p=3371#primaryimage\",\"url\":\"https:\\\/\\\/portal135.com.br\\\/wp-content\\\/uploads\\\/2026\\\/01\\\/IMG_4797.jpeg\",\"contentUrl\":\"https:\\\/\\\/portal135.com.br\\\/wp-content\\\/uploads\\\/2026\\\/01\\\/IMG_4797.jpeg\",\"width\":2048,\"height\":1365},{\"@type\":\"BreadcrumbList\",\"@id\":\"https:\\\/\\\/portal135.com.br\\\/?p=3371#breadcrumb\",\"itemListElement\":[{\"@type\":\"ListItem\",\"position\":1,\"name\":\"In\u00edcio\",\"item\":\"https:\\\/\\\/portal135.com.br\\\/\"},{\"@type\":\"ListItem\",\"position\":2,\"name\":\"Lauana Prado e Ana Castela s\u00e3o as atra\u00e7\u00f5es principais da terceira edi\u00e7\u00e3o do Meli Music\"}]},{\"@type\":\"WebSite\",\"@id\":\"https:\\\/\\\/portal135.com.br\\\/#website\",\"url\":\"https:\\\/\\\/portal135.com.br\\\/\",\"name\":\"Portal 135\",\"description\":\"Portal de Not\u00edcias\",\"publisher\":{\"@id\":\"https:\\\/\\\/portal135.com.br\\\/#organization\"},\"potentialAction\":[{\"@type\":\"SearchAction\",\"target\":{\"@type\":\"EntryPoint\",\"urlTemplate\":\"https:\\\/\\\/portal135.com.br\\\/?s={search_term_string}\"},\"query-input\":{\"@type\":\"PropertyValueSpecification\",\"valueRequired\":true,\"valueName\":\"search_term_string\"}}],\"inLanguage\":\"pt-BR\"},{\"@type\":\"Organization\",\"@id\":\"https:\\\/\\\/portal135.com.br\\\/#organization\",\"name\":\"Portal 135\",\"url\":\"https:\\\/\\\/portal135.com.br\\\/\",\"logo\":{\"@type\":\"ImageObject\",\"inLanguage\":\"pt-BR\",\"@id\":\"https:\\\/\\\/portal135.com.br\\\/#\\\/schema\\\/logo\\\/image\\\/\",\"url\":\"https:\\\/\\\/portal135.com.br\\\/wp-content\\\/uploads\\\/2024\\\/09\\\/1000030041-removebg-preview.png\",\"contentUrl\":\"https:\\\/\\\/portal135.com.br\\\/wp-content\\\/uploads\\\/2024\\\/09\\\/1000030041-removebg-preview.png\",\"width\":500,\"height\":500,\"caption\":\"Portal 135\"},\"image\":{\"@id\":\"https:\\\/\\\/portal135.com.br\\\/#\\\/schema\\\/logo\\\/image\\\/\"}},{\"@type\":\"Person\",\"@id\":\"https:\\\/\\\/portal135.com.br\\\/#\\\/schema\\\/person\\\/c7ce183e9f1b4d0c52bb6dc385e7b175\",\"name\":\"Matheus Mattuvo\",\"image\":{\"@type\":\"ImageObject\",\"inLanguage\":\"pt-BR\",\"@id\":\"https:\\\/\\\/secure.gravatar.com\\\/avatar\\\/160fd465491b28b353bd7049ac5a7f96a9766e4186ad78c29ac46f081d4aa7b5?s=96&d=mm&r=g\",\"url\":\"https:\\\/\\\/secure.gravatar.com\\\/avatar\\\/160fd465491b28b353bd7049ac5a7f96a9766e4186ad78c29ac46f081d4aa7b5?s=96&d=mm&r=g\",\"contentUrl\":\"https:\\\/\\\/secure.gravatar.com\\\/avatar\\\/160fd465491b28b353bd7049ac5a7f96a9766e4186ad78c29ac46f081d4aa7b5?s=96&d=mm&r=g\",\"caption\":\"Matheus Mattuvo\"},\"url\":\"https:\\\/\\\/portal135.com.br\\\/?author=2\"}]}<\/script>\n<!-- \/ Yoast SEO plugin. -->","yoast_head_json":{"title":"Lauana Prado e Ana Castela s\u00e3o as atra\u00e7\u00f5es principais da terceira edi\u00e7\u00e3o do Meli Music","robots":{"index":"index","follow":"follow","max-snippet":"max-snippet:-1","max-image-preview":"max-image-preview:large","max-video-preview":"max-video-preview:-1"},"canonical":"https:\/\/portal135.com.br\/?p=3371","og_locale":"pt_BR","og_type":"article","og_title":"Lauana Prado e Ana Castela s\u00e3o as atra\u00e7\u00f5es principais da terceira edi\u00e7\u00e3o do Meli Music","og_description":"Festival acontece no dia 24 de maio e os ingressos j\u00e1 est\u00e3o dispon\u00edveis; pela primeira vez, evento ser\u00e1 no campo da Mercado Livre Arena Pacaembu para mais de 20 mil pessoas Cr\u00e9dito: Divulga\u00e7\u00e3o Mercado Livre | Imagens: O Mercado Livre, em parceria com a GTS, anuncia a\u00a0terceira edi\u00e7\u00e3o do Meli Music, marcada para o dia\u00a024 de maio de 2026. Pela primeira vez, o festival ser\u00e1 realizado no\u00a0campo da Mercado Livre Arena Pacaembu, em S\u00e3o Paulo, com capacidade para mais de 20 mil pessoas, ampliando a escala do projeto e refor\u00e7ando sua presen\u00e7a no calend\u00e1rio de grandes eventos musicais do pa\u00eds. [\u2026]","og_url":"https:\/\/portal135.com.br\/?p=3371","og_site_name":"Portal 135","article_published_time":"2026-01-23T22:13:23+00:00","og_image":[{"width":2048,"height":1365,"url":"https:\/\/portal135.com.br\/wp-content\/uploads\/2026\/01\/IMG_4797.jpeg","type":"image\/jpeg"}],"author":"Matheus Mattuvo","twitter_card":"summary_large_image","twitter_misc":{"Escrito por":"Matheus Mattuvo","Est. tempo de leitura":"7 minutos"},"schema":{"@context":"https:\/\/schema.org","@graph":[{"@type":"Article","@id":"https:\/\/portal135.com.br\/?p=3371#article","isPartOf":{"@id":"https:\/\/portal135.com.br\/?p=3371"},"author":{"name":"Matheus Mattuvo","@id":"https:\/\/portal135.com.br\/#\/schema\/person\/c7ce183e9f1b4d0c52bb6dc385e7b175"},"headline":"Lauana Prado e Ana Castela s\u00e3o as atra\u00e7\u00f5es principais da terceira edi\u00e7\u00e3o do Meli Music","datePublished":"2026-01-23T22:13:23+00:00","mainEntityOfPage":{"@id":"https:\/\/portal135.com.br\/?p=3371"},"wordCount":1410,"publisher":{"@id":"https:\/\/portal135.com.br\/#organization"},"image":{"@id":"https:\/\/portal135.com.br\/?p=3371#primaryimage"},"thumbnailUrl":"https:\/\/portal135.com.br\/wp-content\/uploads\/2026\/01\/IMG_4797.jpeg","articleSection":["Destaque"],"inLanguage":"pt-BR"},{"@type":"WebPage","@id":"https:\/\/portal135.com.br\/?p=3371","url":"https:\/\/portal135.com.br\/?p=3371","name":"Lauana Prado e Ana Castela s\u00e3o as atra\u00e7\u00f5es principais da terceira edi\u00e7\u00e3o do Meli Music","isPartOf":{"@id":"https:\/\/portal135.com.br\/#website"},"primaryImageOfPage":{"@id":"https:\/\/portal135.com.br\/?p=3371#primaryimage"},"image":{"@id":"https:\/\/portal135.com.br\/?p=3371#primaryimage"},"thumbnailUrl":"https:\/\/portal135.com.br\/wp-content\/uploads\/2026\/01\/IMG_4797.jpeg","datePublished":"2026-01-23T22:13:23+00:00","breadcrumb":{"@id":"https:\/\/portal135.com.br\/?p=3371#breadcrumb"},"inLanguage":"pt-BR","potentialAction":[{"@type":"ReadAction","target":["https:\/\/portal135.com.br\/?p=3371"]}]},{"@type":"ImageObject","inLanguage":"pt-BR","@id":"https:\/\/portal135.com.br\/?p=3371#primaryimage","url":"https:\/\/portal135.com.br\/wp-content\/uploads\/2026\/01\/IMG_4797.jpeg","contentUrl":"https:\/\/portal135.com.br\/wp-content\/uploads\/2026\/01\/IMG_4797.jpeg","width":2048,"height":1365},{"@type":"BreadcrumbList","@id":"https:\/\/portal135.com.br\/?p=3371#breadcrumb","itemListElement":[{"@type":"ListItem","position":1,"name":"In\u00edcio","item":"https:\/\/portal135.com.br\/"},{"@type":"ListItem","position":2,"name":"Lauana Prado e Ana Castela s\u00e3o as atra\u00e7\u00f5es principais da terceira edi\u00e7\u00e3o do Meli Music"}]},{"@type":"WebSite","@id":"https:\/\/portal135.com.br\/#website","url":"https:\/\/portal135.com.br\/","name":"Portal 135","description":"Portal de Not\u00edcias","publisher":{"@id":"https:\/\/portal135.com.br\/#organization"},"potentialAction":[{"@type":"SearchAction","target":{"@type":"EntryPoint","urlTemplate":"https:\/\/portal135.com.br\/?s={search_term_string}"},"query-input":{"@type":"PropertyValueSpecification","valueRequired":true,"valueName":"search_term_string"}}],"inLanguage":"pt-BR"},{"@type":"Organization","@id":"https:\/\/portal135.com.br\/#organization","name":"Portal 135","url":"https:\/\/portal135.com.br\/","logo":{"@type":"ImageObject","inLanguage":"pt-BR","@id":"https:\/\/portal135.com.br\/#\/schema\/logo\/image\/","url":"https:\/\/portal135.com.br\/wp-content\/uploads\/2024\/09\/1000030041-removebg-preview.png","contentUrl":"https:\/\/portal135.com.br\/wp-content\/uploads\/2024\/09\/1000030041-removebg-preview.png","width":500,"height":500,"caption":"Portal 135"},"image":{"@id":"https:\/\/portal135.com.br\/#\/schema\/logo\/image\/"}},{"@type":"Person","@id":"https:\/\/portal135.com.br\/#\/schema\/person\/c7ce183e9f1b4d0c52bb6dc385e7b175","name":"Matheus Mattuvo","image":{"@type":"ImageObject","inLanguage":"pt-BR","@id":"https:\/\/secure.gravatar.com\/avatar\/160fd465491b28b353bd7049ac5a7f96a9766e4186ad78c29ac46f081d4aa7b5?s=96&d=mm&r=g","url":"https:\/\/secure.gravatar.com\/avatar\/160fd465491b28b353bd7049ac5a7f96a9766e4186ad78c29ac46f081d4aa7b5?s=96&d=mm&r=g","contentUrl":"https:\/\/secure.gravatar.com\/avatar\/160fd465491b28b353bd7049ac5a7f96a9766e4186ad78c29ac46f081d4aa7b5?s=96&d=mm&r=g","caption":"Matheus Mattuvo"},"url":"https:\/\/portal135.com.br\/?author=2"}]}},"_links":{"self":[{"href":"https:\/\/portal135.com.br\/index.php?rest_route=\/wp\/v2\/posts\/3371","targetHints":{"allow":["GET"]}}],"collection":[{"href":"https:\/\/portal135.com.br\/index.php?rest_route=\/wp\/v2\/posts"}],"about":[{"href":"https:\/\/portal135.com.br\/index.php?rest_route=\/wp\/v2\/types\/post"}],"author":[{"embeddable":true,"href":"https:\/\/portal135.com.br\/index.php?rest_route=\/wp\/v2\/users\/2"}],"replies":[{"embeddable":true,"href":"https:\/\/portal135.com.br\/index.php?rest_route=%2Fwp%2Fv2%2Fcomments&post=3371"}],"version-history":[{"count":1,"href":"https:\/\/portal135.com.br\/index.php?rest_route=\/wp\/v2\/posts\/3371\/revisions"}],"predecessor-version":[{"id":3372,"href":"https:\/\/portal135.com.br\/index.php?rest_route=\/wp\/v2\/posts\/3371\/revisions\/3372"}],"wp:featuredmedia":[{"embeddable":true,"href":"https:\/\/portal135.com.br\/index.php?rest_route=\/wp\/v2\/media\/3370"}],"wp:attachment":[{"href":"https:\/\/portal135.com.br\/index.php?rest_route=%2Fwp%2Fv2%2Fmedia&parent=3371"}],"wp:term":[{"taxonomy":"category","embeddable":true,"href":"https:\/\/portal135.com.br\/index.php?rest_route=%2Fwp%2Fv2%2Fcategories&post=3371"},{"taxonomy":"post_tag","embeddable":true,"href":"https:\/\/portal135.com.br\/index.php?rest_route=%2Fwp%2Fv2%2Ftags&post=3371"}],"curies":[{"name":"wp","href":"https:\/\/api.w.org\/{rel}","templated":true}]}}