{"id":3365,"date":"2026-01-21T15:08:17","date_gmt":"2026-01-21T15:08:17","guid":{"rendered":"https:\/\/portal135.com.br\/?p=3365"},"modified":"2026-01-21T15:08:17","modified_gmt":"2026-01-21T15:08:17","slug":"raca-negra-faz-dobradinha-no-verao-mais-parana-com-shows-especiais-em-matinhos-e-pontal","status":"publish","type":"post","link":"https:\/\/portal135.com.br\/?p=3365","title":{"rendered":"Ra\u00e7a Negra faz dobradinha no &#8216;Ver\u00e3o Mais Paran\u00e1&#8217; com shows especiais em Matinhos e Pontal"},"content":{"rendered":"\n<p><em>A banda leva a turn\u00ea \u201cMe Leva Junto Com Voc\u00ea\u201d nos dias 23 e 24 de janeiro<\/em><\/p>\n\n\n\n<p>O &#8216;Ver\u00e3o Mais Paran\u00e1&#8217; ser\u00e1 embalado por muito romantismo, nostalgia e sucessos eternos nesta sexta-feira e s\u00e1bado, dias 23 e 24, com uma dobradinha especial da banda Ra\u00e7a Negra, comandada por Luiz Carlos, um dos maiores \u00edcones da m\u00fasica popular brasileira.<\/p>\n\n\n\n<p>Na sexta-feira (23), o grupo sobe ao Palco Matinhos, o principal do festival, em uma apresenta\u00e7\u00e3o que promete animar o p\u00fablico e que ainda contar\u00e1 com transmiss\u00e3o ao vivo pelo SBT, levando a energia do p\u00fablico paranaense para todo o Brasil. J\u00e1 no s\u00e1bado (24), \u00e9 a vez do Palco Pontal receber o Ra\u00e7a Negra para mais uma noite inesquec\u00edvel.<\/p>\n\n\n\n<p>Com mais de quatro d\u00e9cadas de carreira e uma trajet\u00f3ria marcada por recordes, multid\u00f5es e can\u00e7\u00f5es que atravessam gera\u00e7\u00f5es, o Ra\u00e7a Negra prepara um show \u00fanico e especial, reunindo grandes hits que marcaram \u00e9poca e fazendo hist\u00f3rias de amor pelo pa\u00eds. Cl\u00e1ssicos como \u201cCheia de Manias\u201d, \u201c\u00c9 Tarde Demais\u201d, \u201cCigana\u201d e \u201cSozinho\u201d est\u00e3o entre as m\u00fasicas que prometem transformar o festival em um grande coro coletivo.<\/p>\n\n\n<!-- wp:image \"id\":20182,\"sizeSlug\":\"large\",\"linkDestination\":\"none\" -->\n<figure class=\"wp-block-image size-large\"><img decoding=\"async\" src=\"https:\/\/programacamarote.com.br\/wp-content\/uploads\/2026\/01\/d1754171-2c68-4ead-968d-baebb5f35612-1024x683.jpeg\" alt=\"\" class=\"wp-image-20182\" \/><\/figure>\n<!-- \/wp:post-content -->\n\n<!-- wp:paragraph -->\n<p>A presen\u00e7a do Ra\u00e7a Negra refor\u00e7a a for\u00e7a do Ver\u00e3o Mais Paran\u00e1 como um dos principais festivais do pa\u00eds, unindo diversidade musical, grandes artistas e experi\u00eancias inesquec\u00edveis. Dois dias, dois palcos e uma certeza: emo\u00e7\u00e3o n\u00e3o vai faltar quando Luiz Carlos e sua banda entrarem em cena.<\/p>\n<!-- \/wp:paragraph -->","protected":false},"excerpt":{"rendered":"<p>A banda leva a turn\u00ea \u201cMe Leva Junto Com Voc\u00ea\u201d nos dias 23 e 24 de janeiro O \u2018Ver\u00e3o Mais Paran\u00e1\u2019 ser\u00e1 embalado por muito romantismo, nostalgia e sucessos eternos nesta sexta-feira e s\u00e1bado, dias 23 e 24, com uma dobradinha especial da banda Ra\u00e7a Negra, comandada por Luiz Carlos, um dos maiores \u00edcones da m\u00fasica popular brasileira. Na sexta-feira (23), o grupo sobe ao Palco Matinhos, o principal do festival, em uma apresenta\u00e7\u00e3o que promete animar o p\u00fablico e que ainda contar\u00e1 com transmiss\u00e3o ao vivo pelo SBT, levando a energia do p\u00fablico paranaense para todo o Brasil. J\u00e1 [\u2026]<\/p>\n","protected":false},"author":2,"featured_media":3364,"comment_status":"closed","ping_status":"open","sticky":false,"template":"","format":"standard","meta":{"footnotes":""},"categories":[58],"tags":[],"class_list":["post-3365","post","type-post","status-publish","format-standard","has-post-thumbnail","hentry","category-musica"],"yoast_head":"<!-- This site is optimized with the Yoast SEO plugin v27.3 - https:\/\/yoast.com\/product\/yoast-seo-wordpress\/ -->\n<title>Ra\u00e7a Negra faz dobradinha no &#039;Ver\u00e3o Mais Paran\u00e1&#039; com shows especiais em Matinhos e Pontal<\/title>\n<meta name=\"robots\" content=\"index, follow, max-snippet:-1, max-image-preview:large, max-video-preview:-1\" \/>\n<link rel=\"canonical\" href=\"https:\/\/portal135.com.br\/?p=3365\" \/>\n<meta property=\"og:locale\" content=\"pt_BR\" \/>\n<meta property=\"og:type\" content=\"article\" \/>\n<meta property=\"og:title\" content=\"Ra\u00e7a Negra faz dobradinha no &#039;Ver\u00e3o Mais Paran\u00e1&#039; com shows especiais em Matinhos e Pontal\" \/>\n<meta property=\"og:description\" content=\"A banda leva a turn\u00ea \u201cMe Leva Junto Com Voc\u00ea\u201d nos dias 23 e 24 de janeiro O \u2018Ver\u00e3o Mais Paran\u00e1\u2019 ser\u00e1 embalado por muito romantismo, nostalgia e sucessos eternos nesta sexta-feira e s\u00e1bado, dias 23 e 24, com uma dobradinha especial da banda Ra\u00e7a Negra, comandada por Luiz Carlos, um dos maiores \u00edcones da m\u00fasica popular brasileira. Na sexta-feira (23), o grupo sobe ao Palco Matinhos, o principal do festival, em uma apresenta\u00e7\u00e3o que promete animar o p\u00fablico e que ainda contar\u00e1 com transmiss\u00e3o ao vivo pelo SBT, levando a energia do p\u00fablico paranaense para todo o Brasil. J\u00e1 [\u2026]\" \/>\n<meta property=\"og:url\" content=\"https:\/\/portal135.com.br\/?p=3365\" \/>\n<meta property=\"og:site_name\" content=\"Portal 135\" \/>\n<meta property=\"article:published_time\" content=\"2026-01-21T15:08:17+00:00\" \/>\n<meta property=\"og:image\" content=\"https:\/\/portal135.com.br\/wp-content\/uploads\/2026\/01\/d1754171-2c68-4ead-968d-baebb5f35612.jpeg\" \/>\n\t<meta property=\"og:image:width\" content=\"1500\" \/>\n\t<meta property=\"og:image:height\" content=\"1000\" \/>\n\t<meta property=\"og:image:type\" content=\"image\/jpeg\" \/>\n<meta name=\"author\" content=\"Matheus Mattuvo\" \/>\n<meta name=\"twitter:card\" content=\"summary_large_image\" \/>\n<meta name=\"twitter:label1\" content=\"Escrito por\" \/>\n\t<meta name=\"twitter:data1\" content=\"Matheus Mattuvo\" \/>\n\t<meta name=\"twitter:label2\" content=\"Est. tempo de leitura\" \/>\n\t<meta name=\"twitter:data2\" content=\"1 minuto\" \/>\n<script type=\"application\/ld+json\" class=\"yoast-schema-graph\">{\"@context\":\"https:\\\/\\\/schema.org\",\"@graph\":[{\"@type\":\"Article\",\"@id\":\"https:\\\/\\\/portal135.com.br\\\/?p=3365#article\",\"isPartOf\":{\"@id\":\"https:\\\/\\\/portal135.com.br\\\/?p=3365\"},\"author\":{\"name\":\"Matheus Mattuvo\",\"@id\":\"https:\\\/\\\/portal135.com.br\\\/#\\\/schema\\\/person\\\/c7ce183e9f1b4d0c52bb6dc385e7b175\"},\"headline\":\"Ra\u00e7a Negra faz dobradinha no &#8216;Ver\u00e3o Mais Paran\u00e1&#8217; com shows especiais em Matinhos e Pontal\",\"datePublished\":\"2026-01-21T15:08:17+00:00\",\"mainEntityOfPage\":{\"@id\":\"https:\\\/\\\/portal135.com.br\\\/?p=3365\"},\"wordCount\":272,\"publisher\":{\"@id\":\"https:\\\/\\\/portal135.com.br\\\/#organization\"},\"image\":{\"@id\":\"https:\\\/\\\/portal135.com.br\\\/?p=3365#primaryimage\"},\"thumbnailUrl\":\"https:\\\/\\\/portal135.com.br\\\/wp-content\\\/uploads\\\/2026\\\/01\\\/d1754171-2c68-4ead-968d-baebb5f35612.jpeg\",\"articleSection\":[\"M\u00fasica\"],\"inLanguage\":\"pt-BR\"},{\"@type\":\"WebPage\",\"@id\":\"https:\\\/\\\/portal135.com.br\\\/?p=3365\",\"url\":\"https:\\\/\\\/portal135.com.br\\\/?p=3365\",\"name\":\"Ra\u00e7a Negra faz dobradinha no 'Ver\u00e3o Mais Paran\u00e1' com shows especiais em Matinhos e Pontal\",\"isPartOf\":{\"@id\":\"https:\\\/\\\/portal135.com.br\\\/#website\"},\"primaryImageOfPage\":{\"@id\":\"https:\\\/\\\/portal135.com.br\\\/?p=3365#primaryimage\"},\"image\":{\"@id\":\"https:\\\/\\\/portal135.com.br\\\/?p=3365#primaryimage\"},\"thumbnailUrl\":\"https:\\\/\\\/portal135.com.br\\\/wp-content\\\/uploads\\\/2026\\\/01\\\/d1754171-2c68-4ead-968d-baebb5f35612.jpeg\",\"datePublished\":\"2026-01-21T15:08:17+00:00\",\"breadcrumb\":{\"@id\":\"https:\\\/\\\/portal135.com.br\\\/?p=3365#breadcrumb\"},\"inLanguage\":\"pt-BR\",\"potentialAction\":[{\"@type\":\"ReadAction\",\"target\":[\"https:\\\/\\\/portal135.com.br\\\/?p=3365\"]}]},{\"@type\":\"ImageObject\",\"inLanguage\":\"pt-BR\",\"@id\":\"https:\\\/\\\/portal135.com.br\\\/?p=3365#primaryimage\",\"url\":\"https:\\\/\\\/portal135.com.br\\\/wp-content\\\/uploads\\\/2026\\\/01\\\/d1754171-2c68-4ead-968d-baebb5f35612.jpeg\",\"contentUrl\":\"https:\\\/\\\/portal135.com.br\\\/wp-content\\\/uploads\\\/2026\\\/01\\\/d1754171-2c68-4ead-968d-baebb5f35612.jpeg\",\"width\":1500,\"height\":1000},{\"@type\":\"BreadcrumbList\",\"@id\":\"https:\\\/\\\/portal135.com.br\\\/?p=3365#breadcrumb\",\"itemListElement\":[{\"@type\":\"ListItem\",\"position\":1,\"name\":\"In\u00edcio\",\"item\":\"https:\\\/\\\/portal135.com.br\\\/\"},{\"@type\":\"ListItem\",\"position\":2,\"name\":\"Ra\u00e7a Negra faz dobradinha no &#8216;Ver\u00e3o Mais Paran\u00e1&#8217; com shows especiais em Matinhos e Pontal\"}]},{\"@type\":\"WebSite\",\"@id\":\"https:\\\/\\\/portal135.com.br\\\/#website\",\"url\":\"https:\\\/\\\/portal135.com.br\\\/\",\"name\":\"Portal 135\",\"description\":\"Portal de Not\u00edcias\",\"publisher\":{\"@id\":\"https:\\\/\\\/portal135.com.br\\\/#organization\"},\"potentialAction\":[{\"@type\":\"SearchAction\",\"target\":{\"@type\":\"EntryPoint\",\"urlTemplate\":\"https:\\\/\\\/portal135.com.br\\\/?s={search_term_string}\"},\"query-input\":{\"@type\":\"PropertyValueSpecification\",\"valueRequired\":true,\"valueName\":\"search_term_string\"}}],\"inLanguage\":\"pt-BR\"},{\"@type\":\"Organization\",\"@id\":\"https:\\\/\\\/portal135.com.br\\\/#organization\",\"name\":\"Portal 135\",\"url\":\"https:\\\/\\\/portal135.com.br\\\/\",\"logo\":{\"@type\":\"ImageObject\",\"inLanguage\":\"pt-BR\",\"@id\":\"https:\\\/\\\/portal135.com.br\\\/#\\\/schema\\\/logo\\\/image\\\/\",\"url\":\"https:\\\/\\\/portal135.com.br\\\/wp-content\\\/uploads\\\/2024\\\/09\\\/1000030041-removebg-preview.png\",\"contentUrl\":\"https:\\\/\\\/portal135.com.br\\\/wp-content\\\/uploads\\\/2024\\\/09\\\/1000030041-removebg-preview.png\",\"width\":500,\"height\":500,\"caption\":\"Portal 135\"},\"image\":{\"@id\":\"https:\\\/\\\/portal135.com.br\\\/#\\\/schema\\\/logo\\\/image\\\/\"}},{\"@type\":\"Person\",\"@id\":\"https:\\\/\\\/portal135.com.br\\\/#\\\/schema\\\/person\\\/c7ce183e9f1b4d0c52bb6dc385e7b175\",\"name\":\"Matheus Mattuvo\",\"image\":{\"@type\":\"ImageObject\",\"inLanguage\":\"pt-BR\",\"@id\":\"https:\\\/\\\/secure.gravatar.com\\\/avatar\\\/160fd465491b28b353bd7049ac5a7f96a9766e4186ad78c29ac46f081d4aa7b5?s=96&d=mm&r=g\",\"url\":\"https:\\\/\\\/secure.gravatar.com\\\/avatar\\\/160fd465491b28b353bd7049ac5a7f96a9766e4186ad78c29ac46f081d4aa7b5?s=96&d=mm&r=g\",\"contentUrl\":\"https:\\\/\\\/secure.gravatar.com\\\/avatar\\\/160fd465491b28b353bd7049ac5a7f96a9766e4186ad78c29ac46f081d4aa7b5?s=96&d=mm&r=g\",\"caption\":\"Matheus Mattuvo\"},\"url\":\"https:\\\/\\\/portal135.com.br\\\/?author=2\"}]}<\/script>\n<!-- \/ Yoast SEO plugin. -->","yoast_head_json":{"title":"Ra\u00e7a Negra faz dobradinha no 'Ver\u00e3o Mais Paran\u00e1' com shows especiais em Matinhos e Pontal","robots":{"index":"index","follow":"follow","max-snippet":"max-snippet:-1","max-image-preview":"max-image-preview:large","max-video-preview":"max-video-preview:-1"},"canonical":"https:\/\/portal135.com.br\/?p=3365","og_locale":"pt_BR","og_type":"article","og_title":"Ra\u00e7a Negra faz dobradinha no 'Ver\u00e3o Mais Paran\u00e1' com shows especiais em Matinhos e Pontal","og_description":"A banda leva a turn\u00ea \u201cMe Leva Junto Com Voc\u00ea\u201d nos dias 23 e 24 de janeiro O \u2018Ver\u00e3o Mais Paran\u00e1\u2019 ser\u00e1 embalado por muito romantismo, nostalgia e sucessos eternos nesta sexta-feira e s\u00e1bado, dias 23 e 24, com uma dobradinha especial da banda Ra\u00e7a Negra, comandada por Luiz Carlos, um dos maiores \u00edcones da m\u00fasica popular brasileira. Na sexta-feira (23), o grupo sobe ao Palco Matinhos, o principal do festival, em uma apresenta\u00e7\u00e3o que promete animar o p\u00fablico e que ainda contar\u00e1 com transmiss\u00e3o ao vivo pelo SBT, levando a energia do p\u00fablico paranaense para todo o Brasil. J\u00e1 [\u2026]","og_url":"https:\/\/portal135.com.br\/?p=3365","og_site_name":"Portal 135","article_published_time":"2026-01-21T15:08:17+00:00","og_image":[{"width":1500,"height":1000,"url":"https:\/\/portal135.com.br\/wp-content\/uploads\/2026\/01\/d1754171-2c68-4ead-968d-baebb5f35612.jpeg","type":"image\/jpeg"}],"author":"Matheus Mattuvo","twitter_card":"summary_large_image","twitter_misc":{"Escrito por":"Matheus Mattuvo","Est. tempo de leitura":"1 minuto"},"schema":{"@context":"https:\/\/schema.org","@graph":[{"@type":"Article","@id":"https:\/\/portal135.com.br\/?p=3365#article","isPartOf":{"@id":"https:\/\/portal135.com.br\/?p=3365"},"author":{"name":"Matheus Mattuvo","@id":"https:\/\/portal135.com.br\/#\/schema\/person\/c7ce183e9f1b4d0c52bb6dc385e7b175"},"headline":"Ra\u00e7a Negra faz dobradinha no &#8216;Ver\u00e3o Mais Paran\u00e1&#8217; com shows especiais em Matinhos e Pontal","datePublished":"2026-01-21T15:08:17+00:00","mainEntityOfPage":{"@id":"https:\/\/portal135.com.br\/?p=3365"},"wordCount":272,"publisher":{"@id":"https:\/\/portal135.com.br\/#organization"},"image":{"@id":"https:\/\/portal135.com.br\/?p=3365#primaryimage"},"thumbnailUrl":"https:\/\/portal135.com.br\/wp-content\/uploads\/2026\/01\/d1754171-2c68-4ead-968d-baebb5f35612.jpeg","articleSection":["M\u00fasica"],"inLanguage":"pt-BR"},{"@type":"WebPage","@id":"https:\/\/portal135.com.br\/?p=3365","url":"https:\/\/portal135.com.br\/?p=3365","name":"Ra\u00e7a Negra faz dobradinha no 'Ver\u00e3o Mais Paran\u00e1' com shows especiais em Matinhos e Pontal","isPartOf":{"@id":"https:\/\/portal135.com.br\/#website"},"primaryImageOfPage":{"@id":"https:\/\/portal135.com.br\/?p=3365#primaryimage"},"image":{"@id":"https:\/\/portal135.com.br\/?p=3365#primaryimage"},"thumbnailUrl":"https:\/\/portal135.com.br\/wp-content\/uploads\/2026\/01\/d1754171-2c68-4ead-968d-baebb5f35612.jpeg","datePublished":"2026-01-21T15:08:17+00:00","breadcrumb":{"@id":"https:\/\/portal135.com.br\/?p=3365#breadcrumb"},"inLanguage":"pt-BR","potentialAction":[{"@type":"ReadAction","target":["https:\/\/portal135.com.br\/?p=3365"]}]},{"@type":"ImageObject","inLanguage":"pt-BR","@id":"https:\/\/portal135.com.br\/?p=3365#primaryimage","url":"https:\/\/portal135.com.br\/wp-content\/uploads\/2026\/01\/d1754171-2c68-4ead-968d-baebb5f35612.jpeg","contentUrl":"https:\/\/portal135.com.br\/wp-content\/uploads\/2026\/01\/d1754171-2c68-4ead-968d-baebb5f35612.jpeg","width":1500,"height":1000},{"@type":"BreadcrumbList","@id":"https:\/\/portal135.com.br\/?p=3365#breadcrumb","itemListElement":[{"@type":"ListItem","position":1,"name":"In\u00edcio","item":"https:\/\/portal135.com.br\/"},{"@type":"ListItem","position":2,"name":"Ra\u00e7a Negra faz dobradinha no &#8216;Ver\u00e3o Mais Paran\u00e1&#8217; com shows especiais em Matinhos e Pontal"}]},{"@type":"WebSite","@id":"https:\/\/portal135.com.br\/#website","url":"https:\/\/portal135.com.br\/","name":"Portal 135","description":"Portal de Not\u00edcias","publisher":{"@id":"https:\/\/portal135.com.br\/#organization"},"potentialAction":[{"@type":"SearchAction","target":{"@type":"EntryPoint","urlTemplate":"https:\/\/portal135.com.br\/?s={search_term_string}"},"query-input":{"@type":"PropertyValueSpecification","valueRequired":true,"valueName":"search_term_string"}}],"inLanguage":"pt-BR"},{"@type":"Organization","@id":"https:\/\/portal135.com.br\/#organization","name":"Portal 135","url":"https:\/\/portal135.com.br\/","logo":{"@type":"ImageObject","inLanguage":"pt-BR","@id":"https:\/\/portal135.com.br\/#\/schema\/logo\/image\/","url":"https:\/\/portal135.com.br\/wp-content\/uploads\/2024\/09\/1000030041-removebg-preview.png","contentUrl":"https:\/\/portal135.com.br\/wp-content\/uploads\/2024\/09\/1000030041-removebg-preview.png","width":500,"height":500,"caption":"Portal 135"},"image":{"@id":"https:\/\/portal135.com.br\/#\/schema\/logo\/image\/"}},{"@type":"Person","@id":"https:\/\/portal135.com.br\/#\/schema\/person\/c7ce183e9f1b4d0c52bb6dc385e7b175","name":"Matheus Mattuvo","image":{"@type":"ImageObject","inLanguage":"pt-BR","@id":"https:\/\/secure.gravatar.com\/avatar\/160fd465491b28b353bd7049ac5a7f96a9766e4186ad78c29ac46f081d4aa7b5?s=96&d=mm&r=g","url":"https:\/\/secure.gravatar.com\/avatar\/160fd465491b28b353bd7049ac5a7f96a9766e4186ad78c29ac46f081d4aa7b5?s=96&d=mm&r=g","contentUrl":"https:\/\/secure.gravatar.com\/avatar\/160fd465491b28b353bd7049ac5a7f96a9766e4186ad78c29ac46f081d4aa7b5?s=96&d=mm&r=g","caption":"Matheus Mattuvo"},"url":"https:\/\/portal135.com.br\/?author=2"}]}},"_links":{"self":[{"href":"https:\/\/portal135.com.br\/index.php?rest_route=\/wp\/v2\/posts\/3365","targetHints":{"allow":["GET"]}}],"collection":[{"href":"https:\/\/portal135.com.br\/index.php?rest_route=\/wp\/v2\/posts"}],"about":[{"href":"https:\/\/portal135.com.br\/index.php?rest_route=\/wp\/v2\/types\/post"}],"author":[{"embeddable":true,"href":"https:\/\/portal135.com.br\/index.php?rest_route=\/wp\/v2\/users\/2"}],"replies":[{"embeddable":true,"href":"https:\/\/portal135.com.br\/index.php?rest_route=%2Fwp%2Fv2%2Fcomments&post=3365"}],"version-history":[{"count":1,"href":"https:\/\/portal135.com.br\/index.php?rest_route=\/wp\/v2\/posts\/3365\/revisions"}],"predecessor-version":[{"id":3366,"href":"https:\/\/portal135.com.br\/index.php?rest_route=\/wp\/v2\/posts\/3365\/revisions\/3366"}],"wp:featuredmedia":[{"embeddable":true,"href":"https:\/\/portal135.com.br\/index.php?rest_route=\/wp\/v2\/media\/3364"}],"wp:attachment":[{"href":"https:\/\/portal135.com.br\/index.php?rest_route=%2Fwp%2Fv2%2Fmedia&parent=3365"}],"wp:term":[{"taxonomy":"category","embeddable":true,"href":"https:\/\/portal135.com.br\/index.php?rest_route=%2Fwp%2Fv2%2Fcategories&post=3365"},{"taxonomy":"post_tag","embeddable":true,"href":"https:\/\/portal135.com.br\/index.php?rest_route=%2Fwp%2Fv2%2Ftags&post=3365"}],"curies":[{"name":"wp","href":"https:\/\/api.w.org\/{rel}","templated":true}]}}