{"id":3249,"date":"2025-12-10T20:07:19","date_gmt":"2025-12-10T20:07:19","guid":{"rendered":"https:\/\/portal135.com.br\/?p=3249"},"modified":"2025-12-10T20:07:19","modified_gmt":"2025-12-10T20:07:19","slug":"orquestra-filarmonica-de-pernambuco-ofpe-coral-infanto-juvenil-e-adulto-do-projeto-espiral-se-apresentam-no-teatro-guararapes","status":"publish","type":"post","link":"https:\/\/portal135.com.br\/?p=3249","title":{"rendered":"Orquestra Filarm\u00f4nica de Pernambuco OFPE, Coral Infanto-Juvenil e Adulto do Projeto Espiral se apresentam no Teatro Guararapes"},"content":{"rendered":"\n<p><strong>Orquestra Filarm\u00f4nica de Pernambuco OFPE<\/strong><br><strong>Divulga\u00e7\u00e3o.<\/strong><\/p>\n\n\n\n<p><strong><em>Concerto Natal Solid\u00e1rio re\u00fane grandes nomes da m\u00fasica pernambucana em apresenta\u00e7\u00e3o especial no Teatro Guararapes, sob a reg\u00eancia do Maestro Israel de Fran\u00e7a, no dia 11 de dezembro, com entrada gratuita; Oficina de Cordas ser\u00e1 ofertada no mesmo dia<\/em><\/strong><\/p>\n\n\n\n<p>O Teatro Guararapes &#8211; Centro de Conven\u00e7\u00f5es de Pernambuco, ser\u00e1 palco do Concerto Natal Solid\u00e1rio, no dia 11 de dezembro, quinta-feira, \u00e0s 19h. Com tradu\u00e7\u00e3o em libras e entrada gratuita, mediante inscri\u00e7\u00e3o pelo site&nbsp;<a href=\"http:\/\/cecontickets.com.br\/\" target=\"_blank\" rel=\"noreferrer noopener\">cecontickets.com.br<\/a>, o evento reunir\u00e1 a Orquestra Filarm\u00f4nica de Pernambuco (OFPE), o Coral Infanto juvenil e Adulto do Projeto Espiral, com reg\u00eancia do Maestro Israel de Fran\u00e7a, al\u00e9m de participa\u00e7\u00f5es especiais de nomes consagrados da m\u00fasica pernambucana: Marrom Brasileiro, Maestro Ademir Ara\u00fajo, Ed Carlos, Clara Oliveira e Parr\u00f4 Melo (sax). Ser\u00e1 uma grande celebra\u00e7\u00e3o da m\u00fasica, da arte e da solidariedade, promovida pelo Instituto Brasileiro de Educa\u00e7\u00e3o, Cultura e Desenvolvimento Regional (IMIF).<\/p>\n\n\n\n<p><img decoding=\"async\" width=\"300\" src=\"https:\/\/ci3.googleusercontent.com\/meips\/ADKq_Nb76q7JSRn6Ep_B30vHOUKETqpvNTSwFyYrZur16ubr49C3C2qZew1RXifN_ZO6wHoOmmcJ1rtALb6tNcXx-VtAPqkh6i7eG1kSdZ9sXm0bR0drjmsph8m17j8ZN2fH6SdXsl3dJWUGX7UAw8f-VJnnkT5DkjQXsSu2j0eRRmquO3d4jr9L6OY0_OWNo7LyIm3oavHoz0TzV1DSqCEX=s0-d-e1-ft#https:\/\/files.pressmanager.net\/clientes\/67dd844a69e08263976a65f343f9b4e0\/imagens\/2025\/12\/10\/ae3a1794f813e08f000931263bad576b_medium.jpg\" alt=\"\"><\/p>\n\n\n\n<p>O encontro musical que celebra talento e inclus\u00e3o \u00e9 uma realiza\u00e7\u00e3o do Minist\u00e9rio da Cultura, Governo do Brasil &#8211; do lado do povo brasileiro, Pernambuco Centro de Conven\u00e7\u00f5es e do IMIF, com patroc\u00ednio da CATENO por meio da Lei Federal de Incentivo \u00e0 Cultura. A iniciativa conta ainda com o apoio da Nenety Eventos, DNZ, Cooperhagri e da Prefeitura de Olinda. O evento integra a programa\u00e7\u00e3o da 1\u00aa Mostra Nacional de Teatro e da M\u00fasica I Pronac 240631.<\/p>\n\n\n\n<p>O Concerto Natal Solid\u00e1rio marca o encerramento das atividades art\u00edsticas de 2025 dos alunos do Projeto Espiral, iniciativa que oferece forma\u00e7\u00e3o musical gratuita a crian\u00e7as, adolescentes e adultos residentes em \u00e1reas de vulnerabilidade social da RMR. O presidente do Conselho de Administra\u00e7\u00e3o do IMIF, Eduardo de Matos, destaca que o concerto simboliza o impacto transformador da m\u00fasica: \u201cEsse \u00e9 um momento muito especial. Ver nossos alunos dividindo o palco com artistas que s\u00e3o \u00edcones da nossa cultura mostra que a arte abre caminhos, fortalece v\u00ednculos e transforma realidades\u201d, afirmou.<\/p>\n\n\n\n<p><strong>Participa\u00e7\u00f5es especiais<\/strong><\/p>\n\n\n\n<p>A apresenta\u00e7\u00e3o da Orquestra Filarm\u00f4nica de Pernambuco \u2013 OFPE dar\u00e1 ao concerto uma sonoridade majestosa, combinando repert\u00f3rio natalino e arranjos especialmente produzidos para a noite. Os convidados especiais \u2014 Marrom Brasileiro, conhecido por sua energia e for\u00e7a interpretativa, Maestro Ademir Ara\u00fajo, refer\u00eancia no frevo e na m\u00fasica popular, o cantor Ed Carlos, a jovem cantora Clara Oliveira &nbsp;e o saxofonista Parr\u00f4 Melo\u2014 trazem diversidade e brilho para uma noite que promete emocionar o p\u00fablico.<\/p>\n\n\n\n<p><strong>Solidariedade<\/strong><\/p>\n\n\n\n<p>Al\u00e9m de apreciar a apresenta\u00e7\u00e3o, o p\u00fablico poder\u00e1 contribuir com doa\u00e7\u00f5es de alimentos, roupas, instrumentos musicais ou recursos financeiros destinados ao fortalecimento das a\u00e7\u00f5es sociais e educativas do IMIF.<\/p>\n\n\n\n<p><strong>Oficina de Cordas<\/strong><\/p>\n\n\n\n<p>A Oficina de Cordas, que acontece no dia 11 de dezembro, \u00e0s 10h, no Conservat\u00f3rio de M\u00fasica do IMIF, localizado no Centro de Conven\u00e7\u00f5es de Pernambuco, ser\u00e1 comandada pelo Maestro Israel de Fran\u00e7a e pelo Professor Anderson Cauan. Voltada para alunos e profissionais da fam\u00edlia das cordas, a atividade busca oferecer um enriquecimento t\u00e9cnico e musical. Com entrada gratuita e tradu\u00e7\u00e3o em Libras, o evento \u00e9 parte de uma programa\u00e7\u00e3o especial que ter\u00e1 continuidade em janeiro de 2026, com apresenta\u00e7\u00f5es teatrais para p\u00fablicos de todas as idades, shows musicais e outras oficinas.&nbsp;&nbsp;&nbsp;&nbsp;&nbsp;&nbsp;&nbsp;&nbsp;&nbsp;&nbsp;&nbsp;&nbsp;&nbsp;&nbsp;&nbsp;&nbsp;&nbsp;&nbsp;&nbsp;&nbsp;&nbsp;<\/p>\n\n\n\n<p><strong>Servi\u00e7o &#8211; Concerto Natal Solid\u00e1rio \u2013 IMIF<\/strong><\/p>\n\n\n\n<p><strong>Data:<\/strong>&nbsp;11 de dezembro<\/p>\n\n\n\n<p><strong>Hor\u00e1rio:<\/strong>&nbsp;19h<\/p>\n\n\n\n<p><strong>Local:<\/strong>&nbsp;Teatro Guararapes &#8211; Centro de Conven\u00e7\u00f5es de Pernambuco (Av. Prof. Andrade Bezerra, S\/N &#8211; Salgadinho, Olinda \u2013 PE)<\/p>\n\n\n\n<p><strong>Entrada gratuita mediante inscri\u00e7\u00e3o pr\u00e9via no&nbsp;<a href=\"http:\/\/cecontickets.com.br\/\" target=\"_blank\" rel=\"noreferrer noopener\">cecontickets.com.br<\/a><\/strong><\/p>\n\n\n\n<p><strong>Doa\u00e7\u00f5es volunt\u00e1rias no local<\/strong><\/p>\n\n\n\n<p><strong>Realiza\u00e7\u00e3o:<\/strong>&nbsp;Minist\u00e9rio da Cultura, Governo do Brasil \u2013 do lado do povo brasileiro, Pernambuco Centro de Conven\u00e7\u00f5es e IMIF<br><strong>Patroc\u00ednio:<\/strong>&nbsp;CATENO (por meio da Lei Federal de Incentivo \u00e0 Cultura)<br><strong>Apoio:<\/strong>&nbsp;Nenety Eventos, DNZ, Cooperhagri e Prefeitura de Olinda<br>O Evento integra a programa\u00e7\u00e3o da 1\u00aa Mostra Nacional de Teatro e da M\u00fasica | Pronac 240631<\/p>\n\n\n\n<p><strong>Servi\u00e7o<\/strong><br><strong>Data:<\/strong>&nbsp;11 de dezembro<br><strong>Hor\u00e1rio:<\/strong>&nbsp;10h<br><strong>Local:<\/strong>&nbsp;Conservat\u00f3rio de M\u00fasica do IMIF, no Centro de Conven\u00e7\u00f5es de Pernambuco<br><strong>Entrada:<\/strong>&nbsp;Gratuita<br><strong>Acessibilidade:<\/strong>&nbsp;Tradu\u00e7\u00e3o em Libras<br><strong>Continua\u00e7\u00e3o da programa\u00e7\u00e3o:<\/strong>&nbsp;Janeiro de 2026, com apresenta\u00e7\u00f5es teatrais, shows musicais e oficinas.<\/p>\n","protected":false},"excerpt":{"rendered":"<p>Orquestra Filarm\u00f4nica de Pernambuco OFPEDivulga\u00e7\u00e3o. Concerto Natal Solid\u00e1rio re\u00fane grandes nomes da m\u00fasica pernambucana em apresenta\u00e7\u00e3o especial no Teatro Guararapes, sob a reg\u00eancia do Maestro Israel de Fran\u00e7a, no dia 11 de dezembro, com entrada gratuita; Oficina de Cordas ser\u00e1 ofertada no mesmo dia O Teatro Guararapes &#8211; Centro de Conven\u00e7\u00f5es de Pernambuco, ser\u00e1 palco do Concerto Natal Solid\u00e1rio, no dia 11 de dezembro, quinta-feira, \u00e0s 19h. Com tradu\u00e7\u00e3o em libras e entrada gratuita, mediante inscri\u00e7\u00e3o pelo site&nbsp;cecontickets.com.br, o evento reunir\u00e1 a Orquestra Filarm\u00f4nica de Pernambuco (OFPE), o Coral Infanto juvenil e Adulto do Projeto Espiral, com reg\u00eancia do Maestro Israel de Fran\u00e7a, al\u00e9m de participa\u00e7\u00f5es especiais de nomes consagrados da m\u00fasica pernambucana: Marrom Brasileiro, Maestro Ademir Ara\u00fajo, Ed Carlos, Clara Oliveira e Parr\u00f4 Melo (sax). Ser\u00e1 uma grande celebra\u00e7\u00e3o da m\u00fasica, da arte e da solidariedade, promovida pelo Instituto Brasileiro de Educa\u00e7\u00e3o, Cultura e Desenvolvimento Regional (IMIF). O encontro musical que celebra talento e inclus\u00e3o \u00e9 uma realiza\u00e7\u00e3o do Minist\u00e9rio da Cultura, Governo do Brasil &#8211; do lado do povo brasileiro, Pernambuco Centro de Conven\u00e7\u00f5es e do IMIF, com patroc\u00ednio da CATENO por meio da Lei Federal de Incentivo \u00e0 Cultura. A iniciativa conta ainda com o apoio da Nenety Eventos, DNZ, Cooperhagri e da Prefeitura de Olinda. O evento integra a programa\u00e7\u00e3o da 1\u00aa Mostra Nacional de Teatro e da M\u00fasica I Pronac 240631. O Concerto Natal Solid\u00e1rio marca o encerramento das atividades art\u00edsticas de 2025 dos alunos do Projeto Espiral, iniciativa que oferece forma\u00e7\u00e3o musical gratuita a crian\u00e7as, adolescentes e adultos residentes em \u00e1reas de vulnerabilidade social da RMR. O presidente do Conselho de Administra\u00e7\u00e3o do IMIF, Eduardo de Matos, destaca que o concerto simboliza o impacto transformador da m\u00fasica: \u201cEsse \u00e9 um momento muito especial. Ver nossos alunos dividindo o palco com artistas que s\u00e3o \u00edcones da nossa cultura mostra que a arte abre caminhos, fortalece v\u00ednculos e transforma realidades\u201d, afirmou. Participa\u00e7\u00f5es especiais A apresenta\u00e7\u00e3o da Orquestra Filarm\u00f4nica de Pernambuco \u2013 OFPE dar\u00e1 ao concerto uma sonoridade majestosa, combinando repert\u00f3rio natalino e arranjos especialmente produzidos para a noite. Os convidados especiais \u2014 Marrom Brasileiro, conhecido por sua energia e for\u00e7a interpretativa, Maestro Ademir Ara\u00fajo, refer\u00eancia no frevo e na m\u00fasica popular, o cantor Ed Carlos, a jovem cantora Clara Oliveira &nbsp;e o saxofonista Parr\u00f4 Melo\u2014 trazem diversidade e brilho para uma noite que promete emocionar o p\u00fablico. Solidariedade Al\u00e9m de apreciar a apresenta\u00e7\u00e3o, o p\u00fablico poder\u00e1 contribuir com doa\u00e7\u00f5es de alimentos, roupas, instrumentos musicais ou recursos financeiros destinados ao fortalecimento das a\u00e7\u00f5es sociais e educativas do IMIF. Oficina de Cordas A Oficina de Cordas, que acontece no dia 11 de dezembro, \u00e0s 10h, no Conservat\u00f3rio de M\u00fasica do IMIF, localizado no Centro de Conven\u00e7\u00f5es de Pernambuco, ser\u00e1 comandada pelo Maestro Israel de Fran\u00e7a e pelo Professor Anderson Cauan. Voltada para alunos e profissionais da fam\u00edlia das cordas, a atividade busca oferecer um enriquecimento t\u00e9cnico e musical. Com entrada gratuita e tradu\u00e7\u00e3o em Libras, o evento \u00e9 parte de uma programa\u00e7\u00e3o especial que ter\u00e1 continuidade em janeiro de 2026, com apresenta\u00e7\u00f5es teatrais para p\u00fablicos de todas as idades, shows musicais e outras oficinas.&nbsp;&nbsp;&nbsp;&nbsp;&nbsp;&nbsp;&nbsp;&nbsp;&nbsp;&nbsp;&nbsp;&nbsp;&nbsp;&nbsp;&nbsp;&nbsp;&nbsp;&nbsp;&nbsp;&nbsp;&nbsp; Servi\u00e7o &#8211; Concerto Natal Solid\u00e1rio \u2013 IMIF Data:&nbsp;11 de dezembro Hor\u00e1rio:&nbsp;19h Local:&nbsp;Teatro Guararapes &#8211; Centro de Conven\u00e7\u00f5es de Pernambuco (Av. Prof. Andrade Bezerra, S\/N &#8211; Salgadinho, Olinda \u2013 PE) Entrada gratuita mediante inscri\u00e7\u00e3o pr\u00e9via no&nbsp;cecontickets.com.br Doa\u00e7\u00f5es volunt\u00e1rias no local Realiza\u00e7\u00e3o:&nbsp;Minist\u00e9rio da Cultura, Governo do Brasil \u2013 do lado do povo brasileiro, Pernambuco Centro de Conven\u00e7\u00f5es e IMIFPatroc\u00ednio:&nbsp;CATENO (por meio da Lei Federal de Incentivo \u00e0 Cultura)Apoio:&nbsp;Nenety Eventos, DNZ, Cooperhagri e Prefeitura de OlindaO Evento integra a programa\u00e7\u00e3o da 1\u00aa Mostra Nacional de Teatro e da M\u00fasica | Pronac 240631 Servi\u00e7oData:&nbsp;11 de dezembroHor\u00e1rio:&nbsp;10hLocal:&nbsp;Conservat\u00f3rio de M\u00fasica do IMIF, no Centro de Conven\u00e7\u00f5es de PernambucoEntrada:&nbsp;GratuitaAcessibilidade:&nbsp;Tradu\u00e7\u00e3o em LibrasContinua\u00e7\u00e3o da programa\u00e7\u00e3o:&nbsp;Janeiro de 2026, com apresenta\u00e7\u00f5es teatrais, shows musicais e oficinas.<\/p>\n","protected":false},"author":5,"featured_media":3250,"comment_status":"open","ping_status":"open","sticky":true,"template":"","format":"standard","meta":{"footnotes":""},"categories":[32],"tags":[],"class_list":["post-3249","post","type-post","status-publish","format-standard","has-post-thumbnail","hentry","category-brasil"],"yoast_head":"<!-- This site is optimized with the Yoast SEO plugin v27.3 - https:\/\/yoast.com\/product\/yoast-seo-wordpress\/ -->\n<title>Orquestra Filarm\u00f4nica de Pernambuco OFPE, Coral Infanto-Juvenil e Adulto do Projeto Espiral se apresentam no Teatro Guararapes<\/title>\n<meta name=\"robots\" content=\"index, follow, max-snippet:-1, max-image-preview:large, max-video-preview:-1\" \/>\n<link rel=\"canonical\" href=\"https:\/\/portal135.com.br\/?p=3249\" \/>\n<meta property=\"og:locale\" content=\"pt_BR\" \/>\n<meta property=\"og:type\" content=\"article\" \/>\n<meta property=\"og:title\" content=\"Orquestra Filarm\u00f4nica de Pernambuco OFPE, Coral Infanto-Juvenil e Adulto do Projeto Espiral se apresentam no Teatro Guararapes\" \/>\n<meta property=\"og:description\" content=\"Orquestra Filarm\u00f4nica de Pernambuco OFPEDivulga\u00e7\u00e3o. Concerto Natal Solid\u00e1rio re\u00fane grandes nomes da m\u00fasica pernambucana em apresenta\u00e7\u00e3o especial no Teatro Guararapes, sob a reg\u00eancia do Maestro Israel de Fran\u00e7a, no dia 11 de dezembro, com entrada gratuita; Oficina de Cordas ser\u00e1 ofertada no mesmo dia O Teatro Guararapes &#8211; Centro de Conven\u00e7\u00f5es de Pernambuco, ser\u00e1 palco do Concerto Natal Solid\u00e1rio, no dia 11 de dezembro, quinta-feira, \u00e0s 19h. Com tradu\u00e7\u00e3o em libras e entrada gratuita, mediante inscri\u00e7\u00e3o pelo site&nbsp;cecontickets.com.br, o evento reunir\u00e1 a Orquestra Filarm\u00f4nica de Pernambuco (OFPE), o Coral Infanto juvenil e Adulto do Projeto Espiral, com reg\u00eancia do Maestro Israel de Fran\u00e7a, al\u00e9m de participa\u00e7\u00f5es especiais de nomes consagrados da m\u00fasica pernambucana: Marrom Brasileiro, Maestro Ademir Ara\u00fajo, Ed Carlos, Clara Oliveira e Parr\u00f4 Melo (sax). Ser\u00e1 uma grande celebra\u00e7\u00e3o da m\u00fasica, da arte e da solidariedade, promovida pelo Instituto Brasileiro de Educa\u00e7\u00e3o, Cultura e Desenvolvimento Regional (IMIF). O encontro musical que celebra talento e inclus\u00e3o \u00e9 uma realiza\u00e7\u00e3o do Minist\u00e9rio da Cultura, Governo do Brasil &#8211; do lado do povo brasileiro, Pernambuco Centro de Conven\u00e7\u00f5es e do IMIF, com patroc\u00ednio da CATENO por meio da Lei Federal de Incentivo \u00e0 Cultura. A iniciativa conta ainda com o apoio da Nenety Eventos, DNZ, Cooperhagri e da Prefeitura de Olinda. O evento integra a programa\u00e7\u00e3o da 1\u00aa Mostra Nacional de Teatro e da M\u00fasica I Pronac 240631. O Concerto Natal Solid\u00e1rio marca o encerramento das atividades art\u00edsticas de 2025 dos alunos do Projeto Espiral, iniciativa que oferece forma\u00e7\u00e3o musical gratuita a crian\u00e7as, adolescentes e adultos residentes em \u00e1reas de vulnerabilidade social da RMR. O presidente do Conselho de Administra\u00e7\u00e3o do IMIF, Eduardo de Matos, destaca que o concerto simboliza o impacto transformador da m\u00fasica: \u201cEsse \u00e9 um momento muito especial. Ver nossos alunos dividindo o palco com artistas que s\u00e3o \u00edcones da nossa cultura mostra que a arte abre caminhos, fortalece v\u00ednculos e transforma realidades\u201d, afirmou. Participa\u00e7\u00f5es especiais A apresenta\u00e7\u00e3o da Orquestra Filarm\u00f4nica de Pernambuco \u2013 OFPE dar\u00e1 ao concerto uma sonoridade majestosa, combinando repert\u00f3rio natalino e arranjos especialmente produzidos para a noite. Os convidados especiais \u2014 Marrom Brasileiro, conhecido por sua energia e for\u00e7a interpretativa, Maestro Ademir Ara\u00fajo, refer\u00eancia no frevo e na m\u00fasica popular, o cantor Ed Carlos, a jovem cantora Clara Oliveira &nbsp;e o saxofonista Parr\u00f4 Melo\u2014 trazem diversidade e brilho para uma noite que promete emocionar o p\u00fablico. Solidariedade Al\u00e9m de apreciar a apresenta\u00e7\u00e3o, o p\u00fablico poder\u00e1 contribuir com doa\u00e7\u00f5es de alimentos, roupas, instrumentos musicais ou recursos financeiros destinados ao fortalecimento das a\u00e7\u00f5es sociais e educativas do IMIF. Oficina de Cordas A Oficina de Cordas, que acontece no dia 11 de dezembro, \u00e0s 10h, no Conservat\u00f3rio de M\u00fasica do IMIF, localizado no Centro de Conven\u00e7\u00f5es de Pernambuco, ser\u00e1 comandada pelo Maestro Israel de Fran\u00e7a e pelo Professor Anderson Cauan. Voltada para alunos e profissionais da fam\u00edlia das cordas, a atividade busca oferecer um enriquecimento t\u00e9cnico e musical. Com entrada gratuita e tradu\u00e7\u00e3o em Libras, o evento \u00e9 parte de uma programa\u00e7\u00e3o especial que ter\u00e1 continuidade em janeiro de 2026, com apresenta\u00e7\u00f5es teatrais para p\u00fablicos de todas as idades, shows musicais e outras oficinas.&nbsp;&nbsp;&nbsp;&nbsp;&nbsp;&nbsp;&nbsp;&nbsp;&nbsp;&nbsp;&nbsp;&nbsp;&nbsp;&nbsp;&nbsp;&nbsp;&nbsp;&nbsp;&nbsp;&nbsp;&nbsp; Servi\u00e7o &#8211; Concerto Natal Solid\u00e1rio \u2013 IMIF Data:&nbsp;11 de dezembro Hor\u00e1rio:&nbsp;19h Local:&nbsp;Teatro Guararapes &#8211; Centro de Conven\u00e7\u00f5es de Pernambuco (Av. Prof. Andrade Bezerra, S\/N &#8211; Salgadinho, Olinda \u2013 PE) Entrada gratuita mediante inscri\u00e7\u00e3o pr\u00e9via no&nbsp;cecontickets.com.br Doa\u00e7\u00f5es volunt\u00e1rias no local Realiza\u00e7\u00e3o:&nbsp;Minist\u00e9rio da Cultura, Governo do Brasil \u2013 do lado do povo brasileiro, Pernambuco Centro de Conven\u00e7\u00f5es e IMIFPatroc\u00ednio:&nbsp;CATENO (por meio da Lei Federal de Incentivo \u00e0 Cultura)Apoio:&nbsp;Nenety Eventos, DNZ, Cooperhagri e Prefeitura de OlindaO Evento integra a programa\u00e7\u00e3o da 1\u00aa Mostra Nacional de Teatro e da M\u00fasica | Pronac 240631 Servi\u00e7oData:&nbsp;11 de dezembroHor\u00e1rio:&nbsp;10hLocal:&nbsp;Conservat\u00f3rio de M\u00fasica do IMIF, no Centro de Conven\u00e7\u00f5es de PernambucoEntrada:&nbsp;GratuitaAcessibilidade:&nbsp;Tradu\u00e7\u00e3o em LibrasContinua\u00e7\u00e3o da programa\u00e7\u00e3o:&nbsp;Janeiro de 2026, com apresenta\u00e7\u00f5es teatrais, shows musicais e oficinas.\" \/>\n<meta property=\"og:url\" content=\"https:\/\/portal135.com.br\/?p=3249\" \/>\n<meta property=\"og:site_name\" content=\"Portal 135\" \/>\n<meta property=\"article:published_time\" content=\"2025-12-10T20:07:19+00:00\" \/>\n<meta property=\"og:image\" content=\"https:\/\/portal135.com.br\/wp-content\/uploads\/2025\/12\/WhatsApp-Image-2025-12-09-at-13.43.18.jpg\" \/>\n\t<meta property=\"og:image:width\" content=\"1280\" \/>\n\t<meta property=\"og:image:height\" content=\"853\" \/>\n\t<meta property=\"og:image:type\" content=\"image\/jpeg\" \/>\n<meta name=\"author\" content=\"Felipe De Jesus\" \/>\n<meta name=\"twitter:card\" content=\"summary_large_image\" \/>\n<meta name=\"twitter:label1\" content=\"Escrito por\" \/>\n\t<meta name=\"twitter:data1\" content=\"Felipe De Jesus\" \/>\n\t<meta name=\"twitter:label2\" content=\"Est. tempo de leitura\" \/>\n\t<meta name=\"twitter:data2\" content=\"4 minutos\" \/>\n<script type=\"application\/ld+json\" class=\"yoast-schema-graph\">{\"@context\":\"https:\\\/\\\/schema.org\",\"@graph\":[{\"@type\":\"Article\",\"@id\":\"https:\\\/\\\/portal135.com.br\\\/?p=3249#article\",\"isPartOf\":{\"@id\":\"https:\\\/\\\/portal135.com.br\\\/?p=3249\"},\"author\":{\"name\":\"Felipe De Jesus\",\"@id\":\"https:\\\/\\\/portal135.com.br\\\/#\\\/schema\\\/person\\\/8b1047d329adb7f2596093a79f5658e6\"},\"headline\":\"Orquestra Filarm\u00f4nica de Pernambuco OFPE, Coral Infanto-Juvenil e Adulto do Projeto Espiral se apresentam no Teatro Guararapes\",\"datePublished\":\"2025-12-10T20:07:19+00:00\",\"mainEntityOfPage\":{\"@id\":\"https:\\\/\\\/portal135.com.br\\\/?p=3249\"},\"wordCount\":774,\"commentCount\":0,\"publisher\":{\"@id\":\"https:\\\/\\\/portal135.com.br\\\/#organization\"},\"image\":{\"@id\":\"https:\\\/\\\/portal135.com.br\\\/?p=3249#primaryimage\"},\"thumbnailUrl\":\"https:\\\/\\\/portal135.com.br\\\/wp-content\\\/uploads\\\/2025\\\/12\\\/WhatsApp-Image-2025-12-09-at-13.43.18.jpg\",\"articleSection\":[\"Brasil\"],\"inLanguage\":\"pt-BR\",\"potentialAction\":[{\"@type\":\"CommentAction\",\"name\":\"Comment\",\"target\":[\"https:\\\/\\\/portal135.com.br\\\/?p=3249#respond\"]}]},{\"@type\":\"WebPage\",\"@id\":\"https:\\\/\\\/portal135.com.br\\\/?p=3249\",\"url\":\"https:\\\/\\\/portal135.com.br\\\/?p=3249\",\"name\":\"Orquestra Filarm\u00f4nica de Pernambuco OFPE, Coral Infanto-Juvenil e Adulto do Projeto Espiral se apresentam no Teatro Guararapes\",\"isPartOf\":{\"@id\":\"https:\\\/\\\/portal135.com.br\\\/#website\"},\"primaryImageOfPage\":{\"@id\":\"https:\\\/\\\/portal135.com.br\\\/?p=3249#primaryimage\"},\"image\":{\"@id\":\"https:\\\/\\\/portal135.com.br\\\/?p=3249#primaryimage\"},\"thumbnailUrl\":\"https:\\\/\\\/portal135.com.br\\\/wp-content\\\/uploads\\\/2025\\\/12\\\/WhatsApp-Image-2025-12-09-at-13.43.18.jpg\",\"datePublished\":\"2025-12-10T20:07:19+00:00\",\"breadcrumb\":{\"@id\":\"https:\\\/\\\/portal135.com.br\\\/?p=3249#breadcrumb\"},\"inLanguage\":\"pt-BR\",\"potentialAction\":[{\"@type\":\"ReadAction\",\"target\":[\"https:\\\/\\\/portal135.com.br\\\/?p=3249\"]}]},{\"@type\":\"ImageObject\",\"inLanguage\":\"pt-BR\",\"@id\":\"https:\\\/\\\/portal135.com.br\\\/?p=3249#primaryimage\",\"url\":\"https:\\\/\\\/portal135.com.br\\\/wp-content\\\/uploads\\\/2025\\\/12\\\/WhatsApp-Image-2025-12-09-at-13.43.18.jpg\",\"contentUrl\":\"https:\\\/\\\/portal135.com.br\\\/wp-content\\\/uploads\\\/2025\\\/12\\\/WhatsApp-Image-2025-12-09-at-13.43.18.jpg\",\"width\":1280,\"height\":853},{\"@type\":\"BreadcrumbList\",\"@id\":\"https:\\\/\\\/portal135.com.br\\\/?p=3249#breadcrumb\",\"itemListElement\":[{\"@type\":\"ListItem\",\"position\":1,\"name\":\"In\u00edcio\",\"item\":\"https:\\\/\\\/portal135.com.br\\\/\"},{\"@type\":\"ListItem\",\"position\":2,\"name\":\"Orquestra Filarm\u00f4nica de Pernambuco OFPE, Coral Infanto-Juvenil e Adulto do Projeto Espiral se apresentam no Teatro Guararapes\"}]},{\"@type\":\"WebSite\",\"@id\":\"https:\\\/\\\/portal135.com.br\\\/#website\",\"url\":\"https:\\\/\\\/portal135.com.br\\\/\",\"name\":\"Portal 135\",\"description\":\"Portal de Not\u00edcias\",\"publisher\":{\"@id\":\"https:\\\/\\\/portal135.com.br\\\/#organization\"},\"potentialAction\":[{\"@type\":\"SearchAction\",\"target\":{\"@type\":\"EntryPoint\",\"urlTemplate\":\"https:\\\/\\\/portal135.com.br\\\/?s={search_term_string}\"},\"query-input\":{\"@type\":\"PropertyValueSpecification\",\"valueRequired\":true,\"valueName\":\"search_term_string\"}}],\"inLanguage\":\"pt-BR\"},{\"@type\":\"Organization\",\"@id\":\"https:\\\/\\\/portal135.com.br\\\/#organization\",\"name\":\"Portal 135\",\"url\":\"https:\\\/\\\/portal135.com.br\\\/\",\"logo\":{\"@type\":\"ImageObject\",\"inLanguage\":\"pt-BR\",\"@id\":\"https:\\\/\\\/portal135.com.br\\\/#\\\/schema\\\/logo\\\/image\\\/\",\"url\":\"https:\\\/\\\/portal135.com.br\\\/wp-content\\\/uploads\\\/2024\\\/09\\\/1000030041-removebg-preview.png\",\"contentUrl\":\"https:\\\/\\\/portal135.com.br\\\/wp-content\\\/uploads\\\/2024\\\/09\\\/1000030041-removebg-preview.png\",\"width\":500,\"height\":500,\"caption\":\"Portal 135\"},\"image\":{\"@id\":\"https:\\\/\\\/portal135.com.br\\\/#\\\/schema\\\/logo\\\/image\\\/\"}},{\"@type\":\"Person\",\"@id\":\"https:\\\/\\\/portal135.com.br\\\/#\\\/schema\\\/person\\\/8b1047d329adb7f2596093a79f5658e6\",\"name\":\"Felipe De Jesus\",\"image\":{\"@type\":\"ImageObject\",\"inLanguage\":\"pt-BR\",\"@id\":\"https:\\\/\\\/secure.gravatar.com\\\/avatar\\\/c7bb18151e6c15c2f6c17d6a985b65614e924b0a2109679be31286f997dd99df?s=96&d=mm&r=g\",\"url\":\"https:\\\/\\\/secure.gravatar.com\\\/avatar\\\/c7bb18151e6c15c2f6c17d6a985b65614e924b0a2109679be31286f997dd99df?s=96&d=mm&r=g\",\"contentUrl\":\"https:\\\/\\\/secure.gravatar.com\\\/avatar\\\/c7bb18151e6c15c2f6c17d6a985b65614e924b0a2109679be31286f997dd99df?s=96&d=mm&r=g\",\"caption\":\"Felipe De Jesus\"},\"url\":\"https:\\\/\\\/portal135.com.br\\\/?author=5\"}]}<\/script>\n<!-- \/ Yoast SEO plugin. -->","yoast_head_json":{"title":"Orquestra Filarm\u00f4nica de Pernambuco OFPE, Coral Infanto-Juvenil e Adulto do Projeto Espiral se apresentam no Teatro Guararapes","robots":{"index":"index","follow":"follow","max-snippet":"max-snippet:-1","max-image-preview":"max-image-preview:large","max-video-preview":"max-video-preview:-1"},"canonical":"https:\/\/portal135.com.br\/?p=3249","og_locale":"pt_BR","og_type":"article","og_title":"Orquestra Filarm\u00f4nica de Pernambuco OFPE, Coral Infanto-Juvenil e Adulto do Projeto Espiral se apresentam no Teatro Guararapes","og_description":"Orquestra Filarm\u00f4nica de Pernambuco OFPEDivulga\u00e7\u00e3o. Concerto Natal Solid\u00e1rio re\u00fane grandes nomes da m\u00fasica pernambucana em apresenta\u00e7\u00e3o especial no Teatro Guararapes, sob a reg\u00eancia do Maestro Israel de Fran\u00e7a, no dia 11 de dezembro, com entrada gratuita; Oficina de Cordas ser\u00e1 ofertada no mesmo dia O Teatro Guararapes &#8211; Centro de Conven\u00e7\u00f5es de Pernambuco, ser\u00e1 palco do Concerto Natal Solid\u00e1rio, no dia 11 de dezembro, quinta-feira, \u00e0s 19h. Com tradu\u00e7\u00e3o em libras e entrada gratuita, mediante inscri\u00e7\u00e3o pelo site&nbsp;cecontickets.com.br, o evento reunir\u00e1 a Orquestra Filarm\u00f4nica de Pernambuco (OFPE), o Coral Infanto juvenil e Adulto do Projeto Espiral, com reg\u00eancia do Maestro Israel de Fran\u00e7a, al\u00e9m de participa\u00e7\u00f5es especiais de nomes consagrados da m\u00fasica pernambucana: Marrom Brasileiro, Maestro Ademir Ara\u00fajo, Ed Carlos, Clara Oliveira e Parr\u00f4 Melo (sax). Ser\u00e1 uma grande celebra\u00e7\u00e3o da m\u00fasica, da arte e da solidariedade, promovida pelo Instituto Brasileiro de Educa\u00e7\u00e3o, Cultura e Desenvolvimento Regional (IMIF). O encontro musical que celebra talento e inclus\u00e3o \u00e9 uma realiza\u00e7\u00e3o do Minist\u00e9rio da Cultura, Governo do Brasil &#8211; do lado do povo brasileiro, Pernambuco Centro de Conven\u00e7\u00f5es e do IMIF, com patroc\u00ednio da CATENO por meio da Lei Federal de Incentivo \u00e0 Cultura. A iniciativa conta ainda com o apoio da Nenety Eventos, DNZ, Cooperhagri e da Prefeitura de Olinda. O evento integra a programa\u00e7\u00e3o da 1\u00aa Mostra Nacional de Teatro e da M\u00fasica I Pronac 240631. O Concerto Natal Solid\u00e1rio marca o encerramento das atividades art\u00edsticas de 2025 dos alunos do Projeto Espiral, iniciativa que oferece forma\u00e7\u00e3o musical gratuita a crian\u00e7as, adolescentes e adultos residentes em \u00e1reas de vulnerabilidade social da RMR. O presidente do Conselho de Administra\u00e7\u00e3o do IMIF, Eduardo de Matos, destaca que o concerto simboliza o impacto transformador da m\u00fasica: \u201cEsse \u00e9 um momento muito especial. Ver nossos alunos dividindo o palco com artistas que s\u00e3o \u00edcones da nossa cultura mostra que a arte abre caminhos, fortalece v\u00ednculos e transforma realidades\u201d, afirmou. Participa\u00e7\u00f5es especiais A apresenta\u00e7\u00e3o da Orquestra Filarm\u00f4nica de Pernambuco \u2013 OFPE dar\u00e1 ao concerto uma sonoridade majestosa, combinando repert\u00f3rio natalino e arranjos especialmente produzidos para a noite. Os convidados especiais \u2014 Marrom Brasileiro, conhecido por sua energia e for\u00e7a interpretativa, Maestro Ademir Ara\u00fajo, refer\u00eancia no frevo e na m\u00fasica popular, o cantor Ed Carlos, a jovem cantora Clara Oliveira &nbsp;e o saxofonista Parr\u00f4 Melo\u2014 trazem diversidade e brilho para uma noite que promete emocionar o p\u00fablico. Solidariedade Al\u00e9m de apreciar a apresenta\u00e7\u00e3o, o p\u00fablico poder\u00e1 contribuir com doa\u00e7\u00f5es de alimentos, roupas, instrumentos musicais ou recursos financeiros destinados ao fortalecimento das a\u00e7\u00f5es sociais e educativas do IMIF. Oficina de Cordas A Oficina de Cordas, que acontece no dia 11 de dezembro, \u00e0s 10h, no Conservat\u00f3rio de M\u00fasica do IMIF, localizado no Centro de Conven\u00e7\u00f5es de Pernambuco, ser\u00e1 comandada pelo Maestro Israel de Fran\u00e7a e pelo Professor Anderson Cauan. Voltada para alunos e profissionais da fam\u00edlia das cordas, a atividade busca oferecer um enriquecimento t\u00e9cnico e musical. Com entrada gratuita e tradu\u00e7\u00e3o em Libras, o evento \u00e9 parte de uma programa\u00e7\u00e3o especial que ter\u00e1 continuidade em janeiro de 2026, com apresenta\u00e7\u00f5es teatrais para p\u00fablicos de todas as idades, shows musicais e outras oficinas.&nbsp;&nbsp;&nbsp;&nbsp;&nbsp;&nbsp;&nbsp;&nbsp;&nbsp;&nbsp;&nbsp;&nbsp;&nbsp;&nbsp;&nbsp;&nbsp;&nbsp;&nbsp;&nbsp;&nbsp;&nbsp; Servi\u00e7o &#8211; Concerto Natal Solid\u00e1rio \u2013 IMIF Data:&nbsp;11 de dezembro Hor\u00e1rio:&nbsp;19h Local:&nbsp;Teatro Guararapes &#8211; Centro de Conven\u00e7\u00f5es de Pernambuco (Av. Prof. Andrade Bezerra, S\/N &#8211; Salgadinho, Olinda \u2013 PE) Entrada gratuita mediante inscri\u00e7\u00e3o pr\u00e9via no&nbsp;cecontickets.com.br Doa\u00e7\u00f5es volunt\u00e1rias no local Realiza\u00e7\u00e3o:&nbsp;Minist\u00e9rio da Cultura, Governo do Brasil \u2013 do lado do povo brasileiro, Pernambuco Centro de Conven\u00e7\u00f5es e IMIFPatroc\u00ednio:&nbsp;CATENO (por meio da Lei Federal de Incentivo \u00e0 Cultura)Apoio:&nbsp;Nenety Eventos, DNZ, Cooperhagri e Prefeitura de OlindaO Evento integra a programa\u00e7\u00e3o da 1\u00aa Mostra Nacional de Teatro e da M\u00fasica | Pronac 240631 Servi\u00e7oData:&nbsp;11 de dezembroHor\u00e1rio:&nbsp;10hLocal:&nbsp;Conservat\u00f3rio de M\u00fasica do IMIF, no Centro de Conven\u00e7\u00f5es de PernambucoEntrada:&nbsp;GratuitaAcessibilidade:&nbsp;Tradu\u00e7\u00e3o em LibrasContinua\u00e7\u00e3o da programa\u00e7\u00e3o:&nbsp;Janeiro de 2026, com apresenta\u00e7\u00f5es teatrais, shows musicais e oficinas.","og_url":"https:\/\/portal135.com.br\/?p=3249","og_site_name":"Portal 135","article_published_time":"2025-12-10T20:07:19+00:00","og_image":[{"width":1280,"height":853,"url":"https:\/\/portal135.com.br\/wp-content\/uploads\/2025\/12\/WhatsApp-Image-2025-12-09-at-13.43.18.jpg","type":"image\/jpeg"}],"author":"Felipe De Jesus","twitter_card":"summary_large_image","twitter_misc":{"Escrito por":"Felipe De Jesus","Est. tempo de leitura":"4 minutos"},"schema":{"@context":"https:\/\/schema.org","@graph":[{"@type":"Article","@id":"https:\/\/portal135.com.br\/?p=3249#article","isPartOf":{"@id":"https:\/\/portal135.com.br\/?p=3249"},"author":{"name":"Felipe De Jesus","@id":"https:\/\/portal135.com.br\/#\/schema\/person\/8b1047d329adb7f2596093a79f5658e6"},"headline":"Orquestra Filarm\u00f4nica de Pernambuco OFPE, Coral Infanto-Juvenil e Adulto do Projeto Espiral se apresentam no Teatro Guararapes","datePublished":"2025-12-10T20:07:19+00:00","mainEntityOfPage":{"@id":"https:\/\/portal135.com.br\/?p=3249"},"wordCount":774,"commentCount":0,"publisher":{"@id":"https:\/\/portal135.com.br\/#organization"},"image":{"@id":"https:\/\/portal135.com.br\/?p=3249#primaryimage"},"thumbnailUrl":"https:\/\/portal135.com.br\/wp-content\/uploads\/2025\/12\/WhatsApp-Image-2025-12-09-at-13.43.18.jpg","articleSection":["Brasil"],"inLanguage":"pt-BR","potentialAction":[{"@type":"CommentAction","name":"Comment","target":["https:\/\/portal135.com.br\/?p=3249#respond"]}]},{"@type":"WebPage","@id":"https:\/\/portal135.com.br\/?p=3249","url":"https:\/\/portal135.com.br\/?p=3249","name":"Orquestra Filarm\u00f4nica de Pernambuco OFPE, Coral Infanto-Juvenil e Adulto do Projeto Espiral se apresentam no Teatro Guararapes","isPartOf":{"@id":"https:\/\/portal135.com.br\/#website"},"primaryImageOfPage":{"@id":"https:\/\/portal135.com.br\/?p=3249#primaryimage"},"image":{"@id":"https:\/\/portal135.com.br\/?p=3249#primaryimage"},"thumbnailUrl":"https:\/\/portal135.com.br\/wp-content\/uploads\/2025\/12\/WhatsApp-Image-2025-12-09-at-13.43.18.jpg","datePublished":"2025-12-10T20:07:19+00:00","breadcrumb":{"@id":"https:\/\/portal135.com.br\/?p=3249#breadcrumb"},"inLanguage":"pt-BR","potentialAction":[{"@type":"ReadAction","target":["https:\/\/portal135.com.br\/?p=3249"]}]},{"@type":"ImageObject","inLanguage":"pt-BR","@id":"https:\/\/portal135.com.br\/?p=3249#primaryimage","url":"https:\/\/portal135.com.br\/wp-content\/uploads\/2025\/12\/WhatsApp-Image-2025-12-09-at-13.43.18.jpg","contentUrl":"https:\/\/portal135.com.br\/wp-content\/uploads\/2025\/12\/WhatsApp-Image-2025-12-09-at-13.43.18.jpg","width":1280,"height":853},{"@type":"BreadcrumbList","@id":"https:\/\/portal135.com.br\/?p=3249#breadcrumb","itemListElement":[{"@type":"ListItem","position":1,"name":"In\u00edcio","item":"https:\/\/portal135.com.br\/"},{"@type":"ListItem","position":2,"name":"Orquestra Filarm\u00f4nica de Pernambuco OFPE, Coral Infanto-Juvenil e Adulto do Projeto Espiral se apresentam no Teatro Guararapes"}]},{"@type":"WebSite","@id":"https:\/\/portal135.com.br\/#website","url":"https:\/\/portal135.com.br\/","name":"Portal 135","description":"Portal de Not\u00edcias","publisher":{"@id":"https:\/\/portal135.com.br\/#organization"},"potentialAction":[{"@type":"SearchAction","target":{"@type":"EntryPoint","urlTemplate":"https:\/\/portal135.com.br\/?s={search_term_string}"},"query-input":{"@type":"PropertyValueSpecification","valueRequired":true,"valueName":"search_term_string"}}],"inLanguage":"pt-BR"},{"@type":"Organization","@id":"https:\/\/portal135.com.br\/#organization","name":"Portal 135","url":"https:\/\/portal135.com.br\/","logo":{"@type":"ImageObject","inLanguage":"pt-BR","@id":"https:\/\/portal135.com.br\/#\/schema\/logo\/image\/","url":"https:\/\/portal135.com.br\/wp-content\/uploads\/2024\/09\/1000030041-removebg-preview.png","contentUrl":"https:\/\/portal135.com.br\/wp-content\/uploads\/2024\/09\/1000030041-removebg-preview.png","width":500,"height":500,"caption":"Portal 135"},"image":{"@id":"https:\/\/portal135.com.br\/#\/schema\/logo\/image\/"}},{"@type":"Person","@id":"https:\/\/portal135.com.br\/#\/schema\/person\/8b1047d329adb7f2596093a79f5658e6","name":"Felipe De Jesus","image":{"@type":"ImageObject","inLanguage":"pt-BR","@id":"https:\/\/secure.gravatar.com\/avatar\/c7bb18151e6c15c2f6c17d6a985b65614e924b0a2109679be31286f997dd99df?s=96&d=mm&r=g","url":"https:\/\/secure.gravatar.com\/avatar\/c7bb18151e6c15c2f6c17d6a985b65614e924b0a2109679be31286f997dd99df?s=96&d=mm&r=g","contentUrl":"https:\/\/secure.gravatar.com\/avatar\/c7bb18151e6c15c2f6c17d6a985b65614e924b0a2109679be31286f997dd99df?s=96&d=mm&r=g","caption":"Felipe De Jesus"},"url":"https:\/\/portal135.com.br\/?author=5"}]}},"_links":{"self":[{"href":"https:\/\/portal135.com.br\/index.php?rest_route=\/wp\/v2\/posts\/3249","targetHints":{"allow":["GET"]}}],"collection":[{"href":"https:\/\/portal135.com.br\/index.php?rest_route=\/wp\/v2\/posts"}],"about":[{"href":"https:\/\/portal135.com.br\/index.php?rest_route=\/wp\/v2\/types\/post"}],"author":[{"embeddable":true,"href":"https:\/\/portal135.com.br\/index.php?rest_route=\/wp\/v2\/users\/5"}],"replies":[{"embeddable":true,"href":"https:\/\/portal135.com.br\/index.php?rest_route=%2Fwp%2Fv2%2Fcomments&post=3249"}],"version-history":[{"count":1,"href":"https:\/\/portal135.com.br\/index.php?rest_route=\/wp\/v2\/posts\/3249\/revisions"}],"predecessor-version":[{"id":3251,"href":"https:\/\/portal135.com.br\/index.php?rest_route=\/wp\/v2\/posts\/3249\/revisions\/3251"}],"wp:featuredmedia":[{"embeddable":true,"href":"https:\/\/portal135.com.br\/index.php?rest_route=\/wp\/v2\/media\/3250"}],"wp:attachment":[{"href":"https:\/\/portal135.com.br\/index.php?rest_route=%2Fwp%2Fv2%2Fmedia&parent=3249"}],"wp:term":[{"taxonomy":"category","embeddable":true,"href":"https:\/\/portal135.com.br\/index.php?rest_route=%2Fwp%2Fv2%2Fcategories&post=3249"},{"taxonomy":"post_tag","embeddable":true,"href":"https:\/\/portal135.com.br\/index.php?rest_route=%2Fwp%2Fv2%2Ftags&post=3249"}],"curies":[{"name":"wp","href":"https:\/\/api.w.org\/{rel}","templated":true}]}}