{"id":3018,"date":"2025-09-24T16:33:35","date_gmt":"2025-09-24T16:33:35","guid":{"rendered":"https:\/\/portal135.com.br\/?p=3018"},"modified":"2025-09-24T17:52:01","modified_gmt":"2025-09-24T17:52:01","slug":"instituto-kaizen-inaugura-unidade-em-belo-horizonte-com-foco-em-inteligencia-emocional-e-lideranca","status":"publish","type":"post","link":"https:\/\/portal135.com.br\/?p=3018","title":{"rendered":"Instituto Kaizen inaugura unidade em Belo Horizonte com foco em intelig\u00eancia emocional e lideran\u00e7a"},"content":{"rendered":"\n<p><strong>Cr\u00e9dito da foto: Guto Tarasiuk.<\/strong><\/p>\n\n\n\n<p class=\"has-text-align-center\"><strong><em>Segunda turma acontece em novembro. A meta \u00e9 estar presente em todas as capitais do Sudeste nos pr\u00f3ximos dois anos<\/em><\/strong><\/p>\n\n\n\n<p>Belo Horizonte passa a contar com uma nova unidade do Instituto Princ\u00edpio Kaizen, refer\u00eancia nacional em treinamentos de desenvolvimento humano, coaching e Programa\u00e7\u00e3o Neurolingu\u00edstica (PNL). A chegada \u00e0 capital mineira representa um movimento estrat\u00e9gico de expans\u00e3o, que levou em conta o ambiente educacional de Minas Gerais e a forte cultura local de aprendizado.<\/p>\n\n\n\n<p>Segundo Amanda Braga, empres\u00e1ria e s\u00f3cia respons\u00e1vel pela unidade de Belo Horizonte, a expans\u00e3o atende a uma demanda crescente. \u201cMinas \u00e9 um estado que valoriza a educa\u00e7\u00e3o e a forma\u00e7\u00e3o cont\u00ednua. Trouxemos o Instituto Princ\u00edpio Kaizen para a capital mineira porque acreditamos no potencial transformador que esses treinamentos t\u00eam para empreendedores, l\u00edderes, profissionais em geral e para o cotidiano das pessoas. Nosso prop\u00f3sito \u00e9 oferecer experi\u00eancias vivenciais que realmente gerem impacto na vida das pessoas\u201d, afirma.<\/p>\n\n\n\n<p>O investimento inicial para estruturar a opera\u00e7\u00e3o foi de R$130 mil e deve gerar 10 empregos diretos e pelo menos 30 indiretos, considerando toda a estrutura dos eventos e das parcerias locais, incluindo hot\u00e9is. Al\u00e9m disso, o instituto j\u00e1 negocia colabora\u00e7\u00f5es com empresas, escolas e institui\u00e7\u00f5es de ensino para ampliar a oferta de solu\u00e7\u00f5es customizadas. \u201cAl\u00e9m do impacto formativo, a chegada do Kaizen movimenta a economia local: vamos contratar equipe, fornecedores e servi\u00e7os, e firmar parcerias com organiza\u00e7\u00f5es mineiras para levar solu\u00e7\u00f5es sob medida a times de vendas, lideran\u00e7a e comunica\u00e7\u00e3o\u201d, complementa Amanda.<\/p>\n\n\n\n<p>A primeira turma j\u00e1 tem data marcada: de 07 a 09 de novembro, ser\u00e1 realizado o curso Transi\u00e7\u00e3o \u2013 intelig\u00eancia emocional. A expectativa \u00e9 atender cerca de mil pessoas nos primeiros seis meses.<\/p>\n\n\n\n<p>Com sede em Curitiba, o Instituto Principio Kaizen j\u00e1 formou mais de 15 mil alunos em seus 16 anos de atua\u00e7\u00e3o, realizando em m\u00e9dia 60 turmas por ano em cinco estados brasileiros. O \u00edndice de satisfa\u00e7\u00e3o dos treinamentos, medido pelo NPS, chega a 93,4. A equipe multidisciplinar \u00e9 formada por cinco head trainers, oito psic\u00f3logos, 12 coaches e 14 treinadores.<\/p>\n\n\n\n<p>O grande diferencial, segundo a empres\u00e1ria, est\u00e1 no rigor t\u00e9cnico e na viv\u00eancia pr\u00e1tica das metodologias aplicadas. Os cursos s\u00e3o reconhecidos pelo MEC e utilizam t\u00e9cnicas como Programa\u00e7\u00e3o Neurolingu\u00edstica, intelig\u00eancia emocional, coaching, aprendizagem acelerada e comunica\u00e7\u00e3o eficaz, sempre por meio de din\u00e2micas e exerc\u00edcios pr\u00e1ticos. \u201cAl\u00e9m disso, a forma\u00e7\u00e3o dos profissionais do instituto foi realizada diretamente com nomes de peso mundial, como John Grinder (criador da PNL), Joseph O\u2019Connor (autoridade global em team coaching) e Anthony Robbins (refer\u00eancia internacional em coaching)\u201d, explica.<\/p>\n\n\n\n<p>De acordo com Amanda, as compet\u00eancias emocionais mais exigidas dos profissionais e empreendedores hoje s\u00e3o autoconhecimento, resili\u00eancia, comunica\u00e7\u00e3o eficaz, adaptabilidade e flexibilidade. \u201cA proposta do Instituto Princ\u00edpio Kaizen \u00e9 justamente trabalhar essas habilidades \u2014 n\u00e3o contempladas pela forma\u00e7\u00e3o acad\u00eamica \u2014 de forma pr\u00e1tica e vivencial\u201d, ressalta. Al\u00e9m dos cursos abertos ao p\u00fablico, a institui\u00e7\u00e3o tamb\u00e9m oferece programas in company, desenvolvidos sob medida para atender demandas espec\u00edficas de empresas em \u00e1reas como vendas, lideran\u00e7a e comunica\u00e7\u00e3o.<\/p>\n\n\n\n<p>Com presen\u00e7a consolidada em cinco estados, o Instituto Princ\u00edpio Kaizen planeja ampliar sua atua\u00e7\u00e3o. \u201cA meta \u00e9 estar presente em todas as capitais do Sudeste nos pr\u00f3ximos dois anos e alcan\u00e7ar cobertura nacional em at\u00e9 cinco anos. Para Belo Horizonte, a expectativa \u00e9 que a unidade se torne refer\u00eancia em intelig\u00eancia emocional aplicada \u00e0 vida profissional e pessoal, impactando diretamente o desenvolvimento de lideran\u00e7as, neg\u00f3cios e carreiras na capital mineira\u201d, finaliza Amanda.<\/p>\n\n\n\n<p>Mais informa\u00e7\u00f5es no perfil do Instagram&nbsp;<a href=\"https:\/\/www.instagram.com\/principiokaizenbh\" target=\"_blank\" rel=\"noreferrer noopener\">https:\/\/www.instagram.com\/principiokaizenbh<\/a><\/p>\n","protected":false},"excerpt":{"rendered":"<p>Cr\u00e9dito da foto: Guto Tarasiuk. Segunda turma acontece em novembro. A meta \u00e9 estar presente em todas as capitais do Sudeste nos pr\u00f3ximos dois anos Belo Horizonte passa a contar com uma nova unidade do Instituto Princ\u00edpio Kaizen, refer\u00eancia nacional em treinamentos de desenvolvimento humano, coaching e Programa\u00e7\u00e3o Neurolingu\u00edstica (PNL). A chegada \u00e0 capital mineira representa um movimento estrat\u00e9gico de expans\u00e3o, que levou em conta o ambiente educacional de Minas Gerais e a forte cultura local de aprendizado. Segundo Amanda Braga, empres\u00e1ria e s\u00f3cia respons\u00e1vel pela unidade de Belo Horizonte, a expans\u00e3o atende a uma demanda crescente. \u201cMinas \u00e9 um estado que valoriza a educa\u00e7\u00e3o e a forma\u00e7\u00e3o cont\u00ednua. Trouxemos o Instituto Princ\u00edpio Kaizen para a capital mineira porque acreditamos no potencial transformador que esses treinamentos t\u00eam para empreendedores, l\u00edderes, profissionais em geral e para o cotidiano das pessoas. Nosso prop\u00f3sito \u00e9 oferecer experi\u00eancias vivenciais que realmente gerem impacto na vida das pessoas\u201d, afirma. O investimento inicial para estruturar a opera\u00e7\u00e3o foi de R$130 mil e deve gerar 10 empregos diretos e pelo menos 30 indiretos, considerando toda a estrutura dos eventos e das parcerias locais, incluindo hot\u00e9is. Al\u00e9m disso, o instituto j\u00e1 negocia colabora\u00e7\u00f5es com empresas, escolas e institui\u00e7\u00f5es de ensino para ampliar a oferta de solu\u00e7\u00f5es customizadas. \u201cAl\u00e9m do impacto formativo, a chegada do Kaizen movimenta a economia local: vamos contratar equipe, fornecedores e servi\u00e7os, e firmar parcerias com organiza\u00e7\u00f5es mineiras para levar solu\u00e7\u00f5es sob medida a times de vendas, lideran\u00e7a e comunica\u00e7\u00e3o\u201d, complementa Amanda. A primeira turma j\u00e1 tem data marcada: de 07 a 09 de novembro, ser\u00e1 realizado o curso Transi\u00e7\u00e3o \u2013 intelig\u00eancia emocional. A expectativa \u00e9 atender cerca de mil pessoas nos primeiros seis meses. Com sede em Curitiba, o Instituto Principio Kaizen j\u00e1 formou mais de 15 mil alunos em seus 16 anos de atua\u00e7\u00e3o, realizando em m\u00e9dia 60 turmas por ano em cinco estados brasileiros. O \u00edndice de satisfa\u00e7\u00e3o dos treinamentos, medido pelo NPS, chega a 93,4. A equipe multidisciplinar \u00e9 formada por cinco head trainers, oito psic\u00f3logos, 12 coaches e 14 treinadores. O grande diferencial, segundo a empres\u00e1ria, est\u00e1 no rigor t\u00e9cnico e na viv\u00eancia pr\u00e1tica das metodologias aplicadas. Os cursos s\u00e3o reconhecidos pelo MEC e utilizam t\u00e9cnicas como Programa\u00e7\u00e3o Neurolingu\u00edstica, intelig\u00eancia emocional, coaching, aprendizagem acelerada e comunica\u00e7\u00e3o eficaz, sempre por meio de din\u00e2micas e exerc\u00edcios pr\u00e1ticos. \u201cAl\u00e9m disso, a forma\u00e7\u00e3o dos profissionais do instituto foi realizada diretamente com nomes de peso mundial, como John Grinder (criador da PNL), Joseph O\u2019Connor (autoridade global em team coaching) e Anthony Robbins (refer\u00eancia internacional em coaching)\u201d, explica. De acordo com Amanda, as compet\u00eancias emocionais mais exigidas dos profissionais e empreendedores hoje s\u00e3o autoconhecimento, resili\u00eancia, comunica\u00e7\u00e3o eficaz, adaptabilidade e flexibilidade. \u201cA proposta do Instituto Princ\u00edpio Kaizen \u00e9 justamente trabalhar essas habilidades \u2014 n\u00e3o contempladas pela forma\u00e7\u00e3o acad\u00eamica \u2014 de forma pr\u00e1tica e vivencial\u201d, ressalta. Al\u00e9m dos cursos abertos ao p\u00fablico, a institui\u00e7\u00e3o tamb\u00e9m oferece programas in company, desenvolvidos sob medida para atender demandas espec\u00edficas de empresas em \u00e1reas como vendas, lideran\u00e7a e comunica\u00e7\u00e3o. Com presen\u00e7a consolidada em cinco estados, o Instituto Princ\u00edpio Kaizen planeja ampliar sua atua\u00e7\u00e3o. \u201cA meta \u00e9 estar presente em todas as capitais do Sudeste nos pr\u00f3ximos dois anos e alcan\u00e7ar cobertura nacional em at\u00e9 cinco anos. Para Belo Horizonte, a expectativa \u00e9 que a unidade se torne refer\u00eancia em intelig\u00eancia emocional aplicada \u00e0 vida profissional e pessoal, impactando diretamente o desenvolvimento de lideran\u00e7as, neg\u00f3cios e carreiras na capital mineira\u201d, finaliza Amanda. Mais informa\u00e7\u00f5es no perfil do Instagram&nbsp;https:\/\/www.instagram.com\/principiokaizenbh<\/p>\n","protected":false},"author":5,"featured_media":3021,"comment_status":"open","ping_status":"open","sticky":true,"template":"","format":"standard","meta":{"footnotes":""},"categories":[32],"tags":[],"class_list":["post-3018","post","type-post","status-publish","format-standard","has-post-thumbnail","hentry","category-brasil"],"yoast_head":"<!-- This site is optimized with the Yoast SEO plugin v27.3 - https:\/\/yoast.com\/product\/yoast-seo-wordpress\/ -->\n<title>Instituto Kaizen inaugura unidade em Belo Horizonte com foco em intelig\u00eancia emocional e lideran\u00e7a<\/title>\n<meta name=\"robots\" content=\"index, follow, max-snippet:-1, max-image-preview:large, max-video-preview:-1\" \/>\n<link rel=\"canonical\" href=\"https:\/\/portal135.com.br\/?p=3018\" \/>\n<meta property=\"og:locale\" content=\"pt_BR\" \/>\n<meta property=\"og:type\" content=\"article\" \/>\n<meta property=\"og:title\" content=\"Instituto Kaizen inaugura unidade em Belo Horizonte com foco em intelig\u00eancia emocional e lideran\u00e7a\" \/>\n<meta property=\"og:description\" content=\"Cr\u00e9dito da foto: Guto Tarasiuk. Segunda turma acontece em novembro. A meta \u00e9 estar presente em todas as capitais do Sudeste nos pr\u00f3ximos dois anos Belo Horizonte passa a contar com uma nova unidade do Instituto Princ\u00edpio Kaizen, refer\u00eancia nacional em treinamentos de desenvolvimento humano, coaching e Programa\u00e7\u00e3o Neurolingu\u00edstica (PNL). A chegada \u00e0 capital mineira representa um movimento estrat\u00e9gico de expans\u00e3o, que levou em conta o ambiente educacional de Minas Gerais e a forte cultura local de aprendizado. Segundo Amanda Braga, empres\u00e1ria e s\u00f3cia respons\u00e1vel pela unidade de Belo Horizonte, a expans\u00e3o atende a uma demanda crescente. \u201cMinas \u00e9 um estado que valoriza a educa\u00e7\u00e3o e a forma\u00e7\u00e3o cont\u00ednua. Trouxemos o Instituto Princ\u00edpio Kaizen para a capital mineira porque acreditamos no potencial transformador que esses treinamentos t\u00eam para empreendedores, l\u00edderes, profissionais em geral e para o cotidiano das pessoas. Nosso prop\u00f3sito \u00e9 oferecer experi\u00eancias vivenciais que realmente gerem impacto na vida das pessoas\u201d, afirma. O investimento inicial para estruturar a opera\u00e7\u00e3o foi de R$130 mil e deve gerar 10 empregos diretos e pelo menos 30 indiretos, considerando toda a estrutura dos eventos e das parcerias locais, incluindo hot\u00e9is. Al\u00e9m disso, o instituto j\u00e1 negocia colabora\u00e7\u00f5es com empresas, escolas e institui\u00e7\u00f5es de ensino para ampliar a oferta de solu\u00e7\u00f5es customizadas. \u201cAl\u00e9m do impacto formativo, a chegada do Kaizen movimenta a economia local: vamos contratar equipe, fornecedores e servi\u00e7os, e firmar parcerias com organiza\u00e7\u00f5es mineiras para levar solu\u00e7\u00f5es sob medida a times de vendas, lideran\u00e7a e comunica\u00e7\u00e3o\u201d, complementa Amanda. A primeira turma j\u00e1 tem data marcada: de 07 a 09 de novembro, ser\u00e1 realizado o curso Transi\u00e7\u00e3o \u2013 intelig\u00eancia emocional. A expectativa \u00e9 atender cerca de mil pessoas nos primeiros seis meses. Com sede em Curitiba, o Instituto Principio Kaizen j\u00e1 formou mais de 15 mil alunos em seus 16 anos de atua\u00e7\u00e3o, realizando em m\u00e9dia 60 turmas por ano em cinco estados brasileiros. O \u00edndice de satisfa\u00e7\u00e3o dos treinamentos, medido pelo NPS, chega a 93,4. A equipe multidisciplinar \u00e9 formada por cinco head trainers, oito psic\u00f3logos, 12 coaches e 14 treinadores. O grande diferencial, segundo a empres\u00e1ria, est\u00e1 no rigor t\u00e9cnico e na viv\u00eancia pr\u00e1tica das metodologias aplicadas. Os cursos s\u00e3o reconhecidos pelo MEC e utilizam t\u00e9cnicas como Programa\u00e7\u00e3o Neurolingu\u00edstica, intelig\u00eancia emocional, coaching, aprendizagem acelerada e comunica\u00e7\u00e3o eficaz, sempre por meio de din\u00e2micas e exerc\u00edcios pr\u00e1ticos. \u201cAl\u00e9m disso, a forma\u00e7\u00e3o dos profissionais do instituto foi realizada diretamente com nomes de peso mundial, como John Grinder (criador da PNL), Joseph O\u2019Connor (autoridade global em team coaching) e Anthony Robbins (refer\u00eancia internacional em coaching)\u201d, explica. De acordo com Amanda, as compet\u00eancias emocionais mais exigidas dos profissionais e empreendedores hoje s\u00e3o autoconhecimento, resili\u00eancia, comunica\u00e7\u00e3o eficaz, adaptabilidade e flexibilidade. \u201cA proposta do Instituto Princ\u00edpio Kaizen \u00e9 justamente trabalhar essas habilidades \u2014 n\u00e3o contempladas pela forma\u00e7\u00e3o acad\u00eamica \u2014 de forma pr\u00e1tica e vivencial\u201d, ressalta. Al\u00e9m dos cursos abertos ao p\u00fablico, a institui\u00e7\u00e3o tamb\u00e9m oferece programas in company, desenvolvidos sob medida para atender demandas espec\u00edficas de empresas em \u00e1reas como vendas, lideran\u00e7a e comunica\u00e7\u00e3o. Com presen\u00e7a consolidada em cinco estados, o Instituto Princ\u00edpio Kaizen planeja ampliar sua atua\u00e7\u00e3o. \u201cA meta \u00e9 estar presente em todas as capitais do Sudeste nos pr\u00f3ximos dois anos e alcan\u00e7ar cobertura nacional em at\u00e9 cinco anos. Para Belo Horizonte, a expectativa \u00e9 que a unidade se torne refer\u00eancia em intelig\u00eancia emocional aplicada \u00e0 vida profissional e pessoal, impactando diretamente o desenvolvimento de lideran\u00e7as, neg\u00f3cios e carreiras na capital mineira\u201d, finaliza Amanda. Mais informa\u00e7\u00f5es no perfil do Instagram&nbsp;https:\/\/www.instagram.com\/principiokaizenbh\" \/>\n<meta property=\"og:url\" content=\"https:\/\/portal135.com.br\/?p=3018\" \/>\n<meta property=\"og:site_name\" content=\"Portal 135\" \/>\n<meta property=\"article:published_time\" content=\"2025-09-24T16:33:35+00:00\" \/>\n<meta property=\"article:modified_time\" content=\"2025-09-24T17:52:01+00:00\" \/>\n<meta property=\"og:image\" content=\"https:\/\/portal135.com.br\/wp-content\/uploads\/2025\/09\/Screenshot_20250924-144834_Fotos.png\" \/>\n\t<meta property=\"og:image:width\" content=\"1080\" \/>\n\t<meta property=\"og:image:height\" content=\"766\" \/>\n\t<meta property=\"og:image:type\" content=\"image\/png\" \/>\n<meta name=\"author\" content=\"Felipe De Jesus\" \/>\n<meta name=\"twitter:card\" content=\"summary_large_image\" \/>\n<meta name=\"twitter:label1\" content=\"Escrito por\" \/>\n\t<meta name=\"twitter:data1\" content=\"Felipe De Jesus\" \/>\n\t<meta name=\"twitter:label2\" content=\"Est. tempo de leitura\" \/>\n\t<meta name=\"twitter:data2\" content=\"4 minutos\" \/>\n<script type=\"application\/ld+json\" class=\"yoast-schema-graph\">{\"@context\":\"https:\\\/\\\/schema.org\",\"@graph\":[{\"@type\":\"Article\",\"@id\":\"https:\\\/\\\/portal135.com.br\\\/?p=3018#article\",\"isPartOf\":{\"@id\":\"https:\\\/\\\/portal135.com.br\\\/?p=3018\"},\"author\":{\"name\":\"Felipe De Jesus\",\"@id\":\"https:\\\/\\\/portal135.com.br\\\/#\\\/schema\\\/person\\\/8b1047d329adb7f2596093a79f5658e6\"},\"headline\":\"Instituto Kaizen inaugura unidade em Belo Horizonte com foco em intelig\u00eancia emocional e lideran\u00e7a\",\"datePublished\":\"2025-09-24T16:33:35+00:00\",\"dateModified\":\"2025-09-24T17:52:01+00:00\",\"mainEntityOfPage\":{\"@id\":\"https:\\\/\\\/portal135.com.br\\\/?p=3018\"},\"wordCount\":655,\"commentCount\":0,\"publisher\":{\"@id\":\"https:\\\/\\\/portal135.com.br\\\/#organization\"},\"image\":{\"@id\":\"https:\\\/\\\/portal135.com.br\\\/?p=3018#primaryimage\"},\"thumbnailUrl\":\"https:\\\/\\\/portal135.com.br\\\/wp-content\\\/uploads\\\/2025\\\/09\\\/Screenshot_20250924-144834_Fotos.png\",\"articleSection\":[\"Brasil\"],\"inLanguage\":\"pt-BR\",\"potentialAction\":[{\"@type\":\"CommentAction\",\"name\":\"Comment\",\"target\":[\"https:\\\/\\\/portal135.com.br\\\/?p=3018#respond\"]}]},{\"@type\":\"WebPage\",\"@id\":\"https:\\\/\\\/portal135.com.br\\\/?p=3018\",\"url\":\"https:\\\/\\\/portal135.com.br\\\/?p=3018\",\"name\":\"Instituto Kaizen inaugura unidade em Belo Horizonte com foco em intelig\u00eancia emocional e lideran\u00e7a\",\"isPartOf\":{\"@id\":\"https:\\\/\\\/portal135.com.br\\\/#website\"},\"primaryImageOfPage\":{\"@id\":\"https:\\\/\\\/portal135.com.br\\\/?p=3018#primaryimage\"},\"image\":{\"@id\":\"https:\\\/\\\/portal135.com.br\\\/?p=3018#primaryimage\"},\"thumbnailUrl\":\"https:\\\/\\\/portal135.com.br\\\/wp-content\\\/uploads\\\/2025\\\/09\\\/Screenshot_20250924-144834_Fotos.png\",\"datePublished\":\"2025-09-24T16:33:35+00:00\",\"dateModified\":\"2025-09-24T17:52:01+00:00\",\"breadcrumb\":{\"@id\":\"https:\\\/\\\/portal135.com.br\\\/?p=3018#breadcrumb\"},\"inLanguage\":\"pt-BR\",\"potentialAction\":[{\"@type\":\"ReadAction\",\"target\":[\"https:\\\/\\\/portal135.com.br\\\/?p=3018\"]}]},{\"@type\":\"ImageObject\",\"inLanguage\":\"pt-BR\",\"@id\":\"https:\\\/\\\/portal135.com.br\\\/?p=3018#primaryimage\",\"url\":\"https:\\\/\\\/portal135.com.br\\\/wp-content\\\/uploads\\\/2025\\\/09\\\/Screenshot_20250924-144834_Fotos.png\",\"contentUrl\":\"https:\\\/\\\/portal135.com.br\\\/wp-content\\\/uploads\\\/2025\\\/09\\\/Screenshot_20250924-144834_Fotos.png\",\"width\":1080,\"height\":766},{\"@type\":\"BreadcrumbList\",\"@id\":\"https:\\\/\\\/portal135.com.br\\\/?p=3018#breadcrumb\",\"itemListElement\":[{\"@type\":\"ListItem\",\"position\":1,\"name\":\"In\u00edcio\",\"item\":\"https:\\\/\\\/portal135.com.br\\\/\"},{\"@type\":\"ListItem\",\"position\":2,\"name\":\"Instituto Kaizen inaugura unidade em Belo Horizonte com foco em intelig\u00eancia emocional e lideran\u00e7a\"}]},{\"@type\":\"WebSite\",\"@id\":\"https:\\\/\\\/portal135.com.br\\\/#website\",\"url\":\"https:\\\/\\\/portal135.com.br\\\/\",\"name\":\"Portal 135\",\"description\":\"Portal de Not\u00edcias\",\"publisher\":{\"@id\":\"https:\\\/\\\/portal135.com.br\\\/#organization\"},\"potentialAction\":[{\"@type\":\"SearchAction\",\"target\":{\"@type\":\"EntryPoint\",\"urlTemplate\":\"https:\\\/\\\/portal135.com.br\\\/?s={search_term_string}\"},\"query-input\":{\"@type\":\"PropertyValueSpecification\",\"valueRequired\":true,\"valueName\":\"search_term_string\"}}],\"inLanguage\":\"pt-BR\"},{\"@type\":\"Organization\",\"@id\":\"https:\\\/\\\/portal135.com.br\\\/#organization\",\"name\":\"Portal 135\",\"url\":\"https:\\\/\\\/portal135.com.br\\\/\",\"logo\":{\"@type\":\"ImageObject\",\"inLanguage\":\"pt-BR\",\"@id\":\"https:\\\/\\\/portal135.com.br\\\/#\\\/schema\\\/logo\\\/image\\\/\",\"url\":\"https:\\\/\\\/portal135.com.br\\\/wp-content\\\/uploads\\\/2024\\\/09\\\/1000030041-removebg-preview.png\",\"contentUrl\":\"https:\\\/\\\/portal135.com.br\\\/wp-content\\\/uploads\\\/2024\\\/09\\\/1000030041-removebg-preview.png\",\"width\":500,\"height\":500,\"caption\":\"Portal 135\"},\"image\":{\"@id\":\"https:\\\/\\\/portal135.com.br\\\/#\\\/schema\\\/logo\\\/image\\\/\"}},{\"@type\":\"Person\",\"@id\":\"https:\\\/\\\/portal135.com.br\\\/#\\\/schema\\\/person\\\/8b1047d329adb7f2596093a79f5658e6\",\"name\":\"Felipe De Jesus\",\"image\":{\"@type\":\"ImageObject\",\"inLanguage\":\"pt-BR\",\"@id\":\"https:\\\/\\\/secure.gravatar.com\\\/avatar\\\/c7bb18151e6c15c2f6c17d6a985b65614e924b0a2109679be31286f997dd99df?s=96&d=mm&r=g\",\"url\":\"https:\\\/\\\/secure.gravatar.com\\\/avatar\\\/c7bb18151e6c15c2f6c17d6a985b65614e924b0a2109679be31286f997dd99df?s=96&d=mm&r=g\",\"contentUrl\":\"https:\\\/\\\/secure.gravatar.com\\\/avatar\\\/c7bb18151e6c15c2f6c17d6a985b65614e924b0a2109679be31286f997dd99df?s=96&d=mm&r=g\",\"caption\":\"Felipe De Jesus\"},\"url\":\"https:\\\/\\\/portal135.com.br\\\/?author=5\"}]}<\/script>\n<!-- \/ Yoast SEO plugin. -->","yoast_head_json":{"title":"Instituto Kaizen inaugura unidade em Belo Horizonte com foco em intelig\u00eancia emocional e lideran\u00e7a","robots":{"index":"index","follow":"follow","max-snippet":"max-snippet:-1","max-image-preview":"max-image-preview:large","max-video-preview":"max-video-preview:-1"},"canonical":"https:\/\/portal135.com.br\/?p=3018","og_locale":"pt_BR","og_type":"article","og_title":"Instituto Kaizen inaugura unidade em Belo Horizonte com foco em intelig\u00eancia emocional e lideran\u00e7a","og_description":"Cr\u00e9dito da foto: Guto Tarasiuk. Segunda turma acontece em novembro. A meta \u00e9 estar presente em todas as capitais do Sudeste nos pr\u00f3ximos dois anos Belo Horizonte passa a contar com uma nova unidade do Instituto Princ\u00edpio Kaizen, refer\u00eancia nacional em treinamentos de desenvolvimento humano, coaching e Programa\u00e7\u00e3o Neurolingu\u00edstica (PNL). A chegada \u00e0 capital mineira representa um movimento estrat\u00e9gico de expans\u00e3o, que levou em conta o ambiente educacional de Minas Gerais e a forte cultura local de aprendizado. Segundo Amanda Braga, empres\u00e1ria e s\u00f3cia respons\u00e1vel pela unidade de Belo Horizonte, a expans\u00e3o atende a uma demanda crescente. \u201cMinas \u00e9 um estado que valoriza a educa\u00e7\u00e3o e a forma\u00e7\u00e3o cont\u00ednua. Trouxemos o Instituto Princ\u00edpio Kaizen para a capital mineira porque acreditamos no potencial transformador que esses treinamentos t\u00eam para empreendedores, l\u00edderes, profissionais em geral e para o cotidiano das pessoas. Nosso prop\u00f3sito \u00e9 oferecer experi\u00eancias vivenciais que realmente gerem impacto na vida das pessoas\u201d, afirma. O investimento inicial para estruturar a opera\u00e7\u00e3o foi de R$130 mil e deve gerar 10 empregos diretos e pelo menos 30 indiretos, considerando toda a estrutura dos eventos e das parcerias locais, incluindo hot\u00e9is. Al\u00e9m disso, o instituto j\u00e1 negocia colabora\u00e7\u00f5es com empresas, escolas e institui\u00e7\u00f5es de ensino para ampliar a oferta de solu\u00e7\u00f5es customizadas. \u201cAl\u00e9m do impacto formativo, a chegada do Kaizen movimenta a economia local: vamos contratar equipe, fornecedores e servi\u00e7os, e firmar parcerias com organiza\u00e7\u00f5es mineiras para levar solu\u00e7\u00f5es sob medida a times de vendas, lideran\u00e7a e comunica\u00e7\u00e3o\u201d, complementa Amanda. A primeira turma j\u00e1 tem data marcada: de 07 a 09 de novembro, ser\u00e1 realizado o curso Transi\u00e7\u00e3o \u2013 intelig\u00eancia emocional. A expectativa \u00e9 atender cerca de mil pessoas nos primeiros seis meses. Com sede em Curitiba, o Instituto Principio Kaizen j\u00e1 formou mais de 15 mil alunos em seus 16 anos de atua\u00e7\u00e3o, realizando em m\u00e9dia 60 turmas por ano em cinco estados brasileiros. O \u00edndice de satisfa\u00e7\u00e3o dos treinamentos, medido pelo NPS, chega a 93,4. A equipe multidisciplinar \u00e9 formada por cinco head trainers, oito psic\u00f3logos, 12 coaches e 14 treinadores. O grande diferencial, segundo a empres\u00e1ria, est\u00e1 no rigor t\u00e9cnico e na viv\u00eancia pr\u00e1tica das metodologias aplicadas. Os cursos s\u00e3o reconhecidos pelo MEC e utilizam t\u00e9cnicas como Programa\u00e7\u00e3o Neurolingu\u00edstica, intelig\u00eancia emocional, coaching, aprendizagem acelerada e comunica\u00e7\u00e3o eficaz, sempre por meio de din\u00e2micas e exerc\u00edcios pr\u00e1ticos. \u201cAl\u00e9m disso, a forma\u00e7\u00e3o dos profissionais do instituto foi realizada diretamente com nomes de peso mundial, como John Grinder (criador da PNL), Joseph O\u2019Connor (autoridade global em team coaching) e Anthony Robbins (refer\u00eancia internacional em coaching)\u201d, explica. De acordo com Amanda, as compet\u00eancias emocionais mais exigidas dos profissionais e empreendedores hoje s\u00e3o autoconhecimento, resili\u00eancia, comunica\u00e7\u00e3o eficaz, adaptabilidade e flexibilidade. \u201cA proposta do Instituto Princ\u00edpio Kaizen \u00e9 justamente trabalhar essas habilidades \u2014 n\u00e3o contempladas pela forma\u00e7\u00e3o acad\u00eamica \u2014 de forma pr\u00e1tica e vivencial\u201d, ressalta. Al\u00e9m dos cursos abertos ao p\u00fablico, a institui\u00e7\u00e3o tamb\u00e9m oferece programas in company, desenvolvidos sob medida para atender demandas espec\u00edficas de empresas em \u00e1reas como vendas, lideran\u00e7a e comunica\u00e7\u00e3o. Com presen\u00e7a consolidada em cinco estados, o Instituto Princ\u00edpio Kaizen planeja ampliar sua atua\u00e7\u00e3o. \u201cA meta \u00e9 estar presente em todas as capitais do Sudeste nos pr\u00f3ximos dois anos e alcan\u00e7ar cobertura nacional em at\u00e9 cinco anos. Para Belo Horizonte, a expectativa \u00e9 que a unidade se torne refer\u00eancia em intelig\u00eancia emocional aplicada \u00e0 vida profissional e pessoal, impactando diretamente o desenvolvimento de lideran\u00e7as, neg\u00f3cios e carreiras na capital mineira\u201d, finaliza Amanda. Mais informa\u00e7\u00f5es no perfil do Instagram&nbsp;https:\/\/www.instagram.com\/principiokaizenbh","og_url":"https:\/\/portal135.com.br\/?p=3018","og_site_name":"Portal 135","article_published_time":"2025-09-24T16:33:35+00:00","article_modified_time":"2025-09-24T17:52:01+00:00","og_image":[{"width":1080,"height":766,"url":"https:\/\/portal135.com.br\/wp-content\/uploads\/2025\/09\/Screenshot_20250924-144834_Fotos.png","type":"image\/png"}],"author":"Felipe De Jesus","twitter_card":"summary_large_image","twitter_misc":{"Escrito por":"Felipe De Jesus","Est. tempo de leitura":"4 minutos"},"schema":{"@context":"https:\/\/schema.org","@graph":[{"@type":"Article","@id":"https:\/\/portal135.com.br\/?p=3018#article","isPartOf":{"@id":"https:\/\/portal135.com.br\/?p=3018"},"author":{"name":"Felipe De Jesus","@id":"https:\/\/portal135.com.br\/#\/schema\/person\/8b1047d329adb7f2596093a79f5658e6"},"headline":"Instituto Kaizen inaugura unidade em Belo Horizonte com foco em intelig\u00eancia emocional e lideran\u00e7a","datePublished":"2025-09-24T16:33:35+00:00","dateModified":"2025-09-24T17:52:01+00:00","mainEntityOfPage":{"@id":"https:\/\/portal135.com.br\/?p=3018"},"wordCount":655,"commentCount":0,"publisher":{"@id":"https:\/\/portal135.com.br\/#organization"},"image":{"@id":"https:\/\/portal135.com.br\/?p=3018#primaryimage"},"thumbnailUrl":"https:\/\/portal135.com.br\/wp-content\/uploads\/2025\/09\/Screenshot_20250924-144834_Fotos.png","articleSection":["Brasil"],"inLanguage":"pt-BR","potentialAction":[{"@type":"CommentAction","name":"Comment","target":["https:\/\/portal135.com.br\/?p=3018#respond"]}]},{"@type":"WebPage","@id":"https:\/\/portal135.com.br\/?p=3018","url":"https:\/\/portal135.com.br\/?p=3018","name":"Instituto Kaizen inaugura unidade em Belo Horizonte com foco em intelig\u00eancia emocional e lideran\u00e7a","isPartOf":{"@id":"https:\/\/portal135.com.br\/#website"},"primaryImageOfPage":{"@id":"https:\/\/portal135.com.br\/?p=3018#primaryimage"},"image":{"@id":"https:\/\/portal135.com.br\/?p=3018#primaryimage"},"thumbnailUrl":"https:\/\/portal135.com.br\/wp-content\/uploads\/2025\/09\/Screenshot_20250924-144834_Fotos.png","datePublished":"2025-09-24T16:33:35+00:00","dateModified":"2025-09-24T17:52:01+00:00","breadcrumb":{"@id":"https:\/\/portal135.com.br\/?p=3018#breadcrumb"},"inLanguage":"pt-BR","potentialAction":[{"@type":"ReadAction","target":["https:\/\/portal135.com.br\/?p=3018"]}]},{"@type":"ImageObject","inLanguage":"pt-BR","@id":"https:\/\/portal135.com.br\/?p=3018#primaryimage","url":"https:\/\/portal135.com.br\/wp-content\/uploads\/2025\/09\/Screenshot_20250924-144834_Fotos.png","contentUrl":"https:\/\/portal135.com.br\/wp-content\/uploads\/2025\/09\/Screenshot_20250924-144834_Fotos.png","width":1080,"height":766},{"@type":"BreadcrumbList","@id":"https:\/\/portal135.com.br\/?p=3018#breadcrumb","itemListElement":[{"@type":"ListItem","position":1,"name":"In\u00edcio","item":"https:\/\/portal135.com.br\/"},{"@type":"ListItem","position":2,"name":"Instituto Kaizen inaugura unidade em Belo Horizonte com foco em intelig\u00eancia emocional e lideran\u00e7a"}]},{"@type":"WebSite","@id":"https:\/\/portal135.com.br\/#website","url":"https:\/\/portal135.com.br\/","name":"Portal 135","description":"Portal de Not\u00edcias","publisher":{"@id":"https:\/\/portal135.com.br\/#organization"},"potentialAction":[{"@type":"SearchAction","target":{"@type":"EntryPoint","urlTemplate":"https:\/\/portal135.com.br\/?s={search_term_string}"},"query-input":{"@type":"PropertyValueSpecification","valueRequired":true,"valueName":"search_term_string"}}],"inLanguage":"pt-BR"},{"@type":"Organization","@id":"https:\/\/portal135.com.br\/#organization","name":"Portal 135","url":"https:\/\/portal135.com.br\/","logo":{"@type":"ImageObject","inLanguage":"pt-BR","@id":"https:\/\/portal135.com.br\/#\/schema\/logo\/image\/","url":"https:\/\/portal135.com.br\/wp-content\/uploads\/2024\/09\/1000030041-removebg-preview.png","contentUrl":"https:\/\/portal135.com.br\/wp-content\/uploads\/2024\/09\/1000030041-removebg-preview.png","width":500,"height":500,"caption":"Portal 135"},"image":{"@id":"https:\/\/portal135.com.br\/#\/schema\/logo\/image\/"}},{"@type":"Person","@id":"https:\/\/portal135.com.br\/#\/schema\/person\/8b1047d329adb7f2596093a79f5658e6","name":"Felipe De Jesus","image":{"@type":"ImageObject","inLanguage":"pt-BR","@id":"https:\/\/secure.gravatar.com\/avatar\/c7bb18151e6c15c2f6c17d6a985b65614e924b0a2109679be31286f997dd99df?s=96&d=mm&r=g","url":"https:\/\/secure.gravatar.com\/avatar\/c7bb18151e6c15c2f6c17d6a985b65614e924b0a2109679be31286f997dd99df?s=96&d=mm&r=g","contentUrl":"https:\/\/secure.gravatar.com\/avatar\/c7bb18151e6c15c2f6c17d6a985b65614e924b0a2109679be31286f997dd99df?s=96&d=mm&r=g","caption":"Felipe De Jesus"},"url":"https:\/\/portal135.com.br\/?author=5"}]}},"_links":{"self":[{"href":"https:\/\/portal135.com.br\/index.php?rest_route=\/wp\/v2\/posts\/3018","targetHints":{"allow":["GET"]}}],"collection":[{"href":"https:\/\/portal135.com.br\/index.php?rest_route=\/wp\/v2\/posts"}],"about":[{"href":"https:\/\/portal135.com.br\/index.php?rest_route=\/wp\/v2\/types\/post"}],"author":[{"embeddable":true,"href":"https:\/\/portal135.com.br\/index.php?rest_route=\/wp\/v2\/users\/5"}],"replies":[{"embeddable":true,"href":"https:\/\/portal135.com.br\/index.php?rest_route=%2Fwp%2Fv2%2Fcomments&post=3018"}],"version-history":[{"count":1,"href":"https:\/\/portal135.com.br\/index.php?rest_route=\/wp\/v2\/posts\/3018\/revisions"}],"predecessor-version":[{"id":3020,"href":"https:\/\/portal135.com.br\/index.php?rest_route=\/wp\/v2\/posts\/3018\/revisions\/3020"}],"wp:featuredmedia":[{"embeddable":true,"href":"https:\/\/portal135.com.br\/index.php?rest_route=\/wp\/v2\/media\/3021"}],"wp:attachment":[{"href":"https:\/\/portal135.com.br\/index.php?rest_route=%2Fwp%2Fv2%2Fmedia&parent=3018"}],"wp:term":[{"taxonomy":"category","embeddable":true,"href":"https:\/\/portal135.com.br\/index.php?rest_route=%2Fwp%2Fv2%2Fcategories&post=3018"},{"taxonomy":"post_tag","embeddable":true,"href":"https:\/\/portal135.com.br\/index.php?rest_route=%2Fwp%2Fv2%2Ftags&post=3018"}],"curies":[{"name":"wp","href":"https:\/\/api.w.org\/{rel}","templated":true}]}}