{"id":2958,"date":"2025-08-20T20:49:39","date_gmt":"2025-08-20T20:49:39","guid":{"rendered":"https:\/\/portal135.com.br\/?p=2958"},"modified":"2025-08-20T20:49:40","modified_gmt":"2025-08-20T20:49:40","slug":"festa-das-rosas-e-flores-de-barbacena-e-lancada-oficialmente-durante-evento-de-turismo-em-bh","status":"publish","type":"post","link":"https:\/\/portal135.com.br\/?p=2958","title":{"rendered":"Festa das Rosas e Flores de Barbacena \u00e9 lan\u00e7ada oficialmente durante evento de turismo em BH"},"content":{"rendered":"\n<p><strong>Secret\u00e1rio de Cultura e Turismo de Barbacena, Alexandre Braga, com os mascotes da Festa das Rosas e Flores de Barbacena, Carola e Lelo &#8211; <\/strong><strong>Foto: Heberton Lopes.<\/strong><\/p>\n\n\n\n<p><strong><em>A 53\u00aa edi\u00e7\u00e3o do evento acontece de 9 a 12 de outubro com shows de Jota Quest, Paula Fernandes e Ra\u00e7a Negra, al\u00e9m de exposi\u00e7\u00f5es, programa\u00e7\u00e3o tem\u00e1tica e o tradicional concurso Rainha das Rosas e Flores<\/em><\/strong><\/p>\n\n\n\n<p>&nbsp;Em um dos encontros mais importantes do setor de turismo do estado, o Travel Next Minas, realizado em Belo Horizonte, na \u00faltima ter\u00e7a-feira (19), foi oficialmente lan\u00e7ada a 53\u00aa Festa das Rosas e Flores de Barbacena, que acontece de 09 a 12 de outubro. Reconhecida por unir tradi\u00e7\u00e3o, cultura e entretenimento, a edi\u00e7\u00e3o deste ano promete ser ainda mais especial, com uma programa\u00e7\u00e3o que celebra a riqueza cultural da cidade e seu t\u00edtulo recente de Cidade das Rosas de Minas Gerais.<\/p>\n\n\n\n<p><img decoding=\"async\" src=\"https:\/\/ci3.googleusercontent.com\/meips\/ADKq_NaVvW-hW2BRuzCPe5DKIcvfP8kE5mFlOSGksdXC-pUISxMguFJMBuna67-vE0kT7t0B8wGnhqLsrYnNQdagRu0WypSFMxqGifcuIjIsVDDRLkN0tBusP3QpaSl0iUBOLMgypDLM99k-fYKNyUEPE3EZEo5WC8zO03PY58HUS9d0ycYZC6PQ2l80Hy66ftxxFgyQYX_2culr8YMsRZPe=s0-d-e1-ft#https:\/\/files.pressmanager.net\/clientes\/67dd844a69e08263976a65f343f9b4e0\/imagens\/2025\/08\/20\/9a56d59a656517d76db3f4562c5ec215_medium.jpg\" alt=\"\" width=\"200\">No palco, o evento de lan\u00e7amento contou com a presen\u00e7a do Secret\u00e1rio de Cultura e Turismo de Barbacena, Alexandre Braga, o Diretor de Turismo e Eventos de Barbacena, Giovane Tavares. A Rainha das Rosas e Flores 2024, Kamilly Sarah, tamb\u00e9m marcou presen\u00e7a, acompanhada pelas Princesas das Rosas 2024 e pelos ador\u00e1veis mascotes Carola e Lelo, que encantaram os participantes e trouxeram uma amostra do charme que a festa reserva para moradores e visitantes.<\/p>\n\n\n\n<p>Em seu discurso durante o lan\u00e7amento, o Secret\u00e1rio Municipal de Cultura e Turismo, Alexandre Braga, destacou a relev\u00e2ncia e a grandiosidade da festa. &#8220;Estamos muito felizes, pois recebemos oficialmente o t\u00edtulo de Cidade das Rosas de Minas Gerais. E a Festa das Rosas e Flores, que chega \u00e0 sua 53\u00aa edi\u00e7\u00e3o, \u00e9 uma festividade que vem para trabalhar a pol\u00edtica de eventos na nossa cidade, alavancando o nosso turismo e refor\u00e7ando que a nossa marca e a nossa gest\u00e3o acreditam no turismo como uma das principais atividades econ\u00f4micas do estado, do pa\u00eds e vai ser futuramente, do nosso munic\u00edpio\u201d, disse o gestor.<\/p>\n\n\n\n<p>O Diretor de Cultura e Turismo de Barbacena, Giovane Tavares, exaltou a cidade e convidou os presentes para estarem na Festa das Rosas e Flores. &#8220;Barbacena respira poesia quando se enche de rosas e flores. As cores, os perfumes e a delicadeza transformam. Ou seja, onde a natureza se mistura com a tradi\u00e7\u00e3o e alegria do seu povo. \u00c9 uma atmosfera \u00fanica que encanta os olhos, aquece o cora\u00e7\u00e3o e celebra a identidade de uma terra reconhecida como cidade das Rosas. Assim, \u00e9 uma honra estar aqui para mostrar o que a nossa cidade tem, atrav\u00e9s de sua cultura e dos eventos que s\u00e3o realizados para os moradores e visitantes. Por isso, convidamos todos voc\u00eas para a Festa das Rosas e Flores, que chega em sua 53\u00aa edi\u00e7\u00e3o com muita alegria\u201d, finalizou.<\/p>\n\n\n\n<p><strong>Mais do que uma festa<\/strong><\/p>\n\n\n\n<p>A 53\u00aa Festa das Rosas e Flores de Barbacena ser\u00e1 realizada entre os dias 9 e 12 de outubro, no Parque de Exposi\u00e7\u00f5es Senador Bias Fortes, localizado na Rodovia BR 265, Km 05, no distrito de Grogot\u00f3, em Barbacena \u2013 MG. Com entrada gratuita, o p\u00fablico \u00e9 incentivado a contribuir socialmente com a entrega solid\u00e1ria de 1kg de alimento n\u00e3o perec\u00edvel ou um brinquedo na portaria do festival. A programa\u00e7\u00e3o foi cuidadosamente planejada para agradar toda a fam\u00edlia, com feira de artesanato, exposi\u00e7\u00e3o de orqu\u00eddeas, estandes decorados, mostra de paisagismo, desfile e elei\u00e7\u00e3o p\u00fablica da Rainha das Rosas, entre outras atividades. Grandes nomes da m\u00fasica brasileira agitar\u00e3o o p\u00fablico: Jota Quest sobe ao palco na sexta-feira, Paula Fernandes comanda a festa no s\u00e1bado, e no domingo, o p\u00fablico ser\u00e1 embalado pelos cl\u00e1ssicos do grupo Ra\u00e7a Negra.<\/p>\n\n\n\n<p><strong>Servi\u00e7o<\/strong><\/p>\n\n\n\n<p><strong>53\u00aa&nbsp;Festa&nbsp;das&nbsp;Rosas&nbsp;e&nbsp;Flores&nbsp;de Barbacena<\/strong><\/p>\n\n\n\n<p><strong>Data:&nbsp;<\/strong>09 a 12 de outubro (quinta-feira a domingo)<\/p>\n\n\n\n<p><strong>Local:&nbsp;<\/strong>Parque de Exposi\u00e7\u00f5es Senador Bias Fortes &#8211; Rodovia Br 265, Km 05, 0, Grogoto, Barbacena \u2013 MG<\/p>\n\n\n\n<p><strong>Entrada:&nbsp;<\/strong>1 kg de alimento n\u00e3o perec\u00edvel ou brinquedo<\/p>\n\n\n\n<p><strong>Informa\u00e7\u00f5es:<\/strong>&nbsp;(32) 3198-1005 ou (32) 9 9871-8092<\/p>\n\n\n\n<p><strong>Realiza\u00e7\u00e3o:<\/strong>&nbsp;Prefeitura de Barbacena e Sindicato Rural de Barbacena<\/p>\n","protected":false},"excerpt":{"rendered":"<p>Secret\u00e1rio de Cultura e Turismo de Barbacena, Alexandre Braga, com os mascotes da Festa das Rosas e Flores de Barbacena, Carola e Lelo &#8211; Foto: Heberton Lopes. A 53\u00aa edi\u00e7\u00e3o do evento acontece de 9 a 12 de outubro com shows de Jota Quest, Paula Fernandes e Ra\u00e7a Negra, al\u00e9m de exposi\u00e7\u00f5es, programa\u00e7\u00e3o tem\u00e1tica e o tradicional concurso Rainha das Rosas e Flores &nbsp;Em um dos encontros mais importantes do setor de turismo do estado, o Travel Next Minas, realizado em Belo Horizonte, na \u00faltima ter\u00e7a-feira (19), foi oficialmente lan\u00e7ada a 53\u00aa Festa das Rosas e Flores de Barbacena, que acontece de 09 a 12 de outubro. Reconhecida por unir tradi\u00e7\u00e3o, cultura e entretenimento, a edi\u00e7\u00e3o deste ano promete ser ainda mais especial, com uma programa\u00e7\u00e3o que celebra a riqueza cultural da cidade e seu t\u00edtulo recente de Cidade das Rosas de Minas Gerais. No palco, o evento de lan\u00e7amento contou com a presen\u00e7a do Secret\u00e1rio de Cultura e Turismo de Barbacena, Alexandre Braga, o Diretor de Turismo e Eventos de Barbacena, Giovane Tavares. A Rainha das Rosas e Flores 2024, Kamilly Sarah, tamb\u00e9m marcou presen\u00e7a, acompanhada pelas Princesas das Rosas 2024 e pelos ador\u00e1veis mascotes Carola e Lelo, que encantaram os participantes e trouxeram uma amostra do charme que a festa reserva para moradores e visitantes. Em seu discurso durante o lan\u00e7amento, o Secret\u00e1rio Municipal de Cultura e Turismo, Alexandre Braga, destacou a relev\u00e2ncia e a grandiosidade da festa. &#8220;Estamos muito felizes, pois recebemos oficialmente o t\u00edtulo de Cidade das Rosas de Minas Gerais. E a Festa das Rosas e Flores, que chega \u00e0 sua 53\u00aa edi\u00e7\u00e3o, \u00e9 uma festividade que vem para trabalhar a pol\u00edtica de eventos na nossa cidade, alavancando o nosso turismo e refor\u00e7ando que a nossa marca e a nossa gest\u00e3o acreditam no turismo como uma das principais atividades econ\u00f4micas do estado, do pa\u00eds e vai ser futuramente, do nosso munic\u00edpio\u201d, disse o gestor. O Diretor de Cultura e Turismo de Barbacena, Giovane Tavares, exaltou a cidade e convidou os presentes para estarem na Festa das Rosas e Flores. &#8220;Barbacena respira poesia quando se enche de rosas e flores. As cores, os perfumes e a delicadeza transformam. Ou seja, onde a natureza se mistura com a tradi\u00e7\u00e3o e alegria do seu povo. \u00c9 uma atmosfera \u00fanica que encanta os olhos, aquece o cora\u00e7\u00e3o e celebra a identidade de uma terra reconhecida como cidade das Rosas. Assim, \u00e9 uma honra estar aqui para mostrar o que a nossa cidade tem, atrav\u00e9s de sua cultura e dos eventos que s\u00e3o realizados para os moradores e visitantes. Por isso, convidamos todos voc\u00eas para a Festa das Rosas e Flores, que chega em sua 53\u00aa edi\u00e7\u00e3o com muita alegria\u201d, finalizou. Mais do que uma festa A 53\u00aa Festa das Rosas e Flores de Barbacena ser\u00e1 realizada entre os dias 9 e 12 de outubro, no Parque de Exposi\u00e7\u00f5es Senador Bias Fortes, localizado na Rodovia BR 265, Km 05, no distrito de Grogot\u00f3, em Barbacena \u2013 MG. Com entrada gratuita, o p\u00fablico \u00e9 incentivado a contribuir socialmente com a entrega solid\u00e1ria de 1kg de alimento n\u00e3o perec\u00edvel ou um brinquedo na portaria do festival. A programa\u00e7\u00e3o foi cuidadosamente planejada para agradar toda a fam\u00edlia, com feira de artesanato, exposi\u00e7\u00e3o de orqu\u00eddeas, estandes decorados, mostra de paisagismo, desfile e elei\u00e7\u00e3o p\u00fablica da Rainha das Rosas, entre outras atividades. Grandes nomes da m\u00fasica brasileira agitar\u00e3o o p\u00fablico: Jota Quest sobe ao palco na sexta-feira, Paula Fernandes comanda a festa no s\u00e1bado, e no domingo, o p\u00fablico ser\u00e1 embalado pelos cl\u00e1ssicos do grupo Ra\u00e7a Negra. Servi\u00e7o 53\u00aa&nbsp;Festa&nbsp;das&nbsp;Rosas&nbsp;e&nbsp;Flores&nbsp;de Barbacena Data:&nbsp;09 a 12 de outubro (quinta-feira a domingo) Local:&nbsp;Parque de Exposi\u00e7\u00f5es Senador Bias Fortes &#8211; Rodovia Br 265, Km 05, 0, Grogoto, Barbacena \u2013 MG Entrada:&nbsp;1 kg de alimento n\u00e3o perec\u00edvel ou brinquedo Informa\u00e7\u00f5es:&nbsp;(32) 3198-1005 ou (32) 9 9871-8092 Realiza\u00e7\u00e3o:&nbsp;Prefeitura de Barbacena e Sindicato Rural de Barbacena<\/p>\n","protected":false},"author":5,"featured_media":2959,"comment_status":"open","ping_status":"open","sticky":true,"template":"","format":"standard","meta":{"footnotes":""},"categories":[32],"tags":[],"class_list":["post-2958","post","type-post","status-publish","format-standard","has-post-thumbnail","hentry","category-brasil"],"yoast_head":"<!-- This site is optimized with the Yoast SEO plugin v27.3 - https:\/\/yoast.com\/product\/yoast-seo-wordpress\/ -->\n<title>Festa das Rosas e Flores de Barbacena \u00e9 lan\u00e7ada oficialmente durante evento de turismo em BH<\/title>\n<meta name=\"robots\" content=\"index, follow, max-snippet:-1, max-image-preview:large, max-video-preview:-1\" \/>\n<link rel=\"canonical\" href=\"https:\/\/portal135.com.br\/?p=2958\" \/>\n<meta property=\"og:locale\" content=\"pt_BR\" \/>\n<meta property=\"og:type\" content=\"article\" \/>\n<meta property=\"og:title\" content=\"Festa das Rosas e Flores de Barbacena \u00e9 lan\u00e7ada oficialmente durante evento de turismo em BH\" \/>\n<meta property=\"og:description\" content=\"Secret\u00e1rio de Cultura e Turismo de Barbacena, Alexandre Braga, com os mascotes da Festa das Rosas e Flores de Barbacena, Carola e Lelo &#8211; Foto: Heberton Lopes. A 53\u00aa edi\u00e7\u00e3o do evento acontece de 9 a 12 de outubro com shows de Jota Quest, Paula Fernandes e Ra\u00e7a Negra, al\u00e9m de exposi\u00e7\u00f5es, programa\u00e7\u00e3o tem\u00e1tica e o tradicional concurso Rainha das Rosas e Flores &nbsp;Em um dos encontros mais importantes do setor de turismo do estado, o Travel Next Minas, realizado em Belo Horizonte, na \u00faltima ter\u00e7a-feira (19), foi oficialmente lan\u00e7ada a 53\u00aa Festa das Rosas e Flores de Barbacena, que acontece de 09 a 12 de outubro. Reconhecida por unir tradi\u00e7\u00e3o, cultura e entretenimento, a edi\u00e7\u00e3o deste ano promete ser ainda mais especial, com uma programa\u00e7\u00e3o que celebra a riqueza cultural da cidade e seu t\u00edtulo recente de Cidade das Rosas de Minas Gerais. No palco, o evento de lan\u00e7amento contou com a presen\u00e7a do Secret\u00e1rio de Cultura e Turismo de Barbacena, Alexandre Braga, o Diretor de Turismo e Eventos de Barbacena, Giovane Tavares. A Rainha das Rosas e Flores 2024, Kamilly Sarah, tamb\u00e9m marcou presen\u00e7a, acompanhada pelas Princesas das Rosas 2024 e pelos ador\u00e1veis mascotes Carola e Lelo, que encantaram os participantes e trouxeram uma amostra do charme que a festa reserva para moradores e visitantes. Em seu discurso durante o lan\u00e7amento, o Secret\u00e1rio Municipal de Cultura e Turismo, Alexandre Braga, destacou a relev\u00e2ncia e a grandiosidade da festa. &#8220;Estamos muito felizes, pois recebemos oficialmente o t\u00edtulo de Cidade das Rosas de Minas Gerais. E a Festa das Rosas e Flores, que chega \u00e0 sua 53\u00aa edi\u00e7\u00e3o, \u00e9 uma festividade que vem para trabalhar a pol\u00edtica de eventos na nossa cidade, alavancando o nosso turismo e refor\u00e7ando que a nossa marca e a nossa gest\u00e3o acreditam no turismo como uma das principais atividades econ\u00f4micas do estado, do pa\u00eds e vai ser futuramente, do nosso munic\u00edpio\u201d, disse o gestor. O Diretor de Cultura e Turismo de Barbacena, Giovane Tavares, exaltou a cidade e convidou os presentes para estarem na Festa das Rosas e Flores. &#8220;Barbacena respira poesia quando se enche de rosas e flores. As cores, os perfumes e a delicadeza transformam. Ou seja, onde a natureza se mistura com a tradi\u00e7\u00e3o e alegria do seu povo. \u00c9 uma atmosfera \u00fanica que encanta os olhos, aquece o cora\u00e7\u00e3o e celebra a identidade de uma terra reconhecida como cidade das Rosas. Assim, \u00e9 uma honra estar aqui para mostrar o que a nossa cidade tem, atrav\u00e9s de sua cultura e dos eventos que s\u00e3o realizados para os moradores e visitantes. Por isso, convidamos todos voc\u00eas para a Festa das Rosas e Flores, que chega em sua 53\u00aa edi\u00e7\u00e3o com muita alegria\u201d, finalizou. Mais do que uma festa A 53\u00aa Festa das Rosas e Flores de Barbacena ser\u00e1 realizada entre os dias 9 e 12 de outubro, no Parque de Exposi\u00e7\u00f5es Senador Bias Fortes, localizado na Rodovia BR 265, Km 05, no distrito de Grogot\u00f3, em Barbacena \u2013 MG. Com entrada gratuita, o p\u00fablico \u00e9 incentivado a contribuir socialmente com a entrega solid\u00e1ria de 1kg de alimento n\u00e3o perec\u00edvel ou um brinquedo na portaria do festival. A programa\u00e7\u00e3o foi cuidadosamente planejada para agradar toda a fam\u00edlia, com feira de artesanato, exposi\u00e7\u00e3o de orqu\u00eddeas, estandes decorados, mostra de paisagismo, desfile e elei\u00e7\u00e3o p\u00fablica da Rainha das Rosas, entre outras atividades. Grandes nomes da m\u00fasica brasileira agitar\u00e3o o p\u00fablico: Jota Quest sobe ao palco na sexta-feira, Paula Fernandes comanda a festa no s\u00e1bado, e no domingo, o p\u00fablico ser\u00e1 embalado pelos cl\u00e1ssicos do grupo Ra\u00e7a Negra. Servi\u00e7o 53\u00aa&nbsp;Festa&nbsp;das&nbsp;Rosas&nbsp;e&nbsp;Flores&nbsp;de Barbacena Data:&nbsp;09 a 12 de outubro (quinta-feira a domingo) Local:&nbsp;Parque de Exposi\u00e7\u00f5es Senador Bias Fortes &#8211; Rodovia Br 265, Km 05, 0, Grogoto, Barbacena \u2013 MG Entrada:&nbsp;1 kg de alimento n\u00e3o perec\u00edvel ou brinquedo Informa\u00e7\u00f5es:&nbsp;(32) 3198-1005 ou (32) 9 9871-8092 Realiza\u00e7\u00e3o:&nbsp;Prefeitura de Barbacena e Sindicato Rural de Barbacena\" \/>\n<meta property=\"og:url\" content=\"https:\/\/portal135.com.br\/?p=2958\" \/>\n<meta property=\"og:site_name\" content=\"Portal 135\" \/>\n<meta property=\"article:published_time\" content=\"2025-08-20T20:49:39+00:00\" \/>\n<meta property=\"article:modified_time\" content=\"2025-08-20T20:49:40+00:00\" \/>\n<meta property=\"og:image\" content=\"https:\/\/portal135.com.br\/wp-content\/uploads\/2025\/08\/Screenshot_20250820-155950.Fotos_.png\" \/>\n\t<meta property=\"og:image:width\" content=\"1080\" \/>\n\t<meta property=\"og:image:height\" content=\"821\" \/>\n\t<meta property=\"og:image:type\" content=\"image\/png\" \/>\n<meta name=\"author\" content=\"Felipe De Jesus\" \/>\n<meta name=\"twitter:card\" content=\"summary_large_image\" \/>\n<meta name=\"twitter:label1\" content=\"Escrito por\" \/>\n\t<meta name=\"twitter:data1\" content=\"Felipe De Jesus\" \/>\n\t<meta name=\"twitter:label2\" content=\"Est. tempo de leitura\" \/>\n\t<meta name=\"twitter:data2\" content=\"4 minutos\" \/>\n<script type=\"application\/ld+json\" class=\"yoast-schema-graph\">{\"@context\":\"https:\\\/\\\/schema.org\",\"@graph\":[{\"@type\":\"Article\",\"@id\":\"https:\\\/\\\/portal135.com.br\\\/?p=2958#article\",\"isPartOf\":{\"@id\":\"https:\\\/\\\/portal135.com.br\\\/?p=2958\"},\"author\":{\"name\":\"Felipe De Jesus\",\"@id\":\"https:\\\/\\\/portal135.com.br\\\/#\\\/schema\\\/person\\\/8b1047d329adb7f2596093a79f5658e6\"},\"headline\":\"Festa das Rosas e Flores de Barbacena \u00e9 lan\u00e7ada oficialmente durante evento de turismo em BH\",\"datePublished\":\"2025-08-20T20:49:39+00:00\",\"dateModified\":\"2025-08-20T20:49:40+00:00\",\"mainEntityOfPage\":{\"@id\":\"https:\\\/\\\/portal135.com.br\\\/?p=2958\"},\"wordCount\":708,\"commentCount\":0,\"publisher\":{\"@id\":\"https:\\\/\\\/portal135.com.br\\\/#organization\"},\"image\":{\"@id\":\"https:\\\/\\\/portal135.com.br\\\/?p=2958#primaryimage\"},\"thumbnailUrl\":\"https:\\\/\\\/portal135.com.br\\\/wp-content\\\/uploads\\\/2025\\\/08\\\/Screenshot_20250820-155950.Fotos_.png\",\"articleSection\":[\"Brasil\"],\"inLanguage\":\"pt-BR\",\"potentialAction\":[{\"@type\":\"CommentAction\",\"name\":\"Comment\",\"target\":[\"https:\\\/\\\/portal135.com.br\\\/?p=2958#respond\"]}]},{\"@type\":\"WebPage\",\"@id\":\"https:\\\/\\\/portal135.com.br\\\/?p=2958\",\"url\":\"https:\\\/\\\/portal135.com.br\\\/?p=2958\",\"name\":\"Festa das Rosas e Flores de Barbacena \u00e9 lan\u00e7ada oficialmente durante evento de turismo em BH\",\"isPartOf\":{\"@id\":\"https:\\\/\\\/portal135.com.br\\\/#website\"},\"primaryImageOfPage\":{\"@id\":\"https:\\\/\\\/portal135.com.br\\\/?p=2958#primaryimage\"},\"image\":{\"@id\":\"https:\\\/\\\/portal135.com.br\\\/?p=2958#primaryimage\"},\"thumbnailUrl\":\"https:\\\/\\\/portal135.com.br\\\/wp-content\\\/uploads\\\/2025\\\/08\\\/Screenshot_20250820-155950.Fotos_.png\",\"datePublished\":\"2025-08-20T20:49:39+00:00\",\"dateModified\":\"2025-08-20T20:49:40+00:00\",\"breadcrumb\":{\"@id\":\"https:\\\/\\\/portal135.com.br\\\/?p=2958#breadcrumb\"},\"inLanguage\":\"pt-BR\",\"potentialAction\":[{\"@type\":\"ReadAction\",\"target\":[\"https:\\\/\\\/portal135.com.br\\\/?p=2958\"]}]},{\"@type\":\"ImageObject\",\"inLanguage\":\"pt-BR\",\"@id\":\"https:\\\/\\\/portal135.com.br\\\/?p=2958#primaryimage\",\"url\":\"https:\\\/\\\/portal135.com.br\\\/wp-content\\\/uploads\\\/2025\\\/08\\\/Screenshot_20250820-155950.Fotos_.png\",\"contentUrl\":\"https:\\\/\\\/portal135.com.br\\\/wp-content\\\/uploads\\\/2025\\\/08\\\/Screenshot_20250820-155950.Fotos_.png\",\"width\":1080,\"height\":821},{\"@type\":\"BreadcrumbList\",\"@id\":\"https:\\\/\\\/portal135.com.br\\\/?p=2958#breadcrumb\",\"itemListElement\":[{\"@type\":\"ListItem\",\"position\":1,\"name\":\"In\u00edcio\",\"item\":\"https:\\\/\\\/portal135.com.br\\\/\"},{\"@type\":\"ListItem\",\"position\":2,\"name\":\"Festa das Rosas e Flores de Barbacena \u00e9 lan\u00e7ada oficialmente durante evento de turismo em BH\"}]},{\"@type\":\"WebSite\",\"@id\":\"https:\\\/\\\/portal135.com.br\\\/#website\",\"url\":\"https:\\\/\\\/portal135.com.br\\\/\",\"name\":\"Portal 135\",\"description\":\"Portal de Not\u00edcias\",\"publisher\":{\"@id\":\"https:\\\/\\\/portal135.com.br\\\/#organization\"},\"potentialAction\":[{\"@type\":\"SearchAction\",\"target\":{\"@type\":\"EntryPoint\",\"urlTemplate\":\"https:\\\/\\\/portal135.com.br\\\/?s={search_term_string}\"},\"query-input\":{\"@type\":\"PropertyValueSpecification\",\"valueRequired\":true,\"valueName\":\"search_term_string\"}}],\"inLanguage\":\"pt-BR\"},{\"@type\":\"Organization\",\"@id\":\"https:\\\/\\\/portal135.com.br\\\/#organization\",\"name\":\"Portal 135\",\"url\":\"https:\\\/\\\/portal135.com.br\\\/\",\"logo\":{\"@type\":\"ImageObject\",\"inLanguage\":\"pt-BR\",\"@id\":\"https:\\\/\\\/portal135.com.br\\\/#\\\/schema\\\/logo\\\/image\\\/\",\"url\":\"https:\\\/\\\/portal135.com.br\\\/wp-content\\\/uploads\\\/2024\\\/09\\\/1000030041-removebg-preview.png\",\"contentUrl\":\"https:\\\/\\\/portal135.com.br\\\/wp-content\\\/uploads\\\/2024\\\/09\\\/1000030041-removebg-preview.png\",\"width\":500,\"height\":500,\"caption\":\"Portal 135\"},\"image\":{\"@id\":\"https:\\\/\\\/portal135.com.br\\\/#\\\/schema\\\/logo\\\/image\\\/\"}},{\"@type\":\"Person\",\"@id\":\"https:\\\/\\\/portal135.com.br\\\/#\\\/schema\\\/person\\\/8b1047d329adb7f2596093a79f5658e6\",\"name\":\"Felipe De Jesus\",\"image\":{\"@type\":\"ImageObject\",\"inLanguage\":\"pt-BR\",\"@id\":\"https:\\\/\\\/secure.gravatar.com\\\/avatar\\\/c7bb18151e6c15c2f6c17d6a985b65614e924b0a2109679be31286f997dd99df?s=96&d=mm&r=g\",\"url\":\"https:\\\/\\\/secure.gravatar.com\\\/avatar\\\/c7bb18151e6c15c2f6c17d6a985b65614e924b0a2109679be31286f997dd99df?s=96&d=mm&r=g\",\"contentUrl\":\"https:\\\/\\\/secure.gravatar.com\\\/avatar\\\/c7bb18151e6c15c2f6c17d6a985b65614e924b0a2109679be31286f997dd99df?s=96&d=mm&r=g\",\"caption\":\"Felipe De Jesus\"},\"url\":\"https:\\\/\\\/portal135.com.br\\\/?author=5\"}]}<\/script>\n<!-- \/ Yoast SEO plugin. -->","yoast_head_json":{"title":"Festa das Rosas e Flores de Barbacena \u00e9 lan\u00e7ada oficialmente durante evento de turismo em BH","robots":{"index":"index","follow":"follow","max-snippet":"max-snippet:-1","max-image-preview":"max-image-preview:large","max-video-preview":"max-video-preview:-1"},"canonical":"https:\/\/portal135.com.br\/?p=2958","og_locale":"pt_BR","og_type":"article","og_title":"Festa das Rosas e Flores de Barbacena \u00e9 lan\u00e7ada oficialmente durante evento de turismo em BH","og_description":"Secret\u00e1rio de Cultura e Turismo de Barbacena, Alexandre Braga, com os mascotes da Festa das Rosas e Flores de Barbacena, Carola e Lelo &#8211; Foto: Heberton Lopes. A 53\u00aa edi\u00e7\u00e3o do evento acontece de 9 a 12 de outubro com shows de Jota Quest, Paula Fernandes e Ra\u00e7a Negra, al\u00e9m de exposi\u00e7\u00f5es, programa\u00e7\u00e3o tem\u00e1tica e o tradicional concurso Rainha das Rosas e Flores &nbsp;Em um dos encontros mais importantes do setor de turismo do estado, o Travel Next Minas, realizado em Belo Horizonte, na \u00faltima ter\u00e7a-feira (19), foi oficialmente lan\u00e7ada a 53\u00aa Festa das Rosas e Flores de Barbacena, que acontece de 09 a 12 de outubro. Reconhecida por unir tradi\u00e7\u00e3o, cultura e entretenimento, a edi\u00e7\u00e3o deste ano promete ser ainda mais especial, com uma programa\u00e7\u00e3o que celebra a riqueza cultural da cidade e seu t\u00edtulo recente de Cidade das Rosas de Minas Gerais. No palco, o evento de lan\u00e7amento contou com a presen\u00e7a do Secret\u00e1rio de Cultura e Turismo de Barbacena, Alexandre Braga, o Diretor de Turismo e Eventos de Barbacena, Giovane Tavares. A Rainha das Rosas e Flores 2024, Kamilly Sarah, tamb\u00e9m marcou presen\u00e7a, acompanhada pelas Princesas das Rosas 2024 e pelos ador\u00e1veis mascotes Carola e Lelo, que encantaram os participantes e trouxeram uma amostra do charme que a festa reserva para moradores e visitantes. Em seu discurso durante o lan\u00e7amento, o Secret\u00e1rio Municipal de Cultura e Turismo, Alexandre Braga, destacou a relev\u00e2ncia e a grandiosidade da festa. &#8220;Estamos muito felizes, pois recebemos oficialmente o t\u00edtulo de Cidade das Rosas de Minas Gerais. E a Festa das Rosas e Flores, que chega \u00e0 sua 53\u00aa edi\u00e7\u00e3o, \u00e9 uma festividade que vem para trabalhar a pol\u00edtica de eventos na nossa cidade, alavancando o nosso turismo e refor\u00e7ando que a nossa marca e a nossa gest\u00e3o acreditam no turismo como uma das principais atividades econ\u00f4micas do estado, do pa\u00eds e vai ser futuramente, do nosso munic\u00edpio\u201d, disse o gestor. O Diretor de Cultura e Turismo de Barbacena, Giovane Tavares, exaltou a cidade e convidou os presentes para estarem na Festa das Rosas e Flores. &#8220;Barbacena respira poesia quando se enche de rosas e flores. As cores, os perfumes e a delicadeza transformam. Ou seja, onde a natureza se mistura com a tradi\u00e7\u00e3o e alegria do seu povo. \u00c9 uma atmosfera \u00fanica que encanta os olhos, aquece o cora\u00e7\u00e3o e celebra a identidade de uma terra reconhecida como cidade das Rosas. Assim, \u00e9 uma honra estar aqui para mostrar o que a nossa cidade tem, atrav\u00e9s de sua cultura e dos eventos que s\u00e3o realizados para os moradores e visitantes. Por isso, convidamos todos voc\u00eas para a Festa das Rosas e Flores, que chega em sua 53\u00aa edi\u00e7\u00e3o com muita alegria\u201d, finalizou. Mais do que uma festa A 53\u00aa Festa das Rosas e Flores de Barbacena ser\u00e1 realizada entre os dias 9 e 12 de outubro, no Parque de Exposi\u00e7\u00f5es Senador Bias Fortes, localizado na Rodovia BR 265, Km 05, no distrito de Grogot\u00f3, em Barbacena \u2013 MG. Com entrada gratuita, o p\u00fablico \u00e9 incentivado a contribuir socialmente com a entrega solid\u00e1ria de 1kg de alimento n\u00e3o perec\u00edvel ou um brinquedo na portaria do festival. A programa\u00e7\u00e3o foi cuidadosamente planejada para agradar toda a fam\u00edlia, com feira de artesanato, exposi\u00e7\u00e3o de orqu\u00eddeas, estandes decorados, mostra de paisagismo, desfile e elei\u00e7\u00e3o p\u00fablica da Rainha das Rosas, entre outras atividades. Grandes nomes da m\u00fasica brasileira agitar\u00e3o o p\u00fablico: Jota Quest sobe ao palco na sexta-feira, Paula Fernandes comanda a festa no s\u00e1bado, e no domingo, o p\u00fablico ser\u00e1 embalado pelos cl\u00e1ssicos do grupo Ra\u00e7a Negra. Servi\u00e7o 53\u00aa&nbsp;Festa&nbsp;das&nbsp;Rosas&nbsp;e&nbsp;Flores&nbsp;de Barbacena Data:&nbsp;09 a 12 de outubro (quinta-feira a domingo) Local:&nbsp;Parque de Exposi\u00e7\u00f5es Senador Bias Fortes &#8211; Rodovia Br 265, Km 05, 0, Grogoto, Barbacena \u2013 MG Entrada:&nbsp;1 kg de alimento n\u00e3o perec\u00edvel ou brinquedo Informa\u00e7\u00f5es:&nbsp;(32) 3198-1005 ou (32) 9 9871-8092 Realiza\u00e7\u00e3o:&nbsp;Prefeitura de Barbacena e Sindicato Rural de Barbacena","og_url":"https:\/\/portal135.com.br\/?p=2958","og_site_name":"Portal 135","article_published_time":"2025-08-20T20:49:39+00:00","article_modified_time":"2025-08-20T20:49:40+00:00","og_image":[{"width":1080,"height":821,"url":"https:\/\/portal135.com.br\/wp-content\/uploads\/2025\/08\/Screenshot_20250820-155950.Fotos_.png","type":"image\/png"}],"author":"Felipe De Jesus","twitter_card":"summary_large_image","twitter_misc":{"Escrito por":"Felipe De Jesus","Est. tempo de leitura":"4 minutos"},"schema":{"@context":"https:\/\/schema.org","@graph":[{"@type":"Article","@id":"https:\/\/portal135.com.br\/?p=2958#article","isPartOf":{"@id":"https:\/\/portal135.com.br\/?p=2958"},"author":{"name":"Felipe De Jesus","@id":"https:\/\/portal135.com.br\/#\/schema\/person\/8b1047d329adb7f2596093a79f5658e6"},"headline":"Festa das Rosas e Flores de Barbacena \u00e9 lan\u00e7ada oficialmente durante evento de turismo em BH","datePublished":"2025-08-20T20:49:39+00:00","dateModified":"2025-08-20T20:49:40+00:00","mainEntityOfPage":{"@id":"https:\/\/portal135.com.br\/?p=2958"},"wordCount":708,"commentCount":0,"publisher":{"@id":"https:\/\/portal135.com.br\/#organization"},"image":{"@id":"https:\/\/portal135.com.br\/?p=2958#primaryimage"},"thumbnailUrl":"https:\/\/portal135.com.br\/wp-content\/uploads\/2025\/08\/Screenshot_20250820-155950.Fotos_.png","articleSection":["Brasil"],"inLanguage":"pt-BR","potentialAction":[{"@type":"CommentAction","name":"Comment","target":["https:\/\/portal135.com.br\/?p=2958#respond"]}]},{"@type":"WebPage","@id":"https:\/\/portal135.com.br\/?p=2958","url":"https:\/\/portal135.com.br\/?p=2958","name":"Festa das Rosas e Flores de Barbacena \u00e9 lan\u00e7ada oficialmente durante evento de turismo em BH","isPartOf":{"@id":"https:\/\/portal135.com.br\/#website"},"primaryImageOfPage":{"@id":"https:\/\/portal135.com.br\/?p=2958#primaryimage"},"image":{"@id":"https:\/\/portal135.com.br\/?p=2958#primaryimage"},"thumbnailUrl":"https:\/\/portal135.com.br\/wp-content\/uploads\/2025\/08\/Screenshot_20250820-155950.Fotos_.png","datePublished":"2025-08-20T20:49:39+00:00","dateModified":"2025-08-20T20:49:40+00:00","breadcrumb":{"@id":"https:\/\/portal135.com.br\/?p=2958#breadcrumb"},"inLanguage":"pt-BR","potentialAction":[{"@type":"ReadAction","target":["https:\/\/portal135.com.br\/?p=2958"]}]},{"@type":"ImageObject","inLanguage":"pt-BR","@id":"https:\/\/portal135.com.br\/?p=2958#primaryimage","url":"https:\/\/portal135.com.br\/wp-content\/uploads\/2025\/08\/Screenshot_20250820-155950.Fotos_.png","contentUrl":"https:\/\/portal135.com.br\/wp-content\/uploads\/2025\/08\/Screenshot_20250820-155950.Fotos_.png","width":1080,"height":821},{"@type":"BreadcrumbList","@id":"https:\/\/portal135.com.br\/?p=2958#breadcrumb","itemListElement":[{"@type":"ListItem","position":1,"name":"In\u00edcio","item":"https:\/\/portal135.com.br\/"},{"@type":"ListItem","position":2,"name":"Festa das Rosas e Flores de Barbacena \u00e9 lan\u00e7ada oficialmente durante evento de turismo em BH"}]},{"@type":"WebSite","@id":"https:\/\/portal135.com.br\/#website","url":"https:\/\/portal135.com.br\/","name":"Portal 135","description":"Portal de Not\u00edcias","publisher":{"@id":"https:\/\/portal135.com.br\/#organization"},"potentialAction":[{"@type":"SearchAction","target":{"@type":"EntryPoint","urlTemplate":"https:\/\/portal135.com.br\/?s={search_term_string}"},"query-input":{"@type":"PropertyValueSpecification","valueRequired":true,"valueName":"search_term_string"}}],"inLanguage":"pt-BR"},{"@type":"Organization","@id":"https:\/\/portal135.com.br\/#organization","name":"Portal 135","url":"https:\/\/portal135.com.br\/","logo":{"@type":"ImageObject","inLanguage":"pt-BR","@id":"https:\/\/portal135.com.br\/#\/schema\/logo\/image\/","url":"https:\/\/portal135.com.br\/wp-content\/uploads\/2024\/09\/1000030041-removebg-preview.png","contentUrl":"https:\/\/portal135.com.br\/wp-content\/uploads\/2024\/09\/1000030041-removebg-preview.png","width":500,"height":500,"caption":"Portal 135"},"image":{"@id":"https:\/\/portal135.com.br\/#\/schema\/logo\/image\/"}},{"@type":"Person","@id":"https:\/\/portal135.com.br\/#\/schema\/person\/8b1047d329adb7f2596093a79f5658e6","name":"Felipe De Jesus","image":{"@type":"ImageObject","inLanguage":"pt-BR","@id":"https:\/\/secure.gravatar.com\/avatar\/c7bb18151e6c15c2f6c17d6a985b65614e924b0a2109679be31286f997dd99df?s=96&d=mm&r=g","url":"https:\/\/secure.gravatar.com\/avatar\/c7bb18151e6c15c2f6c17d6a985b65614e924b0a2109679be31286f997dd99df?s=96&d=mm&r=g","contentUrl":"https:\/\/secure.gravatar.com\/avatar\/c7bb18151e6c15c2f6c17d6a985b65614e924b0a2109679be31286f997dd99df?s=96&d=mm&r=g","caption":"Felipe De Jesus"},"url":"https:\/\/portal135.com.br\/?author=5"}]}},"_links":{"self":[{"href":"https:\/\/portal135.com.br\/index.php?rest_route=\/wp\/v2\/posts\/2958","targetHints":{"allow":["GET"]}}],"collection":[{"href":"https:\/\/portal135.com.br\/index.php?rest_route=\/wp\/v2\/posts"}],"about":[{"href":"https:\/\/portal135.com.br\/index.php?rest_route=\/wp\/v2\/types\/post"}],"author":[{"embeddable":true,"href":"https:\/\/portal135.com.br\/index.php?rest_route=\/wp\/v2\/users\/5"}],"replies":[{"embeddable":true,"href":"https:\/\/portal135.com.br\/index.php?rest_route=%2Fwp%2Fv2%2Fcomments&post=2958"}],"version-history":[{"count":1,"href":"https:\/\/portal135.com.br\/index.php?rest_route=\/wp\/v2\/posts\/2958\/revisions"}],"predecessor-version":[{"id":2960,"href":"https:\/\/portal135.com.br\/index.php?rest_route=\/wp\/v2\/posts\/2958\/revisions\/2960"}],"wp:featuredmedia":[{"embeddable":true,"href":"https:\/\/portal135.com.br\/index.php?rest_route=\/wp\/v2\/media\/2959"}],"wp:attachment":[{"href":"https:\/\/portal135.com.br\/index.php?rest_route=%2Fwp%2Fv2%2Fmedia&parent=2958"}],"wp:term":[{"taxonomy":"category","embeddable":true,"href":"https:\/\/portal135.com.br\/index.php?rest_route=%2Fwp%2Fv2%2Fcategories&post=2958"},{"taxonomy":"post_tag","embeddable":true,"href":"https:\/\/portal135.com.br\/index.php?rest_route=%2Fwp%2Fv2%2Ftags&post=2958"}],"curies":[{"name":"wp","href":"https:\/\/api.w.org\/{rel}","templated":true}]}}