{"id":2786,"date":"2025-07-12T13:43:58","date_gmt":"2025-07-12T13:43:58","guid":{"rendered":"https:\/\/portal135.com.br\/?p=2786"},"modified":"2025-07-12T13:43:58","modified_gmt":"2025-07-12T13:43:58","slug":"peca-um-pelo-outro-dois-amigos-dois-irmaos-anuncia-unica-apresentacao-em-barueri","status":"publish","type":"post","link":"https:\/\/portal135.com.br\/?p=2786","title":{"rendered":"Pe\u00e7a &#8220;Um Pelo Outro &#8211; Dois Amigos, Dois Irm\u00e3os&#8221; anuncia \u00fanica apresenta\u00e7\u00e3o em Barueri"},"content":{"rendered":"\n<p><em>Em cena Jo\u00e3o Badasserini e Fernando Val exploram as profundezas da amizade verdadeira e os desafios que ela pode enfrentar<\/em><\/p>\n\n\n\n<p>Os atores <strong>Jo\u00e3o Baldasserini <\/strong>e <strong>Fernando Val <\/strong>estreiam, no pr\u00f3ximo dia 26 de julho, em <strong>Barueri<\/strong>, o emocionante espet\u00e1culo \u201c<strong>Um Pelo Outro \u2013 Dois Amigos, Dois Irm\u00e3os<\/strong>\u201d, Com texto escrito por <strong>Ronaldo Ciambronni<\/strong>, dire\u00e7\u00e3o de <strong>Valdir Ramos<\/strong> e produ\u00e7\u00e3o <strong>Rama Kriya Produ\u00e7\u00f5es<\/strong>, a pe\u00e7a explora as profundezas da amizade verdadeira e os desafios que ela pode enfrentar, sendo apresentados nas hist\u00f3rias dos protagonistas <strong>Guido <\/strong>e <strong>Will<\/strong>, dois amigos de longa data que se veem em uma jornada de autodescobrimento e supera\u00e7\u00e3o.&nbsp;<\/p>\n\n\n\n<p>A trama gira em torno de Guido e Will, dois motociclistas que, ap\u00f3s uma aposta em um racha de motos, se veem envolvidos em uma s\u00e9rie de eventos que testam os limites de sua amizade. Obst\u00e1culos financeiros, dilemas familiares, desafios morais e at\u00e9 espirituais surgem em seu caminho, for\u00e7ando-os a confrontar as verdadeiras for\u00e7as que sustentam sua rela\u00e7\u00e3o. Uma hist\u00f3ria que vai al\u00e9m da divers\u00e3o e mostra o valor de um amigo em momentos de crise.&nbsp;<\/p>\n\n\n\n<p>Para o diretor Valdir Ramos, \u201c<em>Um Pelo Outro n\u00e3o \u00e9 apenas uma hist\u00f3ria de amizade, \u00e9 um retrato das trajet\u00f3rias humanas que passamos como profissionais, como amigos e como seres espirituais. Esse espet\u00e1culo mexe profundamente com as emo\u00e7\u00f5es do p\u00fablico, pois a proposta n\u00e3o \u00e9 apenas fazer teatro, mas viver o teatro, \u00e9 permitir que as emo\u00e7\u00f5es guiem a experi\u00eancia<\/em>\u201d. A pe\u00e7a oferece mais do que um simples enredo, levando o p\u00fablico a uma reflex\u00e3o sobre os v\u00ednculos que ultrapassam a mat\u00e9ria e nos fazem repensar at\u00e9 onde estamos dispostos a ir por aqueles que amamos. Guido e Will nos mostram que, mesmo nas situa\u00e7\u00f5es mais extremas, o amor e a lealdade s\u00e3o for\u00e7as capazes de transformar vidas.&nbsp;<\/p>\n\n\n\n<p>A produ\u00e7\u00e3o do espet\u00e1culo tamb\u00e9m destaca o trabalho <strong>Lucienne Cunha<\/strong>, na dire\u00e7\u00e3o de produ\u00e7\u00e3o; a colabora\u00e7\u00e3o de <strong>Rafael Bugath<\/strong> na sonoriza\u00e7\u00e3o e ilumina\u00e7\u00e3o, que juntos criam a atmosfera envolvente e emocionante necess\u00e1ria para que a hist\u00f3ria se revele da maneira mais impactante poss\u00edvel.<\/p>\n\n\n\n<p>Deveras, um espet\u00e1culo que convida \u00e0 reflex\u00e3o&nbsp;sobre a verdadeira natureza da amizade, os sacrif\u00edcios que ela exige e o quanto estamos dispostos a enfrentar por aqueles que chamamos de irm\u00e3os. Uma hist\u00f3ria que tocar\u00e1 o cora\u00e7\u00e3o do p\u00fablico e ficar\u00e1 com ele muito ap\u00f3s o fim da \u00faltima cena. N\u00e3o perca a chance de vivenciar essa emocionante jornada de amizade, lealdade e transforma\u00e7\u00e3o.&nbsp;<\/p>\n\n\n\n<p><strong>SERVI\u00c7O<\/strong><\/p>\n\n\n\n<p>\u201c<strong>Um Pelo Outro \u2013 Dois Amigos, Dois Irm\u00e3os<\/strong>\u201d<\/p>\n\n\n\n<p><strong>ONDE<\/strong>: Centro&nbsp; de Eventos Barueri &#8211; Avenida Sebasti\u00e3o Davino dos Reis,672, Jardim Tupanci.&nbsp;<\/p>\n\n\n\n<p><strong>QUANDO<\/strong>: 26 de julho (S\u00e1bado), \u00e0s 20:00<\/p>\n\n\n\n<p><strong>INGRESSOS<\/strong>: R$ 120,00 (inteira) \/ R$ 60,00 (meia entrada). Para compra, acesse: <a href=\"https:\/\/www.sympla.com.br\/evento\/um-pelo-outro---dois-amigos-dois-irmaos\/3018421\">https:\/\/www.sympla.com.br\/evento\/um-pelo-outro&#8212;dois-amigos-dois-irmaos\/3018421<\/a><\/p>\n","protected":false},"excerpt":{"rendered":"<p>Em cena Jo\u00e3o Badasserini e Fernando Val exploram as profundezas da amizade verdadeira e os desafios que ela pode enfrentar Os atores Jo\u00e3o Baldasserini e Fernando Val estreiam, no pr\u00f3ximo dia 26 de julho, em Barueri, o emocionante espet\u00e1culo \u201cUm Pelo Outro \u2013 Dois Amigos, Dois Irm\u00e3os\u201d, Com texto escrito por Ronaldo Ciambronni, dire\u00e7\u00e3o de Valdir Ramos e produ\u00e7\u00e3o Rama Kriya Produ\u00e7\u00f5es, a pe\u00e7a explora as profundezas da amizade verdadeira e os desafios que ela pode enfrentar, sendo apresentados nas hist\u00f3rias dos protagonistas Guido e Will, dois amigos de longa data que se veem em uma jornada de autodescobrimento e supera\u00e7\u00e3o.&nbsp; A trama gira em torno de Guido e Will, dois motociclistas que, ap\u00f3s uma aposta em um racha de motos, se veem envolvidos em uma s\u00e9rie de eventos que testam os limites de sua amizade. Obst\u00e1culos financeiros, dilemas familiares, desafios morais e at\u00e9 espirituais surgem em seu caminho, for\u00e7ando-os a confrontar as verdadeiras for\u00e7as que sustentam sua rela\u00e7\u00e3o. Uma hist\u00f3ria que vai al\u00e9m da divers\u00e3o e mostra o valor de um amigo em momentos de crise.&nbsp; Para o diretor Valdir Ramos, \u201cUm Pelo Outro n\u00e3o \u00e9 apenas uma hist\u00f3ria de amizade, \u00e9 um retrato das trajet\u00f3rias humanas que passamos como profissionais, como amigos e como seres espirituais. Esse espet\u00e1culo mexe profundamente com as emo\u00e7\u00f5es do p\u00fablico, pois a proposta n\u00e3o \u00e9 apenas fazer teatro, mas viver o teatro, \u00e9 permitir que as emo\u00e7\u00f5es guiem a experi\u00eancia\u201d. A pe\u00e7a oferece mais do que um simples enredo, levando o p\u00fablico a uma reflex\u00e3o sobre os v\u00ednculos que ultrapassam a mat\u00e9ria e nos fazem repensar at\u00e9 onde estamos dispostos a ir por aqueles que amamos. Guido e Will nos mostram que, mesmo nas situa\u00e7\u00f5es mais extremas, o amor e a lealdade s\u00e3o for\u00e7as capazes de transformar vidas.&nbsp; A produ\u00e7\u00e3o do espet\u00e1culo tamb\u00e9m destaca o trabalho Lucienne Cunha, na dire\u00e7\u00e3o de produ\u00e7\u00e3o; a colabora\u00e7\u00e3o de Rafael Bugath na sonoriza\u00e7\u00e3o e ilumina\u00e7\u00e3o, que juntos criam a atmosfera envolvente e emocionante necess\u00e1ria para que a hist\u00f3ria se revele da maneira mais impactante poss\u00edvel. Deveras, um espet\u00e1culo que convida \u00e0 reflex\u00e3o&nbsp;sobre a verdadeira natureza da amizade, os sacrif\u00edcios que ela exige e o quanto estamos dispostos a enfrentar por aqueles que chamamos de irm\u00e3os. Uma hist\u00f3ria que tocar\u00e1 o cora\u00e7\u00e3o do p\u00fablico e ficar\u00e1 com ele muito ap\u00f3s o fim da \u00faltima cena. N\u00e3o perca a chance de vivenciar essa emocionante jornada de amizade, lealdade e transforma\u00e7\u00e3o.&nbsp; SERVI\u00c7O \u201cUm Pelo Outro \u2013 Dois Amigos, Dois Irm\u00e3os\u201d ONDE: Centro&nbsp; de Eventos Barueri &#8211; Avenida Sebasti\u00e3o Davino dos Reis,672, Jardim Tupanci.&nbsp; QUANDO: 26 de julho (S\u00e1bado), \u00e0s 20:00 INGRESSOS: R$ 120,00 (inteira) \/ R$ 60,00 (meia entrada). Para compra, acesse: https:\/\/www.sympla.com.br\/evento\/um-pelo-outro&#8212;dois-amigos-dois-irmaos\/3018421<\/p>\n","protected":false},"author":6,"featured_media":2787,"comment_status":"open","ping_status":"open","sticky":false,"template":"","format":"standard","meta":{"footnotes":""},"categories":[25],"tags":[],"class_list":["post-2786","post","type-post","status-publish","format-standard","has-post-thumbnail","hentry","category-eventos"],"yoast_head":"<!-- This site is optimized with the Yoast SEO plugin v27.3 - https:\/\/yoast.com\/product\/yoast-seo-wordpress\/ -->\n<title>Pe\u00e7a &quot;Um Pelo Outro - Dois Amigos, Dois Irm\u00e3os&quot; anuncia \u00fanica apresenta\u00e7\u00e3o em Barueri<\/title>\n<meta name=\"robots\" content=\"index, follow, max-snippet:-1, max-image-preview:large, max-video-preview:-1\" \/>\n<link rel=\"canonical\" href=\"https:\/\/portal135.com.br\/?p=2786\" \/>\n<meta property=\"og:locale\" content=\"pt_BR\" \/>\n<meta property=\"og:type\" content=\"article\" \/>\n<meta property=\"og:title\" content=\"Pe\u00e7a &quot;Um Pelo Outro - Dois Amigos, Dois Irm\u00e3os&quot; anuncia \u00fanica apresenta\u00e7\u00e3o em Barueri\" \/>\n<meta property=\"og:description\" content=\"Em cena Jo\u00e3o Badasserini e Fernando Val exploram as profundezas da amizade verdadeira e os desafios que ela pode enfrentar Os atores Jo\u00e3o Baldasserini e Fernando Val estreiam, no pr\u00f3ximo dia 26 de julho, em Barueri, o emocionante espet\u00e1culo \u201cUm Pelo Outro \u2013 Dois Amigos, Dois Irm\u00e3os\u201d, Com texto escrito por Ronaldo Ciambronni, dire\u00e7\u00e3o de Valdir Ramos e produ\u00e7\u00e3o Rama Kriya Produ\u00e7\u00f5es, a pe\u00e7a explora as profundezas da amizade verdadeira e os desafios que ela pode enfrentar, sendo apresentados nas hist\u00f3rias dos protagonistas Guido e Will, dois amigos de longa data que se veem em uma jornada de autodescobrimento e supera\u00e7\u00e3o.&nbsp; A trama gira em torno de Guido e Will, dois motociclistas que, ap\u00f3s uma aposta em um racha de motos, se veem envolvidos em uma s\u00e9rie de eventos que testam os limites de sua amizade. Obst\u00e1culos financeiros, dilemas familiares, desafios morais e at\u00e9 espirituais surgem em seu caminho, for\u00e7ando-os a confrontar as verdadeiras for\u00e7as que sustentam sua rela\u00e7\u00e3o. Uma hist\u00f3ria que vai al\u00e9m da divers\u00e3o e mostra o valor de um amigo em momentos de crise.&nbsp; Para o diretor Valdir Ramos, \u201cUm Pelo Outro n\u00e3o \u00e9 apenas uma hist\u00f3ria de amizade, \u00e9 um retrato das trajet\u00f3rias humanas que passamos como profissionais, como amigos e como seres espirituais. Esse espet\u00e1culo mexe profundamente com as emo\u00e7\u00f5es do p\u00fablico, pois a proposta n\u00e3o \u00e9 apenas fazer teatro, mas viver o teatro, \u00e9 permitir que as emo\u00e7\u00f5es guiem a experi\u00eancia\u201d. A pe\u00e7a oferece mais do que um simples enredo, levando o p\u00fablico a uma reflex\u00e3o sobre os v\u00ednculos que ultrapassam a mat\u00e9ria e nos fazem repensar at\u00e9 onde estamos dispostos a ir por aqueles que amamos. Guido e Will nos mostram que, mesmo nas situa\u00e7\u00f5es mais extremas, o amor e a lealdade s\u00e3o for\u00e7as capazes de transformar vidas.&nbsp; A produ\u00e7\u00e3o do espet\u00e1culo tamb\u00e9m destaca o trabalho Lucienne Cunha, na dire\u00e7\u00e3o de produ\u00e7\u00e3o; a colabora\u00e7\u00e3o de Rafael Bugath na sonoriza\u00e7\u00e3o e ilumina\u00e7\u00e3o, que juntos criam a atmosfera envolvente e emocionante necess\u00e1ria para que a hist\u00f3ria se revele da maneira mais impactante poss\u00edvel. Deveras, um espet\u00e1culo que convida \u00e0 reflex\u00e3o&nbsp;sobre a verdadeira natureza da amizade, os sacrif\u00edcios que ela exige e o quanto estamos dispostos a enfrentar por aqueles que chamamos de irm\u00e3os. Uma hist\u00f3ria que tocar\u00e1 o cora\u00e7\u00e3o do p\u00fablico e ficar\u00e1 com ele muito ap\u00f3s o fim da \u00faltima cena. N\u00e3o perca a chance de vivenciar essa emocionante jornada de amizade, lealdade e transforma\u00e7\u00e3o.&nbsp; SERVI\u00c7O \u201cUm Pelo Outro \u2013 Dois Amigos, Dois Irm\u00e3os\u201d ONDE: Centro&nbsp; de Eventos Barueri &#8211; Avenida Sebasti\u00e3o Davino dos Reis,672, Jardim Tupanci.&nbsp; QUANDO: 26 de julho (S\u00e1bado), \u00e0s 20:00 INGRESSOS: R$ 120,00 (inteira) \/ R$ 60,00 (meia entrada). Para compra, acesse: https:\/\/www.sympla.com.br\/evento\/um-pelo-outro&#8212;dois-amigos-dois-irmaos\/3018421\" \/>\n<meta property=\"og:url\" content=\"https:\/\/portal135.com.br\/?p=2786\" \/>\n<meta property=\"og:site_name\" content=\"Portal 135\" \/>\n<meta property=\"article:published_time\" content=\"2025-07-12T13:43:58+00:00\" \/>\n<meta property=\"og:image\" content=\"https:\/\/portal135.com.br\/wp-content\/uploads\/2025\/07\/WhatsApp-Image-2025-07-12-at-09.56.42.jpg\" \/>\n\t<meta property=\"og:image:width\" content=\"1000\" \/>\n\t<meta property=\"og:image:height\" content=\"1237\" \/>\n\t<meta property=\"og:image:type\" content=\"image\/jpeg\" \/>\n<meta name=\"author\" content=\"Altair Campos\" \/>\n<meta name=\"twitter:card\" content=\"summary_large_image\" \/>\n<meta name=\"twitter:label1\" content=\"Escrito por\" \/>\n\t<meta name=\"twitter:data1\" content=\"Altair Campos\" \/>\n\t<meta name=\"twitter:label2\" content=\"Est. tempo de leitura\" \/>\n\t<meta name=\"twitter:data2\" content=\"3 minutos\" \/>\n<script type=\"application\/ld+json\" class=\"yoast-schema-graph\">{\"@context\":\"https:\\\/\\\/schema.org\",\"@graph\":[{\"@type\":\"Article\",\"@id\":\"https:\\\/\\\/portal135.com.br\\\/?p=2786#article\",\"isPartOf\":{\"@id\":\"https:\\\/\\\/portal135.com.br\\\/?p=2786\"},\"author\":{\"name\":\"Altair Campos\",\"@id\":\"https:\\\/\\\/portal135.com.br\\\/#\\\/schema\\\/person\\\/98d657cdbd52d9a3cc926f416862beb1\"},\"headline\":\"Pe\u00e7a &#8220;Um Pelo Outro &#8211; Dois Amigos, Dois Irm\u00e3os&#8221; anuncia \u00fanica apresenta\u00e7\u00e3o em Barueri\",\"datePublished\":\"2025-07-12T13:43:58+00:00\",\"mainEntityOfPage\":{\"@id\":\"https:\\\/\\\/portal135.com.br\\\/?p=2786\"},\"wordCount\":523,\"commentCount\":0,\"publisher\":{\"@id\":\"https:\\\/\\\/portal135.com.br\\\/#organization\"},\"image\":{\"@id\":\"https:\\\/\\\/portal135.com.br\\\/?p=2786#primaryimage\"},\"thumbnailUrl\":\"https:\\\/\\\/portal135.com.br\\\/wp-content\\\/uploads\\\/2025\\\/07\\\/WhatsApp-Image-2025-07-12-at-09.56.42.jpg\",\"articleSection\":[\"Eventos\"],\"inLanguage\":\"pt-BR\",\"potentialAction\":[{\"@type\":\"CommentAction\",\"name\":\"Comment\",\"target\":[\"https:\\\/\\\/portal135.com.br\\\/?p=2786#respond\"]}]},{\"@type\":\"WebPage\",\"@id\":\"https:\\\/\\\/portal135.com.br\\\/?p=2786\",\"url\":\"https:\\\/\\\/portal135.com.br\\\/?p=2786\",\"name\":\"Pe\u00e7a \\\"Um Pelo Outro - Dois Amigos, Dois Irm\u00e3os\\\" anuncia \u00fanica apresenta\u00e7\u00e3o em Barueri\",\"isPartOf\":{\"@id\":\"https:\\\/\\\/portal135.com.br\\\/#website\"},\"primaryImageOfPage\":{\"@id\":\"https:\\\/\\\/portal135.com.br\\\/?p=2786#primaryimage\"},\"image\":{\"@id\":\"https:\\\/\\\/portal135.com.br\\\/?p=2786#primaryimage\"},\"thumbnailUrl\":\"https:\\\/\\\/portal135.com.br\\\/wp-content\\\/uploads\\\/2025\\\/07\\\/WhatsApp-Image-2025-07-12-at-09.56.42.jpg\",\"datePublished\":\"2025-07-12T13:43:58+00:00\",\"breadcrumb\":{\"@id\":\"https:\\\/\\\/portal135.com.br\\\/?p=2786#breadcrumb\"},\"inLanguage\":\"pt-BR\",\"potentialAction\":[{\"@type\":\"ReadAction\",\"target\":[\"https:\\\/\\\/portal135.com.br\\\/?p=2786\"]}]},{\"@type\":\"ImageObject\",\"inLanguage\":\"pt-BR\",\"@id\":\"https:\\\/\\\/portal135.com.br\\\/?p=2786#primaryimage\",\"url\":\"https:\\\/\\\/portal135.com.br\\\/wp-content\\\/uploads\\\/2025\\\/07\\\/WhatsApp-Image-2025-07-12-at-09.56.42.jpg\",\"contentUrl\":\"https:\\\/\\\/portal135.com.br\\\/wp-content\\\/uploads\\\/2025\\\/07\\\/WhatsApp-Image-2025-07-12-at-09.56.42.jpg\",\"width\":1000,\"height\":1237,\"caption\":\"Divulga\u00e7\u00e3o\"},{\"@type\":\"BreadcrumbList\",\"@id\":\"https:\\\/\\\/portal135.com.br\\\/?p=2786#breadcrumb\",\"itemListElement\":[{\"@type\":\"ListItem\",\"position\":1,\"name\":\"In\u00edcio\",\"item\":\"https:\\\/\\\/portal135.com.br\\\/\"},{\"@type\":\"ListItem\",\"position\":2,\"name\":\"Pe\u00e7a &#8220;Um Pelo Outro &#8211; Dois Amigos, Dois Irm\u00e3os&#8221; anuncia \u00fanica apresenta\u00e7\u00e3o em Barueri\"}]},{\"@type\":\"WebSite\",\"@id\":\"https:\\\/\\\/portal135.com.br\\\/#website\",\"url\":\"https:\\\/\\\/portal135.com.br\\\/\",\"name\":\"Portal 135\",\"description\":\"Portal de Not\u00edcias\",\"publisher\":{\"@id\":\"https:\\\/\\\/portal135.com.br\\\/#organization\"},\"potentialAction\":[{\"@type\":\"SearchAction\",\"target\":{\"@type\":\"EntryPoint\",\"urlTemplate\":\"https:\\\/\\\/portal135.com.br\\\/?s={search_term_string}\"},\"query-input\":{\"@type\":\"PropertyValueSpecification\",\"valueRequired\":true,\"valueName\":\"search_term_string\"}}],\"inLanguage\":\"pt-BR\"},{\"@type\":\"Organization\",\"@id\":\"https:\\\/\\\/portal135.com.br\\\/#organization\",\"name\":\"Portal 135\",\"url\":\"https:\\\/\\\/portal135.com.br\\\/\",\"logo\":{\"@type\":\"ImageObject\",\"inLanguage\":\"pt-BR\",\"@id\":\"https:\\\/\\\/portal135.com.br\\\/#\\\/schema\\\/logo\\\/image\\\/\",\"url\":\"https:\\\/\\\/portal135.com.br\\\/wp-content\\\/uploads\\\/2024\\\/09\\\/1000030041-removebg-preview.png\",\"contentUrl\":\"https:\\\/\\\/portal135.com.br\\\/wp-content\\\/uploads\\\/2024\\\/09\\\/1000030041-removebg-preview.png\",\"width\":500,\"height\":500,\"caption\":\"Portal 135\"},\"image\":{\"@id\":\"https:\\\/\\\/portal135.com.br\\\/#\\\/schema\\\/logo\\\/image\\\/\"}},{\"@type\":\"Person\",\"@id\":\"https:\\\/\\\/portal135.com.br\\\/#\\\/schema\\\/person\\\/98d657cdbd52d9a3cc926f416862beb1\",\"name\":\"Altair Campos\",\"image\":{\"@type\":\"ImageObject\",\"inLanguage\":\"pt-BR\",\"@id\":\"https:\\\/\\\/secure.gravatar.com\\\/avatar\\\/8a9599fdd86ece5ffa51ff6e8fb6144ac80e101aebface28bb54b7872e314373?s=96&d=mm&r=g\",\"url\":\"https:\\\/\\\/secure.gravatar.com\\\/avatar\\\/8a9599fdd86ece5ffa51ff6e8fb6144ac80e101aebface28bb54b7872e314373?s=96&d=mm&r=g\",\"contentUrl\":\"https:\\\/\\\/secure.gravatar.com\\\/avatar\\\/8a9599fdd86ece5ffa51ff6e8fb6144ac80e101aebface28bb54b7872e314373?s=96&d=mm&r=g\",\"caption\":\"Altair Campos\"},\"url\":\"https:\\\/\\\/portal135.com.br\\\/?author=6\"}]}<\/script>\n<!-- \/ Yoast SEO plugin. -->","yoast_head_json":{"title":"Pe\u00e7a \"Um Pelo Outro - Dois Amigos, Dois Irm\u00e3os\" anuncia \u00fanica apresenta\u00e7\u00e3o em Barueri","robots":{"index":"index","follow":"follow","max-snippet":"max-snippet:-1","max-image-preview":"max-image-preview:large","max-video-preview":"max-video-preview:-1"},"canonical":"https:\/\/portal135.com.br\/?p=2786","og_locale":"pt_BR","og_type":"article","og_title":"Pe\u00e7a \"Um Pelo Outro - Dois Amigos, Dois Irm\u00e3os\" anuncia \u00fanica apresenta\u00e7\u00e3o em Barueri","og_description":"Em cena Jo\u00e3o Badasserini e Fernando Val exploram as profundezas da amizade verdadeira e os desafios que ela pode enfrentar Os atores Jo\u00e3o Baldasserini e Fernando Val estreiam, no pr\u00f3ximo dia 26 de julho, em Barueri, o emocionante espet\u00e1culo \u201cUm Pelo Outro \u2013 Dois Amigos, Dois Irm\u00e3os\u201d, Com texto escrito por Ronaldo Ciambronni, dire\u00e7\u00e3o de Valdir Ramos e produ\u00e7\u00e3o Rama Kriya Produ\u00e7\u00f5es, a pe\u00e7a explora as profundezas da amizade verdadeira e os desafios que ela pode enfrentar, sendo apresentados nas hist\u00f3rias dos protagonistas Guido e Will, dois amigos de longa data que se veem em uma jornada de autodescobrimento e supera\u00e7\u00e3o.&nbsp; A trama gira em torno de Guido e Will, dois motociclistas que, ap\u00f3s uma aposta em um racha de motos, se veem envolvidos em uma s\u00e9rie de eventos que testam os limites de sua amizade. Obst\u00e1culos financeiros, dilemas familiares, desafios morais e at\u00e9 espirituais surgem em seu caminho, for\u00e7ando-os a confrontar as verdadeiras for\u00e7as que sustentam sua rela\u00e7\u00e3o. Uma hist\u00f3ria que vai al\u00e9m da divers\u00e3o e mostra o valor de um amigo em momentos de crise.&nbsp; Para o diretor Valdir Ramos, \u201cUm Pelo Outro n\u00e3o \u00e9 apenas uma hist\u00f3ria de amizade, \u00e9 um retrato das trajet\u00f3rias humanas que passamos como profissionais, como amigos e como seres espirituais. Esse espet\u00e1culo mexe profundamente com as emo\u00e7\u00f5es do p\u00fablico, pois a proposta n\u00e3o \u00e9 apenas fazer teatro, mas viver o teatro, \u00e9 permitir que as emo\u00e7\u00f5es guiem a experi\u00eancia\u201d. A pe\u00e7a oferece mais do que um simples enredo, levando o p\u00fablico a uma reflex\u00e3o sobre os v\u00ednculos que ultrapassam a mat\u00e9ria e nos fazem repensar at\u00e9 onde estamos dispostos a ir por aqueles que amamos. Guido e Will nos mostram que, mesmo nas situa\u00e7\u00f5es mais extremas, o amor e a lealdade s\u00e3o for\u00e7as capazes de transformar vidas.&nbsp; A produ\u00e7\u00e3o do espet\u00e1culo tamb\u00e9m destaca o trabalho Lucienne Cunha, na dire\u00e7\u00e3o de produ\u00e7\u00e3o; a colabora\u00e7\u00e3o de Rafael Bugath na sonoriza\u00e7\u00e3o e ilumina\u00e7\u00e3o, que juntos criam a atmosfera envolvente e emocionante necess\u00e1ria para que a hist\u00f3ria se revele da maneira mais impactante poss\u00edvel. Deveras, um espet\u00e1culo que convida \u00e0 reflex\u00e3o&nbsp;sobre a verdadeira natureza da amizade, os sacrif\u00edcios que ela exige e o quanto estamos dispostos a enfrentar por aqueles que chamamos de irm\u00e3os. Uma hist\u00f3ria que tocar\u00e1 o cora\u00e7\u00e3o do p\u00fablico e ficar\u00e1 com ele muito ap\u00f3s o fim da \u00faltima cena. N\u00e3o perca a chance de vivenciar essa emocionante jornada de amizade, lealdade e transforma\u00e7\u00e3o.&nbsp; SERVI\u00c7O \u201cUm Pelo Outro \u2013 Dois Amigos, Dois Irm\u00e3os\u201d ONDE: Centro&nbsp; de Eventos Barueri &#8211; Avenida Sebasti\u00e3o Davino dos Reis,672, Jardim Tupanci.&nbsp; QUANDO: 26 de julho (S\u00e1bado), \u00e0s 20:00 INGRESSOS: R$ 120,00 (inteira) \/ R$ 60,00 (meia entrada). Para compra, acesse: https:\/\/www.sympla.com.br\/evento\/um-pelo-outro&#8212;dois-amigos-dois-irmaos\/3018421","og_url":"https:\/\/portal135.com.br\/?p=2786","og_site_name":"Portal 135","article_published_time":"2025-07-12T13:43:58+00:00","og_image":[{"width":1000,"height":1237,"url":"https:\/\/portal135.com.br\/wp-content\/uploads\/2025\/07\/WhatsApp-Image-2025-07-12-at-09.56.42.jpg","type":"image\/jpeg"}],"author":"Altair Campos","twitter_card":"summary_large_image","twitter_misc":{"Escrito por":"Altair Campos","Est. tempo de leitura":"3 minutos"},"schema":{"@context":"https:\/\/schema.org","@graph":[{"@type":"Article","@id":"https:\/\/portal135.com.br\/?p=2786#article","isPartOf":{"@id":"https:\/\/portal135.com.br\/?p=2786"},"author":{"name":"Altair Campos","@id":"https:\/\/portal135.com.br\/#\/schema\/person\/98d657cdbd52d9a3cc926f416862beb1"},"headline":"Pe\u00e7a &#8220;Um Pelo Outro &#8211; Dois Amigos, Dois Irm\u00e3os&#8221; anuncia \u00fanica apresenta\u00e7\u00e3o em Barueri","datePublished":"2025-07-12T13:43:58+00:00","mainEntityOfPage":{"@id":"https:\/\/portal135.com.br\/?p=2786"},"wordCount":523,"commentCount":0,"publisher":{"@id":"https:\/\/portal135.com.br\/#organization"},"image":{"@id":"https:\/\/portal135.com.br\/?p=2786#primaryimage"},"thumbnailUrl":"https:\/\/portal135.com.br\/wp-content\/uploads\/2025\/07\/WhatsApp-Image-2025-07-12-at-09.56.42.jpg","articleSection":["Eventos"],"inLanguage":"pt-BR","potentialAction":[{"@type":"CommentAction","name":"Comment","target":["https:\/\/portal135.com.br\/?p=2786#respond"]}]},{"@type":"WebPage","@id":"https:\/\/portal135.com.br\/?p=2786","url":"https:\/\/portal135.com.br\/?p=2786","name":"Pe\u00e7a \"Um Pelo Outro - Dois Amigos, Dois Irm\u00e3os\" anuncia \u00fanica apresenta\u00e7\u00e3o em Barueri","isPartOf":{"@id":"https:\/\/portal135.com.br\/#website"},"primaryImageOfPage":{"@id":"https:\/\/portal135.com.br\/?p=2786#primaryimage"},"image":{"@id":"https:\/\/portal135.com.br\/?p=2786#primaryimage"},"thumbnailUrl":"https:\/\/portal135.com.br\/wp-content\/uploads\/2025\/07\/WhatsApp-Image-2025-07-12-at-09.56.42.jpg","datePublished":"2025-07-12T13:43:58+00:00","breadcrumb":{"@id":"https:\/\/portal135.com.br\/?p=2786#breadcrumb"},"inLanguage":"pt-BR","potentialAction":[{"@type":"ReadAction","target":["https:\/\/portal135.com.br\/?p=2786"]}]},{"@type":"ImageObject","inLanguage":"pt-BR","@id":"https:\/\/portal135.com.br\/?p=2786#primaryimage","url":"https:\/\/portal135.com.br\/wp-content\/uploads\/2025\/07\/WhatsApp-Image-2025-07-12-at-09.56.42.jpg","contentUrl":"https:\/\/portal135.com.br\/wp-content\/uploads\/2025\/07\/WhatsApp-Image-2025-07-12-at-09.56.42.jpg","width":1000,"height":1237,"caption":"Divulga\u00e7\u00e3o"},{"@type":"BreadcrumbList","@id":"https:\/\/portal135.com.br\/?p=2786#breadcrumb","itemListElement":[{"@type":"ListItem","position":1,"name":"In\u00edcio","item":"https:\/\/portal135.com.br\/"},{"@type":"ListItem","position":2,"name":"Pe\u00e7a &#8220;Um Pelo Outro &#8211; Dois Amigos, Dois Irm\u00e3os&#8221; anuncia \u00fanica apresenta\u00e7\u00e3o em Barueri"}]},{"@type":"WebSite","@id":"https:\/\/portal135.com.br\/#website","url":"https:\/\/portal135.com.br\/","name":"Portal 135","description":"Portal de Not\u00edcias","publisher":{"@id":"https:\/\/portal135.com.br\/#organization"},"potentialAction":[{"@type":"SearchAction","target":{"@type":"EntryPoint","urlTemplate":"https:\/\/portal135.com.br\/?s={search_term_string}"},"query-input":{"@type":"PropertyValueSpecification","valueRequired":true,"valueName":"search_term_string"}}],"inLanguage":"pt-BR"},{"@type":"Organization","@id":"https:\/\/portal135.com.br\/#organization","name":"Portal 135","url":"https:\/\/portal135.com.br\/","logo":{"@type":"ImageObject","inLanguage":"pt-BR","@id":"https:\/\/portal135.com.br\/#\/schema\/logo\/image\/","url":"https:\/\/portal135.com.br\/wp-content\/uploads\/2024\/09\/1000030041-removebg-preview.png","contentUrl":"https:\/\/portal135.com.br\/wp-content\/uploads\/2024\/09\/1000030041-removebg-preview.png","width":500,"height":500,"caption":"Portal 135"},"image":{"@id":"https:\/\/portal135.com.br\/#\/schema\/logo\/image\/"}},{"@type":"Person","@id":"https:\/\/portal135.com.br\/#\/schema\/person\/98d657cdbd52d9a3cc926f416862beb1","name":"Altair Campos","image":{"@type":"ImageObject","inLanguage":"pt-BR","@id":"https:\/\/secure.gravatar.com\/avatar\/8a9599fdd86ece5ffa51ff6e8fb6144ac80e101aebface28bb54b7872e314373?s=96&d=mm&r=g","url":"https:\/\/secure.gravatar.com\/avatar\/8a9599fdd86ece5ffa51ff6e8fb6144ac80e101aebface28bb54b7872e314373?s=96&d=mm&r=g","contentUrl":"https:\/\/secure.gravatar.com\/avatar\/8a9599fdd86ece5ffa51ff6e8fb6144ac80e101aebface28bb54b7872e314373?s=96&d=mm&r=g","caption":"Altair Campos"},"url":"https:\/\/portal135.com.br\/?author=6"}]}},"_links":{"self":[{"href":"https:\/\/portal135.com.br\/index.php?rest_route=\/wp\/v2\/posts\/2786","targetHints":{"allow":["GET"]}}],"collection":[{"href":"https:\/\/portal135.com.br\/index.php?rest_route=\/wp\/v2\/posts"}],"about":[{"href":"https:\/\/portal135.com.br\/index.php?rest_route=\/wp\/v2\/types\/post"}],"author":[{"embeddable":true,"href":"https:\/\/portal135.com.br\/index.php?rest_route=\/wp\/v2\/users\/6"}],"replies":[{"embeddable":true,"href":"https:\/\/portal135.com.br\/index.php?rest_route=%2Fwp%2Fv2%2Fcomments&post=2786"}],"version-history":[{"count":1,"href":"https:\/\/portal135.com.br\/index.php?rest_route=\/wp\/v2\/posts\/2786\/revisions"}],"predecessor-version":[{"id":2788,"href":"https:\/\/portal135.com.br\/index.php?rest_route=\/wp\/v2\/posts\/2786\/revisions\/2788"}],"wp:featuredmedia":[{"embeddable":true,"href":"https:\/\/portal135.com.br\/index.php?rest_route=\/wp\/v2\/media\/2787"}],"wp:attachment":[{"href":"https:\/\/portal135.com.br\/index.php?rest_route=%2Fwp%2Fv2%2Fmedia&parent=2786"}],"wp:term":[{"taxonomy":"category","embeddable":true,"href":"https:\/\/portal135.com.br\/index.php?rest_route=%2Fwp%2Fv2%2Fcategories&post=2786"},{"taxonomy":"post_tag","embeddable":true,"href":"https:\/\/portal135.com.br\/index.php?rest_route=%2Fwp%2Fv2%2Ftags&post=2786"}],"curies":[{"name":"wp","href":"https:\/\/api.w.org\/{rel}","templated":true}]}}