{"id":2503,"date":"2025-06-30T15:47:03","date_gmt":"2025-06-30T15:47:03","guid":{"rendered":"https:\/\/portal135.com.br\/?p=2503"},"modified":"2025-06-30T15:47:03","modified_gmt":"2025-06-30T15:47:03","slug":"thiaguinho-tardezinha-agita-o-mineirao-neste-sabado","status":"publish","type":"post","link":"https:\/\/portal135.com.br\/?p=2503","title":{"rendered":"Thiaguinho: &#8220;Tardezinha&#8221; agita o Mineir\u00e3o neste s\u00e1bado"},"content":{"rendered":"\n<p><strong>Thiaguinho no Mineir\u00e3o lotado durante a \u00faltima edi\u00e7\u00e3o da Tardezinha em BH &#8211; <\/strong><strong>Bruno Soares\/Divulga\u00e7\u00e3o.<\/strong><\/p>\n\n\n\n<p><strong><em>Os \u00faltimos ingressos do setor Alegria est\u00e3o \u00e0 venda<\/em><\/strong><\/p>\n\n\n\n<p>&nbsp;O \u2018Tardezinha\u2019, projeto do cantor Thiaguinho, vai desembarca na capital mineira no fim de semana. Comemorando 10 anos de estrada, a festa acontece neste s\u00e1bado, 05 de julho, a partir das 14h, com quase todos os ingressos j\u00e1 vendidos. As \u00faltimas vagas no setor Alegria (arquibancada) podem ser adquiridas por meio da Bilheteria Digital:&nbsp;<a href=\"https:\/\/www.bilheteriadigital.com\/tardezinha-2025-belo-horizonte-05-de-julho\" target=\"_blank\" rel=\"noreferrer noopener\">https:\/\/www.bilheteriadigital.com\/tardezinha-2025-belo-horizonte-05-de-julho<\/a>.<\/p>\n\n\n\n<p><img decoding=\"async\" src=\"https:\/\/ci3.googleusercontent.com\/meips\/ADKq_NaotfhPj4JkDawH-fB7IEHVsthtwWgXdz-TxcQVt6HqElTHQRJLzJaxPGYH95VO2Y6Htw69JUTOeyWZ6U-OJLIRVNAQ5orpBI19wyVgvh3Q240D_7qFs7TwSDCi6pGRemuZ-9H8_mvp9ZkHGcopaFj7_b6uL9Ztmh74Gsh9cwkuiTWv5Ay_FhjeFmAHqA-7BA3av86SlvxlQRhDd1_z=s0-d-e1-ft#https:\/\/files.pressmanager.net\/clientes\/67dd844a69e08263976a65f343f9b4e0\/imagens\/2024\/10\/28\/51c60b64c9cf235ed8b0f9de0ea56173_medium.jpg\" alt=\"\" width=\"200\">A turn\u00ea especial, que percorre 26 cidades ao redor do mundo e do Brasil, j\u00e1 levou milhares de f\u00e3s \u00e0 celebra\u00e7\u00e3o de uma d\u00e9cada do projeto \u2018Tardezinha\u2019. Capitais como S\u00e3o Paulo, Rio de Janeiro, Salvador e Curitiba j\u00e1 receberam o evento, que tamb\u00e9m marca presen\u00e7a em grandes destinos internacionais como Lisboa, Miami e Sydney. Al\u00e9m disso, cidades menores, como Ribeir\u00e3o Preto e Londrina, integram o roteiro, provando o alcance do projeto ao longo dos anos.<\/p>\n\n\n\n<p>Com uma megaestrutura e a participa\u00e7\u00e3o de convidados especiais, o show ter\u00e1 no repert\u00f3rio sucessos marcantes da carreira de Thiaguinho, como \u2018T\u00e1 Vendo Aquela Lua\u2019, \u2018Ousadia &amp; Alegria\u2019, \u2018Ainda Bem\u2019 e \u2018Caraca, Muleke!\u2019, al\u00e9m de cl\u00e1ssicos que marcaram gera\u00e7\u00f5es no universo do pagode.<\/p>\n\n\n\n<p><strong>Servi\u00e7o:<\/strong><\/p>\n\n\n\n<p><strong>Data e hor\u00e1rio:&nbsp;<\/strong>5 de julho (s\u00e1bado), \u00e0s 14h<\/p>\n\n\n\n<p><strong>Local:<\/strong>&nbsp;Mineir\u00e3o, Belo Horizonte<\/p>\n\n\n\n<p><strong>\u00daltimos ingressos do setor Alegria:&nbsp;<\/strong><a href=\"https:\/\/www.bilheteriadigital.com\/tardezinha-2025-belo-horizonte-05-de-julho\" target=\"_blank\" rel=\"noreferrer noopener\"><strong>https:\/\/www.bilheteriadigital.com\/tardezinha-2025-belo-horizonte-05-de-julho<\/strong><\/a><\/p>\n","protected":false},"excerpt":{"rendered":"<p>Thiaguinho no Mineir\u00e3o lotado durante a \u00faltima edi\u00e7\u00e3o da Tardezinha em BH &#8211; Bruno Soares\/Divulga\u00e7\u00e3o. Os \u00faltimos ingressos do setor Alegria est\u00e3o \u00e0 venda &nbsp;O \u2018Tardezinha\u2019, projeto do cantor Thiaguinho, vai desembarca na capital mineira no fim de semana. Comemorando 10 anos de estrada, a festa acontece neste s\u00e1bado, 05 de julho, a partir das 14h, com quase todos os ingressos j\u00e1 vendidos. As \u00faltimas vagas no setor Alegria (arquibancada) podem ser adquiridas por meio da Bilheteria Digital:&nbsp;https:\/\/www.bilheteriadigital.com\/tardezinha-2025-belo-horizonte-05-de-julho. A turn\u00ea especial, que percorre 26 cidades ao redor do mundo e do Brasil, j\u00e1 levou milhares de f\u00e3s \u00e0 celebra\u00e7\u00e3o de uma d\u00e9cada do projeto \u2018Tardezinha\u2019. Capitais como S\u00e3o Paulo, Rio de Janeiro, Salvador e Curitiba j\u00e1 receberam o evento, que tamb\u00e9m marca presen\u00e7a em grandes destinos internacionais como Lisboa, Miami e Sydney. Al\u00e9m disso, cidades menores, como Ribeir\u00e3o Preto e Londrina, integram o roteiro, provando o alcance do projeto ao longo dos anos. Com uma megaestrutura e a participa\u00e7\u00e3o de convidados especiais, o show ter\u00e1 no repert\u00f3rio sucessos marcantes da carreira de Thiaguinho, como \u2018T\u00e1 Vendo Aquela Lua\u2019, \u2018Ousadia &amp; Alegria\u2019, \u2018Ainda Bem\u2019 e \u2018Caraca, Muleke!\u2019, al\u00e9m de cl\u00e1ssicos que marcaram gera\u00e7\u00f5es no universo do pagode. Servi\u00e7o: Data e hor\u00e1rio:&nbsp;5 de julho (s\u00e1bado), \u00e0s 14h Local:&nbsp;Mineir\u00e3o, Belo Horizonte \u00daltimos ingressos do setor Alegria:&nbsp;https:\/\/www.bilheteriadigital.com\/tardezinha-2025-belo-horizonte-05-de-julho<\/p>\n","protected":false},"author":5,"featured_media":2504,"comment_status":"open","ping_status":"open","sticky":true,"template":"","format":"standard","meta":{"footnotes":""},"categories":[63,32,65,25,26],"tags":[],"class_list":["post-2503","post","type-post","status-publish","format-standard","has-post-thumbnail","hentry","category-belo-horizonte","category-brasil","category-destaque","category-eventos","category-famosos"],"yoast_head":"<!-- This site is optimized with the Yoast SEO plugin v27.3 - https:\/\/yoast.com\/product\/yoast-seo-wordpress\/ -->\n<title>Thiaguinho: &quot;Tardezinha&quot; agita o Mineir\u00e3o neste s\u00e1bado<\/title>\n<meta name=\"robots\" content=\"index, follow, max-snippet:-1, max-image-preview:large, max-video-preview:-1\" \/>\n<link rel=\"canonical\" href=\"https:\/\/portal135.com.br\/?p=2503\" \/>\n<meta property=\"og:locale\" content=\"pt_BR\" \/>\n<meta property=\"og:type\" content=\"article\" \/>\n<meta property=\"og:title\" content=\"Thiaguinho: &quot;Tardezinha&quot; agita o Mineir\u00e3o neste s\u00e1bado\" \/>\n<meta property=\"og:description\" content=\"Thiaguinho no Mineir\u00e3o lotado durante a \u00faltima edi\u00e7\u00e3o da Tardezinha em BH &#8211; Bruno Soares\/Divulga\u00e7\u00e3o. Os \u00faltimos ingressos do setor Alegria est\u00e3o \u00e0 venda &nbsp;O \u2018Tardezinha\u2019, projeto do cantor Thiaguinho, vai desembarca na capital mineira no fim de semana. Comemorando 10 anos de estrada, a festa acontece neste s\u00e1bado, 05 de julho, a partir das 14h, com quase todos os ingressos j\u00e1 vendidos. As \u00faltimas vagas no setor Alegria (arquibancada) podem ser adquiridas por meio da Bilheteria Digital:&nbsp;https:\/\/www.bilheteriadigital.com\/tardezinha-2025-belo-horizonte-05-de-julho. A turn\u00ea especial, que percorre 26 cidades ao redor do mundo e do Brasil, j\u00e1 levou milhares de f\u00e3s \u00e0 celebra\u00e7\u00e3o de uma d\u00e9cada do projeto \u2018Tardezinha\u2019. Capitais como S\u00e3o Paulo, Rio de Janeiro, Salvador e Curitiba j\u00e1 receberam o evento, que tamb\u00e9m marca presen\u00e7a em grandes destinos internacionais como Lisboa, Miami e Sydney. Al\u00e9m disso, cidades menores, como Ribeir\u00e3o Preto e Londrina, integram o roteiro, provando o alcance do projeto ao longo dos anos. Com uma megaestrutura e a participa\u00e7\u00e3o de convidados especiais, o show ter\u00e1 no repert\u00f3rio sucessos marcantes da carreira de Thiaguinho, como \u2018T\u00e1 Vendo Aquela Lua\u2019, \u2018Ousadia &amp; Alegria\u2019, \u2018Ainda Bem\u2019 e \u2018Caraca, Muleke!\u2019, al\u00e9m de cl\u00e1ssicos que marcaram gera\u00e7\u00f5es no universo do pagode. Servi\u00e7o: Data e hor\u00e1rio:&nbsp;5 de julho (s\u00e1bado), \u00e0s 14h Local:&nbsp;Mineir\u00e3o, Belo Horizonte \u00daltimos ingressos do setor Alegria:&nbsp;https:\/\/www.bilheteriadigital.com\/tardezinha-2025-belo-horizonte-05-de-julho\" \/>\n<meta property=\"og:url\" content=\"https:\/\/portal135.com.br\/?p=2503\" \/>\n<meta property=\"og:site_name\" content=\"Portal 135\" \/>\n<meta property=\"article:published_time\" content=\"2025-06-30T15:47:03+00:00\" \/>\n<meta property=\"og:image\" content=\"https:\/\/portal135.com.br\/wp-content\/uploads\/2025\/06\/foto00001.jpg\" \/>\n\t<meta property=\"og:image:width\" content=\"1600\" \/>\n\t<meta property=\"og:image:height\" content=\"937\" \/>\n\t<meta property=\"og:image:type\" content=\"image\/jpeg\" \/>\n<meta name=\"author\" content=\"Felipe De Jesus\" \/>\n<meta name=\"twitter:card\" content=\"summary_large_image\" \/>\n<meta name=\"twitter:label1\" content=\"Escrito por\" \/>\n\t<meta name=\"twitter:data1\" content=\"Felipe De Jesus\" \/>\n\t<meta name=\"twitter:label2\" content=\"Est. tempo de leitura\" \/>\n\t<meta name=\"twitter:data2\" content=\"2 minutos\" \/>\n<script type=\"application\/ld+json\" class=\"yoast-schema-graph\">{\"@context\":\"https:\\\/\\\/schema.org\",\"@graph\":[{\"@type\":\"Article\",\"@id\":\"https:\\\/\\\/portal135.com.br\\\/?p=2503#article\",\"isPartOf\":{\"@id\":\"https:\\\/\\\/portal135.com.br\\\/?p=2503\"},\"author\":{\"name\":\"Felipe De Jesus\",\"@id\":\"https:\\\/\\\/portal135.com.br\\\/#\\\/schema\\\/person\\\/8b1047d329adb7f2596093a79f5658e6\"},\"headline\":\"Thiaguinho: &#8220;Tardezinha&#8221; agita o Mineir\u00e3o neste s\u00e1bado\",\"datePublished\":\"2025-06-30T15:47:03+00:00\",\"mainEntityOfPage\":{\"@id\":\"https:\\\/\\\/portal135.com.br\\\/?p=2503\"},\"wordCount\":260,\"commentCount\":0,\"publisher\":{\"@id\":\"https:\\\/\\\/portal135.com.br\\\/#organization\"},\"image\":{\"@id\":\"https:\\\/\\\/portal135.com.br\\\/?p=2503#primaryimage\"},\"thumbnailUrl\":\"https:\\\/\\\/portal135.com.br\\\/wp-content\\\/uploads\\\/2025\\\/06\\\/foto00001.jpg\",\"articleSection\":[\"Belo Horizonte\",\"Brasil\",\"Destaque\",\"Eventos\",\"Famosos\"],\"inLanguage\":\"pt-BR\",\"potentialAction\":[{\"@type\":\"CommentAction\",\"name\":\"Comment\",\"target\":[\"https:\\\/\\\/portal135.com.br\\\/?p=2503#respond\"]}]},{\"@type\":\"WebPage\",\"@id\":\"https:\\\/\\\/portal135.com.br\\\/?p=2503\",\"url\":\"https:\\\/\\\/portal135.com.br\\\/?p=2503\",\"name\":\"Thiaguinho: \\\"Tardezinha\\\" agita o Mineir\u00e3o neste s\u00e1bado\",\"isPartOf\":{\"@id\":\"https:\\\/\\\/portal135.com.br\\\/#website\"},\"primaryImageOfPage\":{\"@id\":\"https:\\\/\\\/portal135.com.br\\\/?p=2503#primaryimage\"},\"image\":{\"@id\":\"https:\\\/\\\/portal135.com.br\\\/?p=2503#primaryimage\"},\"thumbnailUrl\":\"https:\\\/\\\/portal135.com.br\\\/wp-content\\\/uploads\\\/2025\\\/06\\\/foto00001.jpg\",\"datePublished\":\"2025-06-30T15:47:03+00:00\",\"breadcrumb\":{\"@id\":\"https:\\\/\\\/portal135.com.br\\\/?p=2503#breadcrumb\"},\"inLanguage\":\"pt-BR\",\"potentialAction\":[{\"@type\":\"ReadAction\",\"target\":[\"https:\\\/\\\/portal135.com.br\\\/?p=2503\"]}]},{\"@type\":\"ImageObject\",\"inLanguage\":\"pt-BR\",\"@id\":\"https:\\\/\\\/portal135.com.br\\\/?p=2503#primaryimage\",\"url\":\"https:\\\/\\\/portal135.com.br\\\/wp-content\\\/uploads\\\/2025\\\/06\\\/foto00001.jpg\",\"contentUrl\":\"https:\\\/\\\/portal135.com.br\\\/wp-content\\\/uploads\\\/2025\\\/06\\\/foto00001.jpg\",\"width\":1600,\"height\":937},{\"@type\":\"BreadcrumbList\",\"@id\":\"https:\\\/\\\/portal135.com.br\\\/?p=2503#breadcrumb\",\"itemListElement\":[{\"@type\":\"ListItem\",\"position\":1,\"name\":\"In\u00edcio\",\"item\":\"https:\\\/\\\/portal135.com.br\\\/\"},{\"@type\":\"ListItem\",\"position\":2,\"name\":\"Thiaguinho: &#8220;Tardezinha&#8221; agita o Mineir\u00e3o neste s\u00e1bado\"}]},{\"@type\":\"WebSite\",\"@id\":\"https:\\\/\\\/portal135.com.br\\\/#website\",\"url\":\"https:\\\/\\\/portal135.com.br\\\/\",\"name\":\"Portal 135\",\"description\":\"Portal de Not\u00edcias\",\"publisher\":{\"@id\":\"https:\\\/\\\/portal135.com.br\\\/#organization\"},\"potentialAction\":[{\"@type\":\"SearchAction\",\"target\":{\"@type\":\"EntryPoint\",\"urlTemplate\":\"https:\\\/\\\/portal135.com.br\\\/?s={search_term_string}\"},\"query-input\":{\"@type\":\"PropertyValueSpecification\",\"valueRequired\":true,\"valueName\":\"search_term_string\"}}],\"inLanguage\":\"pt-BR\"},{\"@type\":\"Organization\",\"@id\":\"https:\\\/\\\/portal135.com.br\\\/#organization\",\"name\":\"Portal 135\",\"url\":\"https:\\\/\\\/portal135.com.br\\\/\",\"logo\":{\"@type\":\"ImageObject\",\"inLanguage\":\"pt-BR\",\"@id\":\"https:\\\/\\\/portal135.com.br\\\/#\\\/schema\\\/logo\\\/image\\\/\",\"url\":\"https:\\\/\\\/portal135.com.br\\\/wp-content\\\/uploads\\\/2024\\\/09\\\/1000030041-removebg-preview.png\",\"contentUrl\":\"https:\\\/\\\/portal135.com.br\\\/wp-content\\\/uploads\\\/2024\\\/09\\\/1000030041-removebg-preview.png\",\"width\":500,\"height\":500,\"caption\":\"Portal 135\"},\"image\":{\"@id\":\"https:\\\/\\\/portal135.com.br\\\/#\\\/schema\\\/logo\\\/image\\\/\"}},{\"@type\":\"Person\",\"@id\":\"https:\\\/\\\/portal135.com.br\\\/#\\\/schema\\\/person\\\/8b1047d329adb7f2596093a79f5658e6\",\"name\":\"Felipe De Jesus\",\"image\":{\"@type\":\"ImageObject\",\"inLanguage\":\"pt-BR\",\"@id\":\"https:\\\/\\\/secure.gravatar.com\\\/avatar\\\/c7bb18151e6c15c2f6c17d6a985b65614e924b0a2109679be31286f997dd99df?s=96&d=mm&r=g\",\"url\":\"https:\\\/\\\/secure.gravatar.com\\\/avatar\\\/c7bb18151e6c15c2f6c17d6a985b65614e924b0a2109679be31286f997dd99df?s=96&d=mm&r=g\",\"contentUrl\":\"https:\\\/\\\/secure.gravatar.com\\\/avatar\\\/c7bb18151e6c15c2f6c17d6a985b65614e924b0a2109679be31286f997dd99df?s=96&d=mm&r=g\",\"caption\":\"Felipe De Jesus\"},\"url\":\"https:\\\/\\\/portal135.com.br\\\/?author=5\"}]}<\/script>\n<!-- \/ Yoast SEO plugin. -->","yoast_head_json":{"title":"Thiaguinho: \"Tardezinha\" agita o Mineir\u00e3o neste s\u00e1bado","robots":{"index":"index","follow":"follow","max-snippet":"max-snippet:-1","max-image-preview":"max-image-preview:large","max-video-preview":"max-video-preview:-1"},"canonical":"https:\/\/portal135.com.br\/?p=2503","og_locale":"pt_BR","og_type":"article","og_title":"Thiaguinho: \"Tardezinha\" agita o Mineir\u00e3o neste s\u00e1bado","og_description":"Thiaguinho no Mineir\u00e3o lotado durante a \u00faltima edi\u00e7\u00e3o da Tardezinha em BH &#8211; Bruno Soares\/Divulga\u00e7\u00e3o. Os \u00faltimos ingressos do setor Alegria est\u00e3o \u00e0 venda &nbsp;O \u2018Tardezinha\u2019, projeto do cantor Thiaguinho, vai desembarca na capital mineira no fim de semana. Comemorando 10 anos de estrada, a festa acontece neste s\u00e1bado, 05 de julho, a partir das 14h, com quase todos os ingressos j\u00e1 vendidos. As \u00faltimas vagas no setor Alegria (arquibancada) podem ser adquiridas por meio da Bilheteria Digital:&nbsp;https:\/\/www.bilheteriadigital.com\/tardezinha-2025-belo-horizonte-05-de-julho. A turn\u00ea especial, que percorre 26 cidades ao redor do mundo e do Brasil, j\u00e1 levou milhares de f\u00e3s \u00e0 celebra\u00e7\u00e3o de uma d\u00e9cada do projeto \u2018Tardezinha\u2019. Capitais como S\u00e3o Paulo, Rio de Janeiro, Salvador e Curitiba j\u00e1 receberam o evento, que tamb\u00e9m marca presen\u00e7a em grandes destinos internacionais como Lisboa, Miami e Sydney. Al\u00e9m disso, cidades menores, como Ribeir\u00e3o Preto e Londrina, integram o roteiro, provando o alcance do projeto ao longo dos anos. Com uma megaestrutura e a participa\u00e7\u00e3o de convidados especiais, o show ter\u00e1 no repert\u00f3rio sucessos marcantes da carreira de Thiaguinho, como \u2018T\u00e1 Vendo Aquela Lua\u2019, \u2018Ousadia &amp; Alegria\u2019, \u2018Ainda Bem\u2019 e \u2018Caraca, Muleke!\u2019, al\u00e9m de cl\u00e1ssicos que marcaram gera\u00e7\u00f5es no universo do pagode. Servi\u00e7o: Data e hor\u00e1rio:&nbsp;5 de julho (s\u00e1bado), \u00e0s 14h Local:&nbsp;Mineir\u00e3o, Belo Horizonte \u00daltimos ingressos do setor Alegria:&nbsp;https:\/\/www.bilheteriadigital.com\/tardezinha-2025-belo-horizonte-05-de-julho","og_url":"https:\/\/portal135.com.br\/?p=2503","og_site_name":"Portal 135","article_published_time":"2025-06-30T15:47:03+00:00","og_image":[{"width":1600,"height":937,"url":"https:\/\/portal135.com.br\/wp-content\/uploads\/2025\/06\/foto00001.jpg","type":"image\/jpeg"}],"author":"Felipe De Jesus","twitter_card":"summary_large_image","twitter_misc":{"Escrito por":"Felipe De Jesus","Est. tempo de leitura":"2 minutos"},"schema":{"@context":"https:\/\/schema.org","@graph":[{"@type":"Article","@id":"https:\/\/portal135.com.br\/?p=2503#article","isPartOf":{"@id":"https:\/\/portal135.com.br\/?p=2503"},"author":{"name":"Felipe De Jesus","@id":"https:\/\/portal135.com.br\/#\/schema\/person\/8b1047d329adb7f2596093a79f5658e6"},"headline":"Thiaguinho: &#8220;Tardezinha&#8221; agita o Mineir\u00e3o neste s\u00e1bado","datePublished":"2025-06-30T15:47:03+00:00","mainEntityOfPage":{"@id":"https:\/\/portal135.com.br\/?p=2503"},"wordCount":260,"commentCount":0,"publisher":{"@id":"https:\/\/portal135.com.br\/#organization"},"image":{"@id":"https:\/\/portal135.com.br\/?p=2503#primaryimage"},"thumbnailUrl":"https:\/\/portal135.com.br\/wp-content\/uploads\/2025\/06\/foto00001.jpg","articleSection":["Belo Horizonte","Brasil","Destaque","Eventos","Famosos"],"inLanguage":"pt-BR","potentialAction":[{"@type":"CommentAction","name":"Comment","target":["https:\/\/portal135.com.br\/?p=2503#respond"]}]},{"@type":"WebPage","@id":"https:\/\/portal135.com.br\/?p=2503","url":"https:\/\/portal135.com.br\/?p=2503","name":"Thiaguinho: \"Tardezinha\" agita o Mineir\u00e3o neste s\u00e1bado","isPartOf":{"@id":"https:\/\/portal135.com.br\/#website"},"primaryImageOfPage":{"@id":"https:\/\/portal135.com.br\/?p=2503#primaryimage"},"image":{"@id":"https:\/\/portal135.com.br\/?p=2503#primaryimage"},"thumbnailUrl":"https:\/\/portal135.com.br\/wp-content\/uploads\/2025\/06\/foto00001.jpg","datePublished":"2025-06-30T15:47:03+00:00","breadcrumb":{"@id":"https:\/\/portal135.com.br\/?p=2503#breadcrumb"},"inLanguage":"pt-BR","potentialAction":[{"@type":"ReadAction","target":["https:\/\/portal135.com.br\/?p=2503"]}]},{"@type":"ImageObject","inLanguage":"pt-BR","@id":"https:\/\/portal135.com.br\/?p=2503#primaryimage","url":"https:\/\/portal135.com.br\/wp-content\/uploads\/2025\/06\/foto00001.jpg","contentUrl":"https:\/\/portal135.com.br\/wp-content\/uploads\/2025\/06\/foto00001.jpg","width":1600,"height":937},{"@type":"BreadcrumbList","@id":"https:\/\/portal135.com.br\/?p=2503#breadcrumb","itemListElement":[{"@type":"ListItem","position":1,"name":"In\u00edcio","item":"https:\/\/portal135.com.br\/"},{"@type":"ListItem","position":2,"name":"Thiaguinho: &#8220;Tardezinha&#8221; agita o Mineir\u00e3o neste s\u00e1bado"}]},{"@type":"WebSite","@id":"https:\/\/portal135.com.br\/#website","url":"https:\/\/portal135.com.br\/","name":"Portal 135","description":"Portal de Not\u00edcias","publisher":{"@id":"https:\/\/portal135.com.br\/#organization"},"potentialAction":[{"@type":"SearchAction","target":{"@type":"EntryPoint","urlTemplate":"https:\/\/portal135.com.br\/?s={search_term_string}"},"query-input":{"@type":"PropertyValueSpecification","valueRequired":true,"valueName":"search_term_string"}}],"inLanguage":"pt-BR"},{"@type":"Organization","@id":"https:\/\/portal135.com.br\/#organization","name":"Portal 135","url":"https:\/\/portal135.com.br\/","logo":{"@type":"ImageObject","inLanguage":"pt-BR","@id":"https:\/\/portal135.com.br\/#\/schema\/logo\/image\/","url":"https:\/\/portal135.com.br\/wp-content\/uploads\/2024\/09\/1000030041-removebg-preview.png","contentUrl":"https:\/\/portal135.com.br\/wp-content\/uploads\/2024\/09\/1000030041-removebg-preview.png","width":500,"height":500,"caption":"Portal 135"},"image":{"@id":"https:\/\/portal135.com.br\/#\/schema\/logo\/image\/"}},{"@type":"Person","@id":"https:\/\/portal135.com.br\/#\/schema\/person\/8b1047d329adb7f2596093a79f5658e6","name":"Felipe De Jesus","image":{"@type":"ImageObject","inLanguage":"pt-BR","@id":"https:\/\/secure.gravatar.com\/avatar\/c7bb18151e6c15c2f6c17d6a985b65614e924b0a2109679be31286f997dd99df?s=96&d=mm&r=g","url":"https:\/\/secure.gravatar.com\/avatar\/c7bb18151e6c15c2f6c17d6a985b65614e924b0a2109679be31286f997dd99df?s=96&d=mm&r=g","contentUrl":"https:\/\/secure.gravatar.com\/avatar\/c7bb18151e6c15c2f6c17d6a985b65614e924b0a2109679be31286f997dd99df?s=96&d=mm&r=g","caption":"Felipe De Jesus"},"url":"https:\/\/portal135.com.br\/?author=5"}]}},"_links":{"self":[{"href":"https:\/\/portal135.com.br\/index.php?rest_route=\/wp\/v2\/posts\/2503","targetHints":{"allow":["GET"]}}],"collection":[{"href":"https:\/\/portal135.com.br\/index.php?rest_route=\/wp\/v2\/posts"}],"about":[{"href":"https:\/\/portal135.com.br\/index.php?rest_route=\/wp\/v2\/types\/post"}],"author":[{"embeddable":true,"href":"https:\/\/portal135.com.br\/index.php?rest_route=\/wp\/v2\/users\/5"}],"replies":[{"embeddable":true,"href":"https:\/\/portal135.com.br\/index.php?rest_route=%2Fwp%2Fv2%2Fcomments&post=2503"}],"version-history":[{"count":1,"href":"https:\/\/portal135.com.br\/index.php?rest_route=\/wp\/v2\/posts\/2503\/revisions"}],"predecessor-version":[{"id":2505,"href":"https:\/\/portal135.com.br\/index.php?rest_route=\/wp\/v2\/posts\/2503\/revisions\/2505"}],"wp:featuredmedia":[{"embeddable":true,"href":"https:\/\/portal135.com.br\/index.php?rest_route=\/wp\/v2\/media\/2504"}],"wp:attachment":[{"href":"https:\/\/portal135.com.br\/index.php?rest_route=%2Fwp%2Fv2%2Fmedia&parent=2503"}],"wp:term":[{"taxonomy":"category","embeddable":true,"href":"https:\/\/portal135.com.br\/index.php?rest_route=%2Fwp%2Fv2%2Fcategories&post=2503"},{"taxonomy":"post_tag","embeddable":true,"href":"https:\/\/portal135.com.br\/index.php?rest_route=%2Fwp%2Fv2%2Ftags&post=2503"}],"curies":[{"name":"wp","href":"https:\/\/api.w.org\/{rel}","templated":true}]}}