{"id":2387,"date":"2025-06-18T01:59:43","date_gmt":"2025-06-18T01:59:43","guid":{"rendered":"https:\/\/portal135.com.br\/?p=2387"},"modified":"2025-06-18T01:59:43","modified_gmt":"2025-06-18T01:59:43","slug":"francis-portugal-a-musica-que-conecta-almas","status":"publish","type":"post","link":"https:\/\/portal135.com.br\/?p=2387","title":{"rendered":"Francis Portugal &#8211; A M\u00fasica que Conecta Almas"},"content":{"rendered":"\n<p>Francis Portugal \u00e9 muito mais do que um cantor e compositor. \u00c9 um contador de hist\u00f3rias que transforma viv\u00eancia em melodia, mem\u00f3ria em can\u00e7\u00e3o.<br>Nascido em Portugal, cresceu entre campos e vinhedos, onde aprendeu que at\u00e9 o sil\u00eancio da terra carrega ritmo. Desde cedo, desenvolveu a sensibilidade de quem escuta o mundo com o cora\u00e7\u00e3o.<\/p>\n\n\n\n<p>Apesar de seguir a medicina como miss\u00e3o de vida, foi na m\u00fasica que descobriu sua paix\u00e3o mais profunda.<br>Entre consultas e palcos, entendeu que curar tamb\u00e9m \u00e9 cantar \u2014 e que a voz pode alcan\u00e7ar lugares onde as palavras n\u00e3o chegam.<br>Durante o tempo em que viveu no Brasil, especialmente no sert\u00e3o do Cear\u00e1, Francis se reconectou com a natureza, a simplicidade e a for\u00e7a das emo\u00e7\u00f5es genu\u00ednas. Inspirado pelo canto dos p\u00e1ssaros, pelas saudades e pelos reencontros, a m\u00fasica passou a pulsar ainda mais forte em sua alma.<\/p>\n\n\n\n<p>Mesmo diante de desafios e ingratid\u00f5es, Francis se manteve fiel \u00e0 sua ess\u00eancia. Sua m\u00fasica \u00e9 elo entre o homem e o artista que escolheu ser: uma fus\u00e3o das ra\u00edzes portuguesas com a alma brasileira. Seu som \u00e9 \u00fanico, sens\u00edvel e cheio de identidade.<br>Hoje, Francis Portugal canta o que sente &#8211; com verdade. Suas composi\u00e7\u00f5es s\u00e3o pontes que unem dist\u00e2ncias, tocam cora\u00e7\u00f5es e transformam caminhos. Mais do que notas e acordes, ele entrega emo\u00e7\u00e3o.<\/p>\n\n\n\n<p>M\u00fasica, Vida e Televis\u00e3o<\/p>\n\n\n\n<p>Francis traz em sua trajet\u00f3ria uma rara combina\u00e7\u00e3o de talento, versatilidade e amor pela vida. Participou de diversos programas na TV Di\u00e1rio (afiliada da TV Verdes Mares \/ Grupo Globo), onde teve espa\u00e7o para mostrar sua voz, atuar como jurado e contribuir com novos talentos da m\u00fasica. Tamb\u00e9m participou de uma novela da emissora, revelando sua versatilidade art\u00edstica.<br>Atualmente, dedica-se \u00e0 medicina esportiva, ap\u00f3s anos atuando como m\u00e9dico emergencista e plantonista &#8211; lidando de perto com os limites entre a vida e a morte. A m\u00fasica, no entanto, segue firme: sua paix\u00e3o maior e um prop\u00f3sito que continua a alimentar com amor e dedica\u00e7\u00e3o.<\/p>\n\n\n\n<p>Inspira\u00e7\u00f5es Musicais<\/p>\n\n\n\n<ul class=\"wp-block-list\">\n<li>Ivete Sangalo &#8211; \u00edcone de energia, presen\u00e7a e entrega nos palcos.<br>Inspira\u00e7\u00e3o para Francis por sua conex\u00e3o profunda com o p\u00fablico.<\/li>\n\n\n\n<li>Luan Santana &#8211; refer\u00eancia de excel\u00eancia art\u00edstica e estrutura de carreira. Um espelho de onde Francis deseja chegar.<\/li>\n\n\n\n<li>Sarah Beatriz &amp; Isadora Pompeo &#8211; vozes que trazem f\u00e9, esperan\u00e7a e for\u00e7a. A m\u00fasica gospel faz parte da alma e forma\u00e7\u00e3o espiritual de Francis.<\/li>\n<\/ul>\n\n\n\n<p>Sonho de Duetos<\/p>\n\n\n\n<p>Entre seus sonhos mais intensos, est\u00e3o duetos com verdadeiras lendas da m\u00fasica brasileira:<\/p>\n\n\n\n<ul class=\"wp-block-list\">\n<li>Alcione<\/li>\n\n\n\n<li>Faf\u00e1 de Bel\u00e9m<\/li>\n\n\n\n<li>Ivete Sangalo<br>Tr\u00eas mulheres que representam coragem, arte e a grandiosidade da m\u00fasica como for\u00e7a e resist\u00eancia.<br>Contato:<br>portugalfrancis2@gmail.com<\/li>\n\n\n\n<li>Instagram: @francisportugal_<\/li>\n<\/ul>\n\n\n\n<figure class=\"wp-block-image size-full is-resized\"><img fetchpriority=\"high\" decoding=\"async\" width=\"749\" height=\"541\" src=\"https:\/\/portal135.com.br\/wp-content\/uploads\/2025\/06\/1004010256.jpg\" alt=\"\" class=\"wp-image-2388\" style=\"width:840px;height:auto\" srcset=\"https:\/\/portal135.com.br\/wp-content\/uploads\/2025\/06\/1004010256.jpg 749w, https:\/\/portal135.com.br\/wp-content\/uploads\/2025\/06\/1004010256-300x217.jpg 300w\" sizes=\"(max-width: 749px) 100vw, 749px\" \/><\/figure>\n\n\n\n<figure class=\"wp-block-image size-full\"><img decoding=\"async\" width=\"750\" height=\"721\" src=\"https:\/\/portal135.com.br\/wp-content\/uploads\/2025\/06\/1004010255.jpg\" alt=\"\" class=\"wp-image-2389\" srcset=\"https:\/\/portal135.com.br\/wp-content\/uploads\/2025\/06\/1004010255.jpg 750w, https:\/\/portal135.com.br\/wp-content\/uploads\/2025\/06\/1004010255-300x288.jpg 300w\" sizes=\"(max-width: 750px) 100vw, 750px\" \/><\/figure>\n","protected":false},"excerpt":{"rendered":"<p>Francis Portugal \u00e9 muito mais do que um cantor e compositor. \u00c9 um contador de hist\u00f3rias que transforma viv\u00eancia em melodia, mem\u00f3ria em can\u00e7\u00e3o.Nascido em Portugal, cresceu entre campos e vinhedos, onde aprendeu que at\u00e9 o sil\u00eancio da terra carrega ritmo. Desde cedo, desenvolveu a sensibilidade de quem escuta o mundo com o cora\u00e7\u00e3o. Apesar de seguir a medicina como miss\u00e3o de vida, foi na m\u00fasica que descobriu sua paix\u00e3o mais profunda.Entre consultas e palcos, entendeu que curar tamb\u00e9m \u00e9 cantar \u2014 e que a voz pode alcan\u00e7ar lugares onde as palavras n\u00e3o chegam.Durante o tempo em que viveu no Brasil, especialmente no sert\u00e3o do Cear\u00e1, Francis se reconectou com a natureza, a simplicidade e a for\u00e7a das emo\u00e7\u00f5es genu\u00ednas. Inspirado pelo canto dos p\u00e1ssaros, pelas saudades e pelos reencontros, a m\u00fasica passou a pulsar ainda mais forte em sua alma. Mesmo diante de desafios e ingratid\u00f5es, Francis se manteve fiel \u00e0 sua ess\u00eancia. Sua m\u00fasica \u00e9 elo entre o homem e o artista que escolheu ser: uma fus\u00e3o das ra\u00edzes portuguesas com a alma brasileira. Seu som \u00e9 \u00fanico, sens\u00edvel e cheio de identidade.Hoje, Francis Portugal canta o que sente &#8211; com verdade. Suas composi\u00e7\u00f5es s\u00e3o pontes que unem dist\u00e2ncias, tocam cora\u00e7\u00f5es e transformam caminhos. Mais do que notas e acordes, ele entrega emo\u00e7\u00e3o. M\u00fasica, Vida e Televis\u00e3o Francis traz em sua trajet\u00f3ria uma rara combina\u00e7\u00e3o de talento, versatilidade e amor pela vida. Participou de diversos programas na TV Di\u00e1rio (afiliada da TV Verdes Mares \/ Grupo Globo), onde teve espa\u00e7o para mostrar sua voz, atuar como jurado e contribuir com novos talentos da m\u00fasica. Tamb\u00e9m participou de uma novela da emissora, revelando sua versatilidade art\u00edstica.Atualmente, dedica-se \u00e0 medicina esportiva, ap\u00f3s anos atuando como m\u00e9dico emergencista e plantonista &#8211; lidando de perto com os limites entre a vida e a morte. A m\u00fasica, no entanto, segue firme: sua paix\u00e3o maior e um prop\u00f3sito que continua a alimentar com amor e dedica\u00e7\u00e3o. Inspira\u00e7\u00f5es Musicais Sonho de Duetos Entre seus sonhos mais intensos, est\u00e3o duetos com verdadeiras lendas da m\u00fasica brasileira:<\/p>\n","protected":false},"author":6,"featured_media":2390,"comment_status":"open","ping_status":"open","sticky":false,"template":"","format":"standard","meta":{"footnotes":""},"categories":[32,65,24,31,58],"tags":[59],"class_list":["post-2387","post","type-post","status-publish","format-standard","has-post-thumbnail","hentry","category-brasil","category-destaque","category-destaques-da-semana","category-internacional","category-musica","tag-doinhaprata"],"yoast_head":"<!-- This site is optimized with the Yoast SEO plugin v27.3 - https:\/\/yoast.com\/product\/yoast-seo-wordpress\/ -->\n<title>Francis Portugal - A M\u00fasica que Conecta Almas<\/title>\n<meta name=\"robots\" content=\"index, follow, max-snippet:-1, max-image-preview:large, max-video-preview:-1\" \/>\n<link rel=\"canonical\" href=\"https:\/\/portal135.com.br\/?p=2387\" \/>\n<meta property=\"og:locale\" content=\"pt_BR\" \/>\n<meta property=\"og:type\" content=\"article\" \/>\n<meta property=\"og:title\" content=\"Francis Portugal - A M\u00fasica que Conecta Almas\" \/>\n<meta property=\"og:description\" content=\"Francis Portugal \u00e9 muito mais do que um cantor e compositor. \u00c9 um contador de hist\u00f3rias que transforma viv\u00eancia em melodia, mem\u00f3ria em can\u00e7\u00e3o.Nascido em Portugal, cresceu entre campos e vinhedos, onde aprendeu que at\u00e9 o sil\u00eancio da terra carrega ritmo. Desde cedo, desenvolveu a sensibilidade de quem escuta o mundo com o cora\u00e7\u00e3o. Apesar de seguir a medicina como miss\u00e3o de vida, foi na m\u00fasica que descobriu sua paix\u00e3o mais profunda.Entre consultas e palcos, entendeu que curar tamb\u00e9m \u00e9 cantar \u2014 e que a voz pode alcan\u00e7ar lugares onde as palavras n\u00e3o chegam.Durante o tempo em que viveu no Brasil, especialmente no sert\u00e3o do Cear\u00e1, Francis se reconectou com a natureza, a simplicidade e a for\u00e7a das emo\u00e7\u00f5es genu\u00ednas. Inspirado pelo canto dos p\u00e1ssaros, pelas saudades e pelos reencontros, a m\u00fasica passou a pulsar ainda mais forte em sua alma. Mesmo diante de desafios e ingratid\u00f5es, Francis se manteve fiel \u00e0 sua ess\u00eancia. Sua m\u00fasica \u00e9 elo entre o homem e o artista que escolheu ser: uma fus\u00e3o das ra\u00edzes portuguesas com a alma brasileira. Seu som \u00e9 \u00fanico, sens\u00edvel e cheio de identidade.Hoje, Francis Portugal canta o que sente &#8211; com verdade. Suas composi\u00e7\u00f5es s\u00e3o pontes que unem dist\u00e2ncias, tocam cora\u00e7\u00f5es e transformam caminhos. Mais do que notas e acordes, ele entrega emo\u00e7\u00e3o. M\u00fasica, Vida e Televis\u00e3o Francis traz em sua trajet\u00f3ria uma rara combina\u00e7\u00e3o de talento, versatilidade e amor pela vida. Participou de diversos programas na TV Di\u00e1rio (afiliada da TV Verdes Mares \/ Grupo Globo), onde teve espa\u00e7o para mostrar sua voz, atuar como jurado e contribuir com novos talentos da m\u00fasica. Tamb\u00e9m participou de uma novela da emissora, revelando sua versatilidade art\u00edstica.Atualmente, dedica-se \u00e0 medicina esportiva, ap\u00f3s anos atuando como m\u00e9dico emergencista e plantonista &#8211; lidando de perto com os limites entre a vida e a morte. A m\u00fasica, no entanto, segue firme: sua paix\u00e3o maior e um prop\u00f3sito que continua a alimentar com amor e dedica\u00e7\u00e3o. Inspira\u00e7\u00f5es Musicais Sonho de Duetos Entre seus sonhos mais intensos, est\u00e3o duetos com verdadeiras lendas da m\u00fasica brasileira:\" \/>\n<meta property=\"og:url\" content=\"https:\/\/portal135.com.br\/?p=2387\" \/>\n<meta property=\"og:site_name\" content=\"Portal 135\" \/>\n<meta property=\"article:published_time\" content=\"2025-06-18T01:59:43+00:00\" \/>\n<meta property=\"og:image\" content=\"https:\/\/portal135.com.br\/wp-content\/uploads\/2025\/06\/1003998061.png\" \/>\n\t<meta property=\"og:image:width\" content=\"1080\" \/>\n\t<meta property=\"og:image:height\" content=\"1080\" \/>\n\t<meta property=\"og:image:type\" content=\"image\/png\" \/>\n<meta name=\"author\" content=\"Altair Campos\" \/>\n<meta name=\"twitter:card\" content=\"summary_large_image\" \/>\n<meta name=\"twitter:label1\" content=\"Escrito por\" \/>\n\t<meta name=\"twitter:data1\" content=\"Altair Campos\" \/>\n\t<meta name=\"twitter:label2\" content=\"Est. tempo de leitura\" \/>\n\t<meta name=\"twitter:data2\" content=\"3 minutos\" \/>\n<script type=\"application\/ld+json\" class=\"yoast-schema-graph\">{\"@context\":\"https:\\\/\\\/schema.org\",\"@graph\":[{\"@type\":\"Article\",\"@id\":\"https:\\\/\\\/portal135.com.br\\\/?p=2387#article\",\"isPartOf\":{\"@id\":\"https:\\\/\\\/portal135.com.br\\\/?p=2387\"},\"author\":{\"name\":\"Altair Campos\",\"@id\":\"https:\\\/\\\/portal135.com.br\\\/#\\\/schema\\\/person\\\/98d657cdbd52d9a3cc926f416862beb1\"},\"headline\":\"Francis Portugal &#8211; A M\u00fasica que Conecta Almas\",\"datePublished\":\"2025-06-18T01:59:43+00:00\",\"mainEntityOfPage\":{\"@id\":\"https:\\\/\\\/portal135.com.br\\\/?p=2387\"},\"wordCount\":498,\"commentCount\":0,\"publisher\":{\"@id\":\"https:\\\/\\\/portal135.com.br\\\/#organization\"},\"image\":{\"@id\":\"https:\\\/\\\/portal135.com.br\\\/?p=2387#primaryimage\"},\"thumbnailUrl\":\"https:\\\/\\\/portal135.com.br\\\/wp-content\\\/uploads\\\/2025\\\/06\\\/1003998061.png\",\"keywords\":[\"doinhaprata\"],\"articleSection\":[\"Brasil\",\"Destaque\",\"Destaques da semana\",\"Internacional\",\"M\u00fasica\"],\"inLanguage\":\"pt-BR\",\"potentialAction\":[{\"@type\":\"CommentAction\",\"name\":\"Comment\",\"target\":[\"https:\\\/\\\/portal135.com.br\\\/?p=2387#respond\"]}]},{\"@type\":\"WebPage\",\"@id\":\"https:\\\/\\\/portal135.com.br\\\/?p=2387\",\"url\":\"https:\\\/\\\/portal135.com.br\\\/?p=2387\",\"name\":\"Francis Portugal - A M\u00fasica que Conecta Almas\",\"isPartOf\":{\"@id\":\"https:\\\/\\\/portal135.com.br\\\/#website\"},\"primaryImageOfPage\":{\"@id\":\"https:\\\/\\\/portal135.com.br\\\/?p=2387#primaryimage\"},\"image\":{\"@id\":\"https:\\\/\\\/portal135.com.br\\\/?p=2387#primaryimage\"},\"thumbnailUrl\":\"https:\\\/\\\/portal135.com.br\\\/wp-content\\\/uploads\\\/2025\\\/06\\\/1003998061.png\",\"datePublished\":\"2025-06-18T01:59:43+00:00\",\"breadcrumb\":{\"@id\":\"https:\\\/\\\/portal135.com.br\\\/?p=2387#breadcrumb\"},\"inLanguage\":\"pt-BR\",\"potentialAction\":[{\"@type\":\"ReadAction\",\"target\":[\"https:\\\/\\\/portal135.com.br\\\/?p=2387\"]}]},{\"@type\":\"ImageObject\",\"inLanguage\":\"pt-BR\",\"@id\":\"https:\\\/\\\/portal135.com.br\\\/?p=2387#primaryimage\",\"url\":\"https:\\\/\\\/portal135.com.br\\\/wp-content\\\/uploads\\\/2025\\\/06\\\/1003998061.png\",\"contentUrl\":\"https:\\\/\\\/portal135.com.br\\\/wp-content\\\/uploads\\\/2025\\\/06\\\/1003998061.png\",\"width\":1080,\"height\":1080},{\"@type\":\"BreadcrumbList\",\"@id\":\"https:\\\/\\\/portal135.com.br\\\/?p=2387#breadcrumb\",\"itemListElement\":[{\"@type\":\"ListItem\",\"position\":1,\"name\":\"In\u00edcio\",\"item\":\"https:\\\/\\\/portal135.com.br\\\/\"},{\"@type\":\"ListItem\",\"position\":2,\"name\":\"Francis Portugal &#8211; A M\u00fasica que Conecta Almas\"}]},{\"@type\":\"WebSite\",\"@id\":\"https:\\\/\\\/portal135.com.br\\\/#website\",\"url\":\"https:\\\/\\\/portal135.com.br\\\/\",\"name\":\"Portal 135\",\"description\":\"Portal de Not\u00edcias\",\"publisher\":{\"@id\":\"https:\\\/\\\/portal135.com.br\\\/#organization\"},\"potentialAction\":[{\"@type\":\"SearchAction\",\"target\":{\"@type\":\"EntryPoint\",\"urlTemplate\":\"https:\\\/\\\/portal135.com.br\\\/?s={search_term_string}\"},\"query-input\":{\"@type\":\"PropertyValueSpecification\",\"valueRequired\":true,\"valueName\":\"search_term_string\"}}],\"inLanguage\":\"pt-BR\"},{\"@type\":\"Organization\",\"@id\":\"https:\\\/\\\/portal135.com.br\\\/#organization\",\"name\":\"Portal 135\",\"url\":\"https:\\\/\\\/portal135.com.br\\\/\",\"logo\":{\"@type\":\"ImageObject\",\"inLanguage\":\"pt-BR\",\"@id\":\"https:\\\/\\\/portal135.com.br\\\/#\\\/schema\\\/logo\\\/image\\\/\",\"url\":\"https:\\\/\\\/portal135.com.br\\\/wp-content\\\/uploads\\\/2024\\\/09\\\/1000030041-removebg-preview.png\",\"contentUrl\":\"https:\\\/\\\/portal135.com.br\\\/wp-content\\\/uploads\\\/2024\\\/09\\\/1000030041-removebg-preview.png\",\"width\":500,\"height\":500,\"caption\":\"Portal 135\"},\"image\":{\"@id\":\"https:\\\/\\\/portal135.com.br\\\/#\\\/schema\\\/logo\\\/image\\\/\"}},{\"@type\":\"Person\",\"@id\":\"https:\\\/\\\/portal135.com.br\\\/#\\\/schema\\\/person\\\/98d657cdbd52d9a3cc926f416862beb1\",\"name\":\"Altair Campos\",\"image\":{\"@type\":\"ImageObject\",\"inLanguage\":\"pt-BR\",\"@id\":\"https:\\\/\\\/secure.gravatar.com\\\/avatar\\\/8a9599fdd86ece5ffa51ff6e8fb6144ac80e101aebface28bb54b7872e314373?s=96&d=mm&r=g\",\"url\":\"https:\\\/\\\/secure.gravatar.com\\\/avatar\\\/8a9599fdd86ece5ffa51ff6e8fb6144ac80e101aebface28bb54b7872e314373?s=96&d=mm&r=g\",\"contentUrl\":\"https:\\\/\\\/secure.gravatar.com\\\/avatar\\\/8a9599fdd86ece5ffa51ff6e8fb6144ac80e101aebface28bb54b7872e314373?s=96&d=mm&r=g\",\"caption\":\"Altair Campos\"},\"url\":\"https:\\\/\\\/portal135.com.br\\\/?author=6\"}]}<\/script>\n<!-- \/ Yoast SEO plugin. -->","yoast_head_json":{"title":"Francis Portugal - A M\u00fasica que Conecta Almas","robots":{"index":"index","follow":"follow","max-snippet":"max-snippet:-1","max-image-preview":"max-image-preview:large","max-video-preview":"max-video-preview:-1"},"canonical":"https:\/\/portal135.com.br\/?p=2387","og_locale":"pt_BR","og_type":"article","og_title":"Francis Portugal - A M\u00fasica que Conecta Almas","og_description":"Francis Portugal \u00e9 muito mais do que um cantor e compositor. \u00c9 um contador de hist\u00f3rias que transforma viv\u00eancia em melodia, mem\u00f3ria em can\u00e7\u00e3o.Nascido em Portugal, cresceu entre campos e vinhedos, onde aprendeu que at\u00e9 o sil\u00eancio da terra carrega ritmo. Desde cedo, desenvolveu a sensibilidade de quem escuta o mundo com o cora\u00e7\u00e3o. Apesar de seguir a medicina como miss\u00e3o de vida, foi na m\u00fasica que descobriu sua paix\u00e3o mais profunda.Entre consultas e palcos, entendeu que curar tamb\u00e9m \u00e9 cantar \u2014 e que a voz pode alcan\u00e7ar lugares onde as palavras n\u00e3o chegam.Durante o tempo em que viveu no Brasil, especialmente no sert\u00e3o do Cear\u00e1, Francis se reconectou com a natureza, a simplicidade e a for\u00e7a das emo\u00e7\u00f5es genu\u00ednas. Inspirado pelo canto dos p\u00e1ssaros, pelas saudades e pelos reencontros, a m\u00fasica passou a pulsar ainda mais forte em sua alma. Mesmo diante de desafios e ingratid\u00f5es, Francis se manteve fiel \u00e0 sua ess\u00eancia. Sua m\u00fasica \u00e9 elo entre o homem e o artista que escolheu ser: uma fus\u00e3o das ra\u00edzes portuguesas com a alma brasileira. Seu som \u00e9 \u00fanico, sens\u00edvel e cheio de identidade.Hoje, Francis Portugal canta o que sente &#8211; com verdade. Suas composi\u00e7\u00f5es s\u00e3o pontes que unem dist\u00e2ncias, tocam cora\u00e7\u00f5es e transformam caminhos. Mais do que notas e acordes, ele entrega emo\u00e7\u00e3o. M\u00fasica, Vida e Televis\u00e3o Francis traz em sua trajet\u00f3ria uma rara combina\u00e7\u00e3o de talento, versatilidade e amor pela vida. Participou de diversos programas na TV Di\u00e1rio (afiliada da TV Verdes Mares \/ Grupo Globo), onde teve espa\u00e7o para mostrar sua voz, atuar como jurado e contribuir com novos talentos da m\u00fasica. Tamb\u00e9m participou de uma novela da emissora, revelando sua versatilidade art\u00edstica.Atualmente, dedica-se \u00e0 medicina esportiva, ap\u00f3s anos atuando como m\u00e9dico emergencista e plantonista &#8211; lidando de perto com os limites entre a vida e a morte. A m\u00fasica, no entanto, segue firme: sua paix\u00e3o maior e um prop\u00f3sito que continua a alimentar com amor e dedica\u00e7\u00e3o. Inspira\u00e7\u00f5es Musicais Sonho de Duetos Entre seus sonhos mais intensos, est\u00e3o duetos com verdadeiras lendas da m\u00fasica brasileira:","og_url":"https:\/\/portal135.com.br\/?p=2387","og_site_name":"Portal 135","article_published_time":"2025-06-18T01:59:43+00:00","og_image":[{"width":1080,"height":1080,"url":"https:\/\/portal135.com.br\/wp-content\/uploads\/2025\/06\/1003998061.png","type":"image\/png"}],"author":"Altair Campos","twitter_card":"summary_large_image","twitter_misc":{"Escrito por":"Altair Campos","Est. tempo de leitura":"3 minutos"},"schema":{"@context":"https:\/\/schema.org","@graph":[{"@type":"Article","@id":"https:\/\/portal135.com.br\/?p=2387#article","isPartOf":{"@id":"https:\/\/portal135.com.br\/?p=2387"},"author":{"name":"Altair Campos","@id":"https:\/\/portal135.com.br\/#\/schema\/person\/98d657cdbd52d9a3cc926f416862beb1"},"headline":"Francis Portugal &#8211; A M\u00fasica que Conecta Almas","datePublished":"2025-06-18T01:59:43+00:00","mainEntityOfPage":{"@id":"https:\/\/portal135.com.br\/?p=2387"},"wordCount":498,"commentCount":0,"publisher":{"@id":"https:\/\/portal135.com.br\/#organization"},"image":{"@id":"https:\/\/portal135.com.br\/?p=2387#primaryimage"},"thumbnailUrl":"https:\/\/portal135.com.br\/wp-content\/uploads\/2025\/06\/1003998061.png","keywords":["doinhaprata"],"articleSection":["Brasil","Destaque","Destaques da semana","Internacional","M\u00fasica"],"inLanguage":"pt-BR","potentialAction":[{"@type":"CommentAction","name":"Comment","target":["https:\/\/portal135.com.br\/?p=2387#respond"]}]},{"@type":"WebPage","@id":"https:\/\/portal135.com.br\/?p=2387","url":"https:\/\/portal135.com.br\/?p=2387","name":"Francis Portugal - A M\u00fasica que Conecta Almas","isPartOf":{"@id":"https:\/\/portal135.com.br\/#website"},"primaryImageOfPage":{"@id":"https:\/\/portal135.com.br\/?p=2387#primaryimage"},"image":{"@id":"https:\/\/portal135.com.br\/?p=2387#primaryimage"},"thumbnailUrl":"https:\/\/portal135.com.br\/wp-content\/uploads\/2025\/06\/1003998061.png","datePublished":"2025-06-18T01:59:43+00:00","breadcrumb":{"@id":"https:\/\/portal135.com.br\/?p=2387#breadcrumb"},"inLanguage":"pt-BR","potentialAction":[{"@type":"ReadAction","target":["https:\/\/portal135.com.br\/?p=2387"]}]},{"@type":"ImageObject","inLanguage":"pt-BR","@id":"https:\/\/portal135.com.br\/?p=2387#primaryimage","url":"https:\/\/portal135.com.br\/wp-content\/uploads\/2025\/06\/1003998061.png","contentUrl":"https:\/\/portal135.com.br\/wp-content\/uploads\/2025\/06\/1003998061.png","width":1080,"height":1080},{"@type":"BreadcrumbList","@id":"https:\/\/portal135.com.br\/?p=2387#breadcrumb","itemListElement":[{"@type":"ListItem","position":1,"name":"In\u00edcio","item":"https:\/\/portal135.com.br\/"},{"@type":"ListItem","position":2,"name":"Francis Portugal &#8211; A M\u00fasica que Conecta Almas"}]},{"@type":"WebSite","@id":"https:\/\/portal135.com.br\/#website","url":"https:\/\/portal135.com.br\/","name":"Portal 135","description":"Portal de Not\u00edcias","publisher":{"@id":"https:\/\/portal135.com.br\/#organization"},"potentialAction":[{"@type":"SearchAction","target":{"@type":"EntryPoint","urlTemplate":"https:\/\/portal135.com.br\/?s={search_term_string}"},"query-input":{"@type":"PropertyValueSpecification","valueRequired":true,"valueName":"search_term_string"}}],"inLanguage":"pt-BR"},{"@type":"Organization","@id":"https:\/\/portal135.com.br\/#organization","name":"Portal 135","url":"https:\/\/portal135.com.br\/","logo":{"@type":"ImageObject","inLanguage":"pt-BR","@id":"https:\/\/portal135.com.br\/#\/schema\/logo\/image\/","url":"https:\/\/portal135.com.br\/wp-content\/uploads\/2024\/09\/1000030041-removebg-preview.png","contentUrl":"https:\/\/portal135.com.br\/wp-content\/uploads\/2024\/09\/1000030041-removebg-preview.png","width":500,"height":500,"caption":"Portal 135"},"image":{"@id":"https:\/\/portal135.com.br\/#\/schema\/logo\/image\/"}},{"@type":"Person","@id":"https:\/\/portal135.com.br\/#\/schema\/person\/98d657cdbd52d9a3cc926f416862beb1","name":"Altair Campos","image":{"@type":"ImageObject","inLanguage":"pt-BR","@id":"https:\/\/secure.gravatar.com\/avatar\/8a9599fdd86ece5ffa51ff6e8fb6144ac80e101aebface28bb54b7872e314373?s=96&d=mm&r=g","url":"https:\/\/secure.gravatar.com\/avatar\/8a9599fdd86ece5ffa51ff6e8fb6144ac80e101aebface28bb54b7872e314373?s=96&d=mm&r=g","contentUrl":"https:\/\/secure.gravatar.com\/avatar\/8a9599fdd86ece5ffa51ff6e8fb6144ac80e101aebface28bb54b7872e314373?s=96&d=mm&r=g","caption":"Altair Campos"},"url":"https:\/\/portal135.com.br\/?author=6"}]}},"_links":{"self":[{"href":"https:\/\/portal135.com.br\/index.php?rest_route=\/wp\/v2\/posts\/2387","targetHints":{"allow":["GET"]}}],"collection":[{"href":"https:\/\/portal135.com.br\/index.php?rest_route=\/wp\/v2\/posts"}],"about":[{"href":"https:\/\/portal135.com.br\/index.php?rest_route=\/wp\/v2\/types\/post"}],"author":[{"embeddable":true,"href":"https:\/\/portal135.com.br\/index.php?rest_route=\/wp\/v2\/users\/6"}],"replies":[{"embeddable":true,"href":"https:\/\/portal135.com.br\/index.php?rest_route=%2Fwp%2Fv2%2Fcomments&post=2387"}],"version-history":[{"count":1,"href":"https:\/\/portal135.com.br\/index.php?rest_route=\/wp\/v2\/posts\/2387\/revisions"}],"predecessor-version":[{"id":2391,"href":"https:\/\/portal135.com.br\/index.php?rest_route=\/wp\/v2\/posts\/2387\/revisions\/2391"}],"wp:featuredmedia":[{"embeddable":true,"href":"https:\/\/portal135.com.br\/index.php?rest_route=\/wp\/v2\/media\/2390"}],"wp:attachment":[{"href":"https:\/\/portal135.com.br\/index.php?rest_route=%2Fwp%2Fv2%2Fmedia&parent=2387"}],"wp:term":[{"taxonomy":"category","embeddable":true,"href":"https:\/\/portal135.com.br\/index.php?rest_route=%2Fwp%2Fv2%2Fcategories&post=2387"},{"taxonomy":"post_tag","embeddable":true,"href":"https:\/\/portal135.com.br\/index.php?rest_route=%2Fwp%2Fv2%2Ftags&post=2387"}],"curies":[{"name":"wp","href":"https:\/\/api.w.org\/{rel}","templated":true}]}}