{"id":1751,"date":"2025-03-07T04:00:00","date_gmt":"2025-03-07T04:00:00","guid":{"rendered":"https:\/\/portal135.com.br\/?p=1751"},"modified":"2025-03-06T15:44:13","modified_gmt":"2025-03-06T15:44:13","slug":"ana-canas-almerio-roberta-sa-e-lo-borges-sao-os-convidados-da-nona-edicao-do-projeto-uma-voz-um-instrumento","status":"publish","type":"post","link":"https:\/\/portal135.com.br\/?p=1751","title":{"rendered":"ANA CA\u00d1AS, ALM\u00c9RIO, ROBERTA S\u00c1 E L\u00d4 BORGES S\u00c3O OS CONVIDADOS DA NONA EDI\u00c7\u00c3O DO PROJETO \u201cUMA VOZ, UM INSTRUMENTO\u201d"},"content":{"rendered":"\n<p><strong>AnaCa\u00f1as &#8211; Foto: Marcus Steinmeyer.<\/strong><\/p>\n\n\n\n<p class=\"has-text-align-center\"><em><strong>Ana Ca\u00f1as abre a temporada<\/strong><strong> no dia 21 de mar\u00e7o (sexta-feira), \u00e0s 20h, com um show in\u00e9dito criado para o projeto. Os ingressos, R$ 50,00 (inteira), est\u00e3o \u00e0 venda nas bilheterias do teatro do Centro Cultural Unimed \u2013 BH Minas e sympla.com.br (<a href=\"https:\/\/bileto.sympla.com.br\/event\/103814\">https:\/\/bileto.sympla.com.br\/event\/103814<\/a>)<\/strong><\/em><\/p>\n\n\n\n<p><strong>A edi\u00e7\u00e3o 2025 do projeto \u201cUma voz, um instrumento\u201d celebra os 90 anos do Minas T\u00eanis Clube, e prop\u00f5e um di\u00e1logo com a m\u00fasica popular brasileira contempor\u00e2nea, aqui representada por potentes nomes. Dos quatro shows programados, dois foram criados para o projeto <\/strong><strong>(Ana Ca\u00f1as e Alm\u00e9rio), <\/strong><strong>e dois s\u00e3o in\u00e9ditos em Belo Horizonte <\/strong><strong>(L\u00f4 Borges e Roberta S\u00e1).<\/strong><\/p>\n\n\n\n<p><strong>ANA CA\u00d1AS \u2013 SHOW IN\u00c9DITO<\/strong><\/p>\n\n\n\n<p><strong>Acompanhada pelos m\u00fasicos Fab\u00e1 Jimenez<\/strong> (baixo) e Douglas Maiochi (percuss\u00e3o), Ana Ca\u00f1as <strong>(voz e viol\u00e3o)<\/strong> far\u00e1 releituras personal\u00edssimas para cl\u00e1ssicos de Cazuza, Rita Lee, Renato Russo, Tim Maia e Belchior &#8211; homenageado na vitoriosa turn\u00ea que passou por mais de 180 palcos, Brasil adentro-. Al\u00e9m de can\u00e7\u00f5es autorais conhecidas do grande p\u00fablico.<\/p>\n\n\n\n<p><strong><em>\u201cPara esse show em BH, coloquei no repert\u00f3rio algumas can\u00e7\u00f5es ic\u00f4nicas de compositores mineiros que sempre me emocionaram, principalmente o pessoal do Clube da Esquina. Recentemente gravei uma faixa no \u00e1lbum novo do Fl\u00e1vio Venturini e, de forma geral, tenho me aproximado muito da m\u00fasica de Minas Gerais. Senti que esse show seria uma oportunidade muito especial de apresentar algumas dessas can\u00e7\u00f5es<\/em><\/strong>\u201d, afirma a artista.<\/p>\n\n\n\n<p><strong>SOBRE O PROJETO<\/strong><\/p>\n\n\n\n<p>&nbsp;\u201cUma voz, um instrumento\u201d, criado em 2016 pelo gestor\/produtor cultural e diretor art\u00edstico Pedrinho Alves Madeira, e sempre realizado em parceria com o Minas T\u00eanis Clube, tem como proposta apresentar shows no formato ac\u00fastico, com o artista acompanhando-se ou tendo mais dois m\u00fasicos como parceiros de palco. Zizi Possi, M\u00f4nica Salmaso, Paulinho Moska, Marcelo Jeneci, Tulipa Ruiz, X\u00eania Fran\u00e7a, Angela Ro Ro, Jo\u00e3o Donato, Zez\u00e9 Motta, V\u00e2nia Bastos, Z\u00e9 Renato, Z\u00e9lia Duncan, Edson Cordeiro, Angela Maria, Teresa Cristina, Faf\u00e1 de Bel\u00e9m, Ed Motta, Amelinha, Paulo Miklos e Z\u00e9 Manoel, s\u00e3o alguns dos nomes que j\u00e1 se apresentaram no bem sucedido projeto<strong>.<\/strong><\/p>\n\n\n\n<p><strong>PROGRAMA\u00c7\u00c3O \u2013 2025<\/strong><\/p>\n\n\n\n<p><strong>21 de mar\u00e7o = Ana Ca\u00f1as<\/strong><\/p>\n\n\n\n<p><strong>Show in\u00e9dito<\/strong><\/p>\n\n\n\n<p><strong>03 de abril = Alm\u00e9rio<\/strong><\/p>\n\n\n\n<p><strong>Show in\u00e9dito<\/strong><\/p>\n\n\n\n<p><strong>29 de maio = L\u00f4 Borges<\/strong><\/p>\n\n\n\n<p><strong>Show in\u00e9dito<\/strong><\/p>\n\n\n\n<p><strong>12 de junho = Roberta S\u00e1<\/strong><\/p>\n\n\n\n<p><strong>Show in\u00e9dito<\/strong><\/p>\n\n\n\n<p><strong>\u201cUMA VOZ, UM INSTRUMENTO\u201d APRESENTA ANA CA\u00d1AS<\/strong><\/p>\n\n\n\n<p><strong>Data: 21 de mar\u00e7o (sexta-feira)&nbsp;<\/strong><\/p>\n\n\n\n<p><strong>Hor\u00e1rio: 20 horas<\/strong><\/p>\n\n\n\n<p><strong>Local: Centro Cultural Unimed \u2013 BH Minas&nbsp;(Rua da Bahia, 2244 &#8211; Lourdes)<\/strong><\/p>\n\n\n\n<p><strong>Ingressos: R$ 50,00 (inteira) \/ R$ 25,00 (meia) &#8211;&nbsp; Bilheterias do teatro e no site sympla.com.br<\/strong><\/p>\n\n\n\n<figure class=\"wp-block-embed\"><div class=\"wp-block-embed__wrapper\">\nhttps:\/\/bileto.sympla.com.br\/event\/103814\n<\/div><\/figure>\n\n\n\n<p><strong>Classifica\u00e7\u00e3o: Livre<\/strong><\/p>\n\n\n\n<p><strong>Outras informa\u00e7\u00f5es: (31) 3516-1360 \/ minastenisclube.com.br\/cultura<\/strong><\/p>\n\n\n\n<p><strong>Cria\u00e7\u00e3o, Produ\u00e7\u00e3o e Comunica\u00e7\u00e3o: Alves Madeira Comunica\u00e7\u00e3o e Produ\u00e7\u00e3o<\/strong><\/p>\n\n\n\n<p><strong>Realiza\u00e7\u00e3o: CENTRO CULTURAL UNIMED-BH MINAS<\/strong><\/p>\n","protected":false},"excerpt":{"rendered":"<p>AnaCa\u00f1as &#8211; Foto: Marcus Steinmeyer. Ana Ca\u00f1as abre a temporada no dia 21 de mar\u00e7o (sexta-feira), \u00e0s 20h, com um show in\u00e9dito criado para o projeto. Os ingressos, R$ 50,00 (inteira), est\u00e3o \u00e0 venda nas bilheterias do teatro do Centro Cultural Unimed \u2013 BH Minas e sympla.com.br (https:\/\/bileto.sympla.com.br\/event\/103814) A edi\u00e7\u00e3o 2025 do projeto \u201cUma voz, um instrumento\u201d celebra os 90 anos do Minas T\u00eanis Clube, e prop\u00f5e um di\u00e1logo com a m\u00fasica popular brasileira contempor\u00e2nea, aqui representada por potentes nomes. Dos quatro shows programados, dois foram criados para o projeto (Ana Ca\u00f1as e Alm\u00e9rio), e dois s\u00e3o in\u00e9ditos em Belo Horizonte (L\u00f4 Borges e Roberta S\u00e1). ANA CA\u00d1AS \u2013 SHOW IN\u00c9DITO Acompanhada pelos m\u00fasicos Fab\u00e1 Jimenez (baixo) e Douglas Maiochi (percuss\u00e3o), Ana Ca\u00f1as (voz e viol\u00e3o) far\u00e1 releituras personal\u00edssimas para cl\u00e1ssicos de Cazuza, Rita Lee, Renato Russo, Tim Maia e Belchior &#8211; homenageado na vitoriosa turn\u00ea que passou por mais de 180 palcos, Brasil adentro-. Al\u00e9m de can\u00e7\u00f5es autorais conhecidas do grande p\u00fablico. \u201cPara esse show em BH, coloquei no repert\u00f3rio algumas can\u00e7\u00f5es ic\u00f4nicas de compositores mineiros que sempre me emocionaram, principalmente o pessoal do Clube da Esquina. Recentemente gravei uma faixa no \u00e1lbum novo do Fl\u00e1vio Venturini e, de forma geral, tenho me aproximado muito da m\u00fasica de Minas Gerais. Senti que esse show seria uma oportunidade muito especial de apresentar algumas dessas can\u00e7\u00f5es\u201d, afirma a artista. SOBRE O PROJETO &nbsp;\u201cUma voz, um instrumento\u201d, criado em 2016 pelo gestor\/produtor cultural e diretor art\u00edstico Pedrinho Alves Madeira, e sempre realizado em parceria com o Minas T\u00eanis Clube, tem como proposta apresentar shows no formato ac\u00fastico, com o artista acompanhando-se ou tendo mais dois m\u00fasicos como parceiros de palco. Zizi Possi, M\u00f4nica Salmaso, Paulinho Moska, Marcelo Jeneci, Tulipa Ruiz, X\u00eania Fran\u00e7a, Angela Ro Ro, Jo\u00e3o Donato, Zez\u00e9 Motta, V\u00e2nia Bastos, Z\u00e9 Renato, Z\u00e9lia Duncan, Edson Cordeiro, Angela Maria, Teresa Cristina, Faf\u00e1 de Bel\u00e9m, Ed Motta, Amelinha, Paulo Miklos e Z\u00e9 Manoel, s\u00e3o alguns dos nomes que j\u00e1 se apresentaram no bem sucedido projeto. PROGRAMA\u00c7\u00c3O \u2013 2025 21 de mar\u00e7o = Ana Ca\u00f1as Show in\u00e9dito 03 de abril = Alm\u00e9rio Show in\u00e9dito 29 de maio = L\u00f4 Borges Show in\u00e9dito 12 de junho = Roberta S\u00e1 Show in\u00e9dito \u201cUMA VOZ, UM INSTRUMENTO\u201d APRESENTA ANA CA\u00d1AS Data: 21 de mar\u00e7o (sexta-feira)&nbsp; Hor\u00e1rio: 20 horas Local: Centro Cultural Unimed \u2013 BH Minas&nbsp;(Rua da Bahia, 2244 &#8211; Lourdes) Ingressos: R$ 50,00 (inteira) \/ R$ 25,00 (meia) &#8211;&nbsp; Bilheterias do teatro e no site sympla.com.br Classifica\u00e7\u00e3o: Livre Outras informa\u00e7\u00f5es: (31) 3516-1360 \/ minastenisclube.com.br\/cultura Cria\u00e7\u00e3o, Produ\u00e7\u00e3o e Comunica\u00e7\u00e3o: Alves Madeira Comunica\u00e7\u00e3o e Produ\u00e7\u00e3o Realiza\u00e7\u00e3o: CENTRO CULTURAL UNIMED-BH MINAS<\/p>\n","protected":false},"author":5,"featured_media":1752,"comment_status":"open","ping_status":"open","sticky":true,"template":"","format":"standard","meta":{"footnotes":""},"categories":[32,25,30,34],"tags":[],"class_list":["post-1751","post","type-post","status-publish","format-standard","has-post-thumbnail","hentry","category-brasil","category-eventos","category-minas-gerais","category-shows-em-bh"],"yoast_head":"<!-- This site is optimized with the Yoast SEO plugin v27.3 - https:\/\/yoast.com\/product\/yoast-seo-wordpress\/ -->\n<title>ANA CA\u00d1AS, ALM\u00c9RIO, ROBERTA S\u00c1 E L\u00d4 BORGES S\u00c3O OS CONVIDADOS DA NONA EDI\u00c7\u00c3O DO PROJETO \u201cUMA VOZ, UM INSTRUMENTO\u201d<\/title>\n<meta name=\"robots\" content=\"index, follow, max-snippet:-1, max-image-preview:large, max-video-preview:-1\" \/>\n<link rel=\"canonical\" href=\"https:\/\/portal135.com.br\/?p=1751\" \/>\n<meta property=\"og:locale\" content=\"pt_BR\" \/>\n<meta property=\"og:type\" content=\"article\" \/>\n<meta property=\"og:title\" content=\"ANA CA\u00d1AS, ALM\u00c9RIO, ROBERTA S\u00c1 E L\u00d4 BORGES S\u00c3O OS CONVIDADOS DA NONA EDI\u00c7\u00c3O DO PROJETO \u201cUMA VOZ, UM INSTRUMENTO\u201d\" \/>\n<meta property=\"og:description\" content=\"AnaCa\u00f1as &#8211; Foto: Marcus Steinmeyer. Ana Ca\u00f1as abre a temporada no dia 21 de mar\u00e7o (sexta-feira), \u00e0s 20h, com um show in\u00e9dito criado para o projeto. Os ingressos, R$ 50,00 (inteira), est\u00e3o \u00e0 venda nas bilheterias do teatro do Centro Cultural Unimed \u2013 BH Minas e sympla.com.br (https:\/\/bileto.sympla.com.br\/event\/103814) A edi\u00e7\u00e3o 2025 do projeto \u201cUma voz, um instrumento\u201d celebra os 90 anos do Minas T\u00eanis Clube, e prop\u00f5e um di\u00e1logo com a m\u00fasica popular brasileira contempor\u00e2nea, aqui representada por potentes nomes. Dos quatro shows programados, dois foram criados para o projeto (Ana Ca\u00f1as e Alm\u00e9rio), e dois s\u00e3o in\u00e9ditos em Belo Horizonte (L\u00f4 Borges e Roberta S\u00e1). ANA CA\u00d1AS \u2013 SHOW IN\u00c9DITO Acompanhada pelos m\u00fasicos Fab\u00e1 Jimenez (baixo) e Douglas Maiochi (percuss\u00e3o), Ana Ca\u00f1as (voz e viol\u00e3o) far\u00e1 releituras personal\u00edssimas para cl\u00e1ssicos de Cazuza, Rita Lee, Renato Russo, Tim Maia e Belchior &#8211; homenageado na vitoriosa turn\u00ea que passou por mais de 180 palcos, Brasil adentro-. Al\u00e9m de can\u00e7\u00f5es autorais conhecidas do grande p\u00fablico. \u201cPara esse show em BH, coloquei no repert\u00f3rio algumas can\u00e7\u00f5es ic\u00f4nicas de compositores mineiros que sempre me emocionaram, principalmente o pessoal do Clube da Esquina. Recentemente gravei uma faixa no \u00e1lbum novo do Fl\u00e1vio Venturini e, de forma geral, tenho me aproximado muito da m\u00fasica de Minas Gerais. Senti que esse show seria uma oportunidade muito especial de apresentar algumas dessas can\u00e7\u00f5es\u201d, afirma a artista. SOBRE O PROJETO &nbsp;\u201cUma voz, um instrumento\u201d, criado em 2016 pelo gestor\/produtor cultural e diretor art\u00edstico Pedrinho Alves Madeira, e sempre realizado em parceria com o Minas T\u00eanis Clube, tem como proposta apresentar shows no formato ac\u00fastico, com o artista acompanhando-se ou tendo mais dois m\u00fasicos como parceiros de palco. Zizi Possi, M\u00f4nica Salmaso, Paulinho Moska, Marcelo Jeneci, Tulipa Ruiz, X\u00eania Fran\u00e7a, Angela Ro Ro, Jo\u00e3o Donato, Zez\u00e9 Motta, V\u00e2nia Bastos, Z\u00e9 Renato, Z\u00e9lia Duncan, Edson Cordeiro, Angela Maria, Teresa Cristina, Faf\u00e1 de Bel\u00e9m, Ed Motta, Amelinha, Paulo Miklos e Z\u00e9 Manoel, s\u00e3o alguns dos nomes que j\u00e1 se apresentaram no bem sucedido projeto. PROGRAMA\u00c7\u00c3O \u2013 2025 21 de mar\u00e7o = Ana Ca\u00f1as Show in\u00e9dito 03 de abril = Alm\u00e9rio Show in\u00e9dito 29 de maio = L\u00f4 Borges Show in\u00e9dito 12 de junho = Roberta S\u00e1 Show in\u00e9dito \u201cUMA VOZ, UM INSTRUMENTO\u201d APRESENTA ANA CA\u00d1AS Data: 21 de mar\u00e7o (sexta-feira)&nbsp; Hor\u00e1rio: 20 horas Local: Centro Cultural Unimed \u2013 BH Minas&nbsp;(Rua da Bahia, 2244 &#8211; Lourdes) Ingressos: R$ 50,00 (inteira) \/ R$ 25,00 (meia) &#8211;&nbsp; Bilheterias do teatro e no site sympla.com.br Classifica\u00e7\u00e3o: Livre Outras informa\u00e7\u00f5es: (31) 3516-1360 \/ minastenisclube.com.br\/cultura Cria\u00e7\u00e3o, Produ\u00e7\u00e3o e Comunica\u00e7\u00e3o: Alves Madeira Comunica\u00e7\u00e3o e Produ\u00e7\u00e3o Realiza\u00e7\u00e3o: CENTRO CULTURAL UNIMED-BH MINAS\" \/>\n<meta property=\"og:url\" content=\"https:\/\/portal135.com.br\/?p=1751\" \/>\n<meta property=\"og:site_name\" content=\"Portal 135\" \/>\n<meta property=\"article:published_time\" content=\"2025-03-07T04:00:00+00:00\" \/>\n<meta property=\"og:image\" content=\"https:\/\/portal135.com.br\/wp-content\/uploads\/2025\/03\/AnaCanas_FotoMarcusSteinmeyer_856A1625.jpg\" \/>\n\t<meta property=\"og:image:width\" content=\"800\" \/>\n\t<meta property=\"og:image:height\" content=\"510\" \/>\n\t<meta property=\"og:image:type\" content=\"image\/jpeg\" \/>\n<meta name=\"author\" content=\"Felipe De Jesus\" \/>\n<meta name=\"twitter:card\" content=\"summary_large_image\" \/>\n<meta name=\"twitter:label1\" content=\"Escrito por\" \/>\n\t<meta name=\"twitter:data1\" content=\"Felipe De Jesus\" \/>\n\t<meta name=\"twitter:label2\" content=\"Est. tempo de leitura\" \/>\n\t<meta name=\"twitter:data2\" content=\"3 minutos\" \/>\n<script type=\"application\/ld+json\" class=\"yoast-schema-graph\">{\"@context\":\"https:\\\/\\\/schema.org\",\"@graph\":[{\"@type\":\"Article\",\"@id\":\"https:\\\/\\\/portal135.com.br\\\/?p=1751#article\",\"isPartOf\":{\"@id\":\"https:\\\/\\\/portal135.com.br\\\/?p=1751\"},\"author\":{\"name\":\"Felipe De Jesus\",\"@id\":\"https:\\\/\\\/portal135.com.br\\\/#\\\/schema\\\/person\\\/8b1047d329adb7f2596093a79f5658e6\"},\"headline\":\"ANA CA\u00d1AS, ALM\u00c9RIO, ROBERTA S\u00c1 E L\u00d4 BORGES S\u00c3O OS CONVIDADOS DA NONA EDI\u00c7\u00c3O DO PROJETO \u201cUMA VOZ, UM INSTRUMENTO\u201d\",\"datePublished\":\"2025-03-07T04:00:00+00:00\",\"mainEntityOfPage\":{\"@id\":\"https:\\\/\\\/portal135.com.br\\\/?p=1751\"},\"wordCount\":514,\"commentCount\":0,\"publisher\":{\"@id\":\"https:\\\/\\\/portal135.com.br\\\/#organization\"},\"image\":{\"@id\":\"https:\\\/\\\/portal135.com.br\\\/?p=1751#primaryimage\"},\"thumbnailUrl\":\"https:\\\/\\\/portal135.com.br\\\/wp-content\\\/uploads\\\/2025\\\/03\\\/AnaCanas_FotoMarcusSteinmeyer_856A1625.jpg\",\"articleSection\":[\"Brasil\",\"Eventos\",\"Minas Gerais\",\"Shows em BH\"],\"inLanguage\":\"pt-BR\",\"potentialAction\":[{\"@type\":\"CommentAction\",\"name\":\"Comment\",\"target\":[\"https:\\\/\\\/portal135.com.br\\\/?p=1751#respond\"]}]},{\"@type\":\"WebPage\",\"@id\":\"https:\\\/\\\/portal135.com.br\\\/?p=1751\",\"url\":\"https:\\\/\\\/portal135.com.br\\\/?p=1751\",\"name\":\"ANA CA\u00d1AS, ALM\u00c9RIO, ROBERTA S\u00c1 E L\u00d4 BORGES S\u00c3O OS CONVIDADOS DA NONA EDI\u00c7\u00c3O DO PROJETO \u201cUMA VOZ, UM INSTRUMENTO\u201d\",\"isPartOf\":{\"@id\":\"https:\\\/\\\/portal135.com.br\\\/#website\"},\"primaryImageOfPage\":{\"@id\":\"https:\\\/\\\/portal135.com.br\\\/?p=1751#primaryimage\"},\"image\":{\"@id\":\"https:\\\/\\\/portal135.com.br\\\/?p=1751#primaryimage\"},\"thumbnailUrl\":\"https:\\\/\\\/portal135.com.br\\\/wp-content\\\/uploads\\\/2025\\\/03\\\/AnaCanas_FotoMarcusSteinmeyer_856A1625.jpg\",\"datePublished\":\"2025-03-07T04:00:00+00:00\",\"breadcrumb\":{\"@id\":\"https:\\\/\\\/portal135.com.br\\\/?p=1751#breadcrumb\"},\"inLanguage\":\"pt-BR\",\"potentialAction\":[{\"@type\":\"ReadAction\",\"target\":[\"https:\\\/\\\/portal135.com.br\\\/?p=1751\"]}]},{\"@type\":\"ImageObject\",\"inLanguage\":\"pt-BR\",\"@id\":\"https:\\\/\\\/portal135.com.br\\\/?p=1751#primaryimage\",\"url\":\"https:\\\/\\\/portal135.com.br\\\/wp-content\\\/uploads\\\/2025\\\/03\\\/AnaCanas_FotoMarcusSteinmeyer_856A1625.jpg\",\"contentUrl\":\"https:\\\/\\\/portal135.com.br\\\/wp-content\\\/uploads\\\/2025\\\/03\\\/AnaCanas_FotoMarcusSteinmeyer_856A1625.jpg\",\"width\":800,\"height\":510},{\"@type\":\"BreadcrumbList\",\"@id\":\"https:\\\/\\\/portal135.com.br\\\/?p=1751#breadcrumb\",\"itemListElement\":[{\"@type\":\"ListItem\",\"position\":1,\"name\":\"In\u00edcio\",\"item\":\"https:\\\/\\\/portal135.com.br\\\/\"},{\"@type\":\"ListItem\",\"position\":2,\"name\":\"ANA CA\u00d1AS, ALM\u00c9RIO, ROBERTA S\u00c1 E L\u00d4 BORGES S\u00c3O OS CONVIDADOS DA NONA EDI\u00c7\u00c3O DO PROJETO \u201cUMA VOZ, UM INSTRUMENTO\u201d\"}]},{\"@type\":\"WebSite\",\"@id\":\"https:\\\/\\\/portal135.com.br\\\/#website\",\"url\":\"https:\\\/\\\/portal135.com.br\\\/\",\"name\":\"Portal 135\",\"description\":\"Portal de Not\u00edcias\",\"publisher\":{\"@id\":\"https:\\\/\\\/portal135.com.br\\\/#organization\"},\"potentialAction\":[{\"@type\":\"SearchAction\",\"target\":{\"@type\":\"EntryPoint\",\"urlTemplate\":\"https:\\\/\\\/portal135.com.br\\\/?s={search_term_string}\"},\"query-input\":{\"@type\":\"PropertyValueSpecification\",\"valueRequired\":true,\"valueName\":\"search_term_string\"}}],\"inLanguage\":\"pt-BR\"},{\"@type\":\"Organization\",\"@id\":\"https:\\\/\\\/portal135.com.br\\\/#organization\",\"name\":\"Portal 135\",\"url\":\"https:\\\/\\\/portal135.com.br\\\/\",\"logo\":{\"@type\":\"ImageObject\",\"inLanguage\":\"pt-BR\",\"@id\":\"https:\\\/\\\/portal135.com.br\\\/#\\\/schema\\\/logo\\\/image\\\/\",\"url\":\"https:\\\/\\\/portal135.com.br\\\/wp-content\\\/uploads\\\/2024\\\/09\\\/1000030041-removebg-preview.png\",\"contentUrl\":\"https:\\\/\\\/portal135.com.br\\\/wp-content\\\/uploads\\\/2024\\\/09\\\/1000030041-removebg-preview.png\",\"width\":500,\"height\":500,\"caption\":\"Portal 135\"},\"image\":{\"@id\":\"https:\\\/\\\/portal135.com.br\\\/#\\\/schema\\\/logo\\\/image\\\/\"}},{\"@type\":\"Person\",\"@id\":\"https:\\\/\\\/portal135.com.br\\\/#\\\/schema\\\/person\\\/8b1047d329adb7f2596093a79f5658e6\",\"name\":\"Felipe De Jesus\",\"image\":{\"@type\":\"ImageObject\",\"inLanguage\":\"pt-BR\",\"@id\":\"https:\\\/\\\/secure.gravatar.com\\\/avatar\\\/c7bb18151e6c15c2f6c17d6a985b65614e924b0a2109679be31286f997dd99df?s=96&d=mm&r=g\",\"url\":\"https:\\\/\\\/secure.gravatar.com\\\/avatar\\\/c7bb18151e6c15c2f6c17d6a985b65614e924b0a2109679be31286f997dd99df?s=96&d=mm&r=g\",\"contentUrl\":\"https:\\\/\\\/secure.gravatar.com\\\/avatar\\\/c7bb18151e6c15c2f6c17d6a985b65614e924b0a2109679be31286f997dd99df?s=96&d=mm&r=g\",\"caption\":\"Felipe De Jesus\"},\"url\":\"https:\\\/\\\/portal135.com.br\\\/?author=5\"}]}<\/script>\n<!-- \/ Yoast SEO plugin. -->","yoast_head_json":{"title":"ANA CA\u00d1AS, ALM\u00c9RIO, ROBERTA S\u00c1 E L\u00d4 BORGES S\u00c3O OS CONVIDADOS DA NONA EDI\u00c7\u00c3O DO PROJETO \u201cUMA VOZ, UM INSTRUMENTO\u201d","robots":{"index":"index","follow":"follow","max-snippet":"max-snippet:-1","max-image-preview":"max-image-preview:large","max-video-preview":"max-video-preview:-1"},"canonical":"https:\/\/portal135.com.br\/?p=1751","og_locale":"pt_BR","og_type":"article","og_title":"ANA CA\u00d1AS, ALM\u00c9RIO, ROBERTA S\u00c1 E L\u00d4 BORGES S\u00c3O OS CONVIDADOS DA NONA EDI\u00c7\u00c3O DO PROJETO \u201cUMA VOZ, UM INSTRUMENTO\u201d","og_description":"AnaCa\u00f1as &#8211; Foto: Marcus Steinmeyer. Ana Ca\u00f1as abre a temporada no dia 21 de mar\u00e7o (sexta-feira), \u00e0s 20h, com um show in\u00e9dito criado para o projeto. Os ingressos, R$ 50,00 (inteira), est\u00e3o \u00e0 venda nas bilheterias do teatro do Centro Cultural Unimed \u2013 BH Minas e sympla.com.br (https:\/\/bileto.sympla.com.br\/event\/103814) A edi\u00e7\u00e3o 2025 do projeto \u201cUma voz, um instrumento\u201d celebra os 90 anos do Minas T\u00eanis Clube, e prop\u00f5e um di\u00e1logo com a m\u00fasica popular brasileira contempor\u00e2nea, aqui representada por potentes nomes. Dos quatro shows programados, dois foram criados para o projeto (Ana Ca\u00f1as e Alm\u00e9rio), e dois s\u00e3o in\u00e9ditos em Belo Horizonte (L\u00f4 Borges e Roberta S\u00e1). ANA CA\u00d1AS \u2013 SHOW IN\u00c9DITO Acompanhada pelos m\u00fasicos Fab\u00e1 Jimenez (baixo) e Douglas Maiochi (percuss\u00e3o), Ana Ca\u00f1as (voz e viol\u00e3o) far\u00e1 releituras personal\u00edssimas para cl\u00e1ssicos de Cazuza, Rita Lee, Renato Russo, Tim Maia e Belchior &#8211; homenageado na vitoriosa turn\u00ea que passou por mais de 180 palcos, Brasil adentro-. Al\u00e9m de can\u00e7\u00f5es autorais conhecidas do grande p\u00fablico. \u201cPara esse show em BH, coloquei no repert\u00f3rio algumas can\u00e7\u00f5es ic\u00f4nicas de compositores mineiros que sempre me emocionaram, principalmente o pessoal do Clube da Esquina. Recentemente gravei uma faixa no \u00e1lbum novo do Fl\u00e1vio Venturini e, de forma geral, tenho me aproximado muito da m\u00fasica de Minas Gerais. Senti que esse show seria uma oportunidade muito especial de apresentar algumas dessas can\u00e7\u00f5es\u201d, afirma a artista. SOBRE O PROJETO &nbsp;\u201cUma voz, um instrumento\u201d, criado em 2016 pelo gestor\/produtor cultural e diretor art\u00edstico Pedrinho Alves Madeira, e sempre realizado em parceria com o Minas T\u00eanis Clube, tem como proposta apresentar shows no formato ac\u00fastico, com o artista acompanhando-se ou tendo mais dois m\u00fasicos como parceiros de palco. Zizi Possi, M\u00f4nica Salmaso, Paulinho Moska, Marcelo Jeneci, Tulipa Ruiz, X\u00eania Fran\u00e7a, Angela Ro Ro, Jo\u00e3o Donato, Zez\u00e9 Motta, V\u00e2nia Bastos, Z\u00e9 Renato, Z\u00e9lia Duncan, Edson Cordeiro, Angela Maria, Teresa Cristina, Faf\u00e1 de Bel\u00e9m, Ed Motta, Amelinha, Paulo Miklos e Z\u00e9 Manoel, s\u00e3o alguns dos nomes que j\u00e1 se apresentaram no bem sucedido projeto. PROGRAMA\u00c7\u00c3O \u2013 2025 21 de mar\u00e7o = Ana Ca\u00f1as Show in\u00e9dito 03 de abril = Alm\u00e9rio Show in\u00e9dito 29 de maio = L\u00f4 Borges Show in\u00e9dito 12 de junho = Roberta S\u00e1 Show in\u00e9dito \u201cUMA VOZ, UM INSTRUMENTO\u201d APRESENTA ANA CA\u00d1AS Data: 21 de mar\u00e7o (sexta-feira)&nbsp; Hor\u00e1rio: 20 horas Local: Centro Cultural Unimed \u2013 BH Minas&nbsp;(Rua da Bahia, 2244 &#8211; Lourdes) Ingressos: R$ 50,00 (inteira) \/ R$ 25,00 (meia) &#8211;&nbsp; Bilheterias do teatro e no site sympla.com.br Classifica\u00e7\u00e3o: Livre Outras informa\u00e7\u00f5es: (31) 3516-1360 \/ minastenisclube.com.br\/cultura Cria\u00e7\u00e3o, Produ\u00e7\u00e3o e Comunica\u00e7\u00e3o: Alves Madeira Comunica\u00e7\u00e3o e Produ\u00e7\u00e3o Realiza\u00e7\u00e3o: CENTRO CULTURAL UNIMED-BH MINAS","og_url":"https:\/\/portal135.com.br\/?p=1751","og_site_name":"Portal 135","article_published_time":"2025-03-07T04:00:00+00:00","og_image":[{"width":800,"height":510,"url":"https:\/\/portal135.com.br\/wp-content\/uploads\/2025\/03\/AnaCanas_FotoMarcusSteinmeyer_856A1625.jpg","type":"image\/jpeg"}],"author":"Felipe De Jesus","twitter_card":"summary_large_image","twitter_misc":{"Escrito por":"Felipe De Jesus","Est. tempo de leitura":"3 minutos"},"schema":{"@context":"https:\/\/schema.org","@graph":[{"@type":"Article","@id":"https:\/\/portal135.com.br\/?p=1751#article","isPartOf":{"@id":"https:\/\/portal135.com.br\/?p=1751"},"author":{"name":"Felipe De Jesus","@id":"https:\/\/portal135.com.br\/#\/schema\/person\/8b1047d329adb7f2596093a79f5658e6"},"headline":"ANA CA\u00d1AS, ALM\u00c9RIO, ROBERTA S\u00c1 E L\u00d4 BORGES S\u00c3O OS CONVIDADOS DA NONA EDI\u00c7\u00c3O DO PROJETO \u201cUMA VOZ, UM INSTRUMENTO\u201d","datePublished":"2025-03-07T04:00:00+00:00","mainEntityOfPage":{"@id":"https:\/\/portal135.com.br\/?p=1751"},"wordCount":514,"commentCount":0,"publisher":{"@id":"https:\/\/portal135.com.br\/#organization"},"image":{"@id":"https:\/\/portal135.com.br\/?p=1751#primaryimage"},"thumbnailUrl":"https:\/\/portal135.com.br\/wp-content\/uploads\/2025\/03\/AnaCanas_FotoMarcusSteinmeyer_856A1625.jpg","articleSection":["Brasil","Eventos","Minas Gerais","Shows em BH"],"inLanguage":"pt-BR","potentialAction":[{"@type":"CommentAction","name":"Comment","target":["https:\/\/portal135.com.br\/?p=1751#respond"]}]},{"@type":"WebPage","@id":"https:\/\/portal135.com.br\/?p=1751","url":"https:\/\/portal135.com.br\/?p=1751","name":"ANA CA\u00d1AS, ALM\u00c9RIO, ROBERTA S\u00c1 E L\u00d4 BORGES S\u00c3O OS CONVIDADOS DA NONA EDI\u00c7\u00c3O DO PROJETO \u201cUMA VOZ, UM INSTRUMENTO\u201d","isPartOf":{"@id":"https:\/\/portal135.com.br\/#website"},"primaryImageOfPage":{"@id":"https:\/\/portal135.com.br\/?p=1751#primaryimage"},"image":{"@id":"https:\/\/portal135.com.br\/?p=1751#primaryimage"},"thumbnailUrl":"https:\/\/portal135.com.br\/wp-content\/uploads\/2025\/03\/AnaCanas_FotoMarcusSteinmeyer_856A1625.jpg","datePublished":"2025-03-07T04:00:00+00:00","breadcrumb":{"@id":"https:\/\/portal135.com.br\/?p=1751#breadcrumb"},"inLanguage":"pt-BR","potentialAction":[{"@type":"ReadAction","target":["https:\/\/portal135.com.br\/?p=1751"]}]},{"@type":"ImageObject","inLanguage":"pt-BR","@id":"https:\/\/portal135.com.br\/?p=1751#primaryimage","url":"https:\/\/portal135.com.br\/wp-content\/uploads\/2025\/03\/AnaCanas_FotoMarcusSteinmeyer_856A1625.jpg","contentUrl":"https:\/\/portal135.com.br\/wp-content\/uploads\/2025\/03\/AnaCanas_FotoMarcusSteinmeyer_856A1625.jpg","width":800,"height":510},{"@type":"BreadcrumbList","@id":"https:\/\/portal135.com.br\/?p=1751#breadcrumb","itemListElement":[{"@type":"ListItem","position":1,"name":"In\u00edcio","item":"https:\/\/portal135.com.br\/"},{"@type":"ListItem","position":2,"name":"ANA CA\u00d1AS, ALM\u00c9RIO, ROBERTA S\u00c1 E L\u00d4 BORGES S\u00c3O OS CONVIDADOS DA NONA EDI\u00c7\u00c3O DO PROJETO \u201cUMA VOZ, UM INSTRUMENTO\u201d"}]},{"@type":"WebSite","@id":"https:\/\/portal135.com.br\/#website","url":"https:\/\/portal135.com.br\/","name":"Portal 135","description":"Portal de Not\u00edcias","publisher":{"@id":"https:\/\/portal135.com.br\/#organization"},"potentialAction":[{"@type":"SearchAction","target":{"@type":"EntryPoint","urlTemplate":"https:\/\/portal135.com.br\/?s={search_term_string}"},"query-input":{"@type":"PropertyValueSpecification","valueRequired":true,"valueName":"search_term_string"}}],"inLanguage":"pt-BR"},{"@type":"Organization","@id":"https:\/\/portal135.com.br\/#organization","name":"Portal 135","url":"https:\/\/portal135.com.br\/","logo":{"@type":"ImageObject","inLanguage":"pt-BR","@id":"https:\/\/portal135.com.br\/#\/schema\/logo\/image\/","url":"https:\/\/portal135.com.br\/wp-content\/uploads\/2024\/09\/1000030041-removebg-preview.png","contentUrl":"https:\/\/portal135.com.br\/wp-content\/uploads\/2024\/09\/1000030041-removebg-preview.png","width":500,"height":500,"caption":"Portal 135"},"image":{"@id":"https:\/\/portal135.com.br\/#\/schema\/logo\/image\/"}},{"@type":"Person","@id":"https:\/\/portal135.com.br\/#\/schema\/person\/8b1047d329adb7f2596093a79f5658e6","name":"Felipe De Jesus","image":{"@type":"ImageObject","inLanguage":"pt-BR","@id":"https:\/\/secure.gravatar.com\/avatar\/c7bb18151e6c15c2f6c17d6a985b65614e924b0a2109679be31286f997dd99df?s=96&d=mm&r=g","url":"https:\/\/secure.gravatar.com\/avatar\/c7bb18151e6c15c2f6c17d6a985b65614e924b0a2109679be31286f997dd99df?s=96&d=mm&r=g","contentUrl":"https:\/\/secure.gravatar.com\/avatar\/c7bb18151e6c15c2f6c17d6a985b65614e924b0a2109679be31286f997dd99df?s=96&d=mm&r=g","caption":"Felipe De Jesus"},"url":"https:\/\/portal135.com.br\/?author=5"}]}},"_links":{"self":[{"href":"https:\/\/portal135.com.br\/index.php?rest_route=\/wp\/v2\/posts\/1751","targetHints":{"allow":["GET"]}}],"collection":[{"href":"https:\/\/portal135.com.br\/index.php?rest_route=\/wp\/v2\/posts"}],"about":[{"href":"https:\/\/portal135.com.br\/index.php?rest_route=\/wp\/v2\/types\/post"}],"author":[{"embeddable":true,"href":"https:\/\/portal135.com.br\/index.php?rest_route=\/wp\/v2\/users\/5"}],"replies":[{"embeddable":true,"href":"https:\/\/portal135.com.br\/index.php?rest_route=%2Fwp%2Fv2%2Fcomments&post=1751"}],"version-history":[{"count":1,"href":"https:\/\/portal135.com.br\/index.php?rest_route=\/wp\/v2\/posts\/1751\/revisions"}],"predecessor-version":[{"id":1753,"href":"https:\/\/portal135.com.br\/index.php?rest_route=\/wp\/v2\/posts\/1751\/revisions\/1753"}],"wp:featuredmedia":[{"embeddable":true,"href":"https:\/\/portal135.com.br\/index.php?rest_route=\/wp\/v2\/media\/1752"}],"wp:attachment":[{"href":"https:\/\/portal135.com.br\/index.php?rest_route=%2Fwp%2Fv2%2Fmedia&parent=1751"}],"wp:term":[{"taxonomy":"category","embeddable":true,"href":"https:\/\/portal135.com.br\/index.php?rest_route=%2Fwp%2Fv2%2Fcategories&post=1751"},{"taxonomy":"post_tag","embeddable":true,"href":"https:\/\/portal135.com.br\/index.php?rest_route=%2Fwp%2Fv2%2Ftags&post=1751"}],"curies":[{"name":"wp","href":"https:\/\/api.w.org\/{rel}","templated":true}]}}