{"id":1720,"date":"2025-02-28T17:42:43","date_gmt":"2025-02-28T17:42:43","guid":{"rendered":"https:\/\/portal135.com.br\/?p=1720"},"modified":"2025-02-28T17:45:09","modified_gmt":"2025-02-28T17:45:09","slug":"cantor-serginho-marques-vai-puxar-a-ala-inclusiva-do-baianas-ozadas","status":"publish","type":"post","link":"https:\/\/portal135.com.br\/?p=1720","title":{"rendered":"Cantor Serginho Marques vai puxar a Ala Inclusiva do Baianas Ozadas"},"content":{"rendered":"\n<p><strong>Serginho Marques &#8211; Divulga\u00e7\u00e3o.<\/strong><\/p>\n\n\n\n<p class=\"has-text-align-center\"><strong><em>Artista cantar\u00e1 no cortejo do bloco que vai destinar uma ala para pessoas com defici\u00eancia na segunda-feira de Carnaval<\/em><\/strong><\/p>\n\n\n\n<p>O cantor e compositor Serginho Marques confirma a sua participa\u00e7\u00e3o da Ala Inclusiva do bloco de Baianas Ozadas, que contar\u00e1 com cerca de 100 foli\u00f5es com defici\u00eancia.&nbsp; Com quatro d\u00e9cadas de carreira, o artista, que enfrenta corajosamente a Esclerose Lateral Amiotr\u00f3fica (ELA) h\u00e1 tr\u00eas anos, vai cantar no cortejo que ser\u00e1 realizado na segunda-feira de Carnaval, 03 de mar\u00e7o. A ala contar\u00e1 ainda com um fot\u00f3grafo cadeirante, o Fl\u00e1vio Batalha, e um percussionista com defici\u00eancia, o INCLUIR NOME. A concentra\u00e7\u00e3o acontece \u00e0s 08h da manh\u00e3, na Avenida Afonso Pena, em frente \u00e0 Igreja S\u00e3o Jos\u00e9.<\/p>\n\n\n\n<p><img decoding=\"async\" width=\"300\" src=\"https:\/\/ci3.googleusercontent.com\/meips\/ADKq_NbuZjWbflPf9C4nzxLZryOwAIHpbJgH1Jnmu7uqydwitqU6NZp_tV5hebBphRr3H4nwfmu80dJ8pP1GjCGZJVn83V5p_bxpqnRF7SBTu8pXTpg2sq6XyUrxHVimld3in2cUKwGAdm771mqPfnnos5PQvcrKwtLQ4Lyph0yT222m8jFyOzfT1pq1kGku1BAABRlALW_WozLNHMvLPu8G=s0-d-e1-ft#https:\/\/files.pressmanager.net\/clientes\/67dd844a69e08263976a65f343f9b4e0\/imagens\/2025\/02\/11\/5610c985b902f292d55381ce1dfe49a1_medium.jpg\" alt=\"\"><\/p>\n\n\n\n<p>De acordo com Polly Paix\u00e3o, produtora do Baianas Ozadas, a inten\u00e7\u00e3o \u00e9 que a folia seja literalmente para todos. \u201cInstitui\u00e7\u00f5es que atuam com pessoas com defici\u00eancia foram convidadas a participar desta ocasi\u00e3o especial, refor\u00e7ando o compromisso do bloco com a acessibilidade e a inclus\u00e3o social. A presen\u00e7a de Serginho Marques simboliza a supera\u00e7\u00e3o e a for\u00e7a, inspirando milhares de foli\u00f5es que s\u00e3o admiradores de sua m\u00fasica e trajet\u00f3ria\u201d, disse.<\/p>\n\n\n\n<p>Serginho Marques est\u00e1 na mesma gera\u00e7\u00e3o de c\u00e9lebres artistas mineiros como Samuel Rosa e Vander Lee. Com uma voz inconfund\u00edvel e talento para composi\u00e7\u00e3o, ele lan\u00e7ou em 2003 seu CD solo &#8220;Um pouco mais de mim&#8221;. Durante os anos 80, Serginho viveu em Salvador, onde mergulhou na m\u00fasica baiana, retornando a Belo Horizonte como um pioneiro ao trazer os ritmos baianos para o cen\u00e1rio musical local. Foi vocalista de bandas conhecidas como Lombinho com Cacha\u00e7a, B. Djala, e Bantuquer\u00ea, e em 2017 se juntou \u00e0 banda Baianas Ozadas, participando dos carnavais de 2018 e 2019.<\/p>\n\n\n\n<p><strong>Baianas Ozadas no Carnaval 2025<\/strong><\/p>\n\n\n\n<p>Falta pouco para que o bloco de carnaval Baianas Ozadas promova a mistura de Minas com Bahia na capital mineira. Neste ano, a Banda Ozada vai contar com a participa\u00e7\u00e3o mais que especial de uma das maiores vozes do samba contempor\u00e2neo: a cantora Fabiana Cozza, que estar\u00e1 em cima do trio el\u00e9trico para a abertura do cortejo. O tema do desfile este ano \u00e9 &#8220;Mulher, voc\u00ea gera o mundo: mais respeito, mais amor&#8221;, uma celebra\u00e7\u00e3o da for\u00e7a feminina e um chamado ao respeito e \u00e0 igualdade.<\/p>\n\n\n\n<p>Geo Ozado, fundador, l\u00edder do bloco, revela que \u00e9 uma alegria muito grande receber a Fabiana Cozza no cortejo. \u201cFabiana e uma das vozes mais lindas que conhe\u00e7o e a considero a maior cantora da minha gera\u00e7\u00e3o. Com o tema especial que trazemos do carnaval deste ano de respeito e valoriza\u00e7\u00e3o das mulheres, n\u00e3o haveria melhor escolha para cantar conosco para o sagrado feminino na Lavagem da escadaria da Igreja de S\u00e3o Jos\u00e9\u201d, disse. O momento ainda contar\u00e1 com o toque inicial do og\u00e3 baiano Betho Wilson, tamb\u00e9m cantor e compositor, que vem de Salvador para participar do cortejo e, na ocasi\u00e3o, lan\u00e7a o single autoral \u201cMais Fiel\u201d.<\/p>\n\n\n\n<p>Duas novas can\u00e7\u00f5es ser\u00e3o apresentadas na avenida. A m\u00fasica tema &#8220;Mais respeito, mais amor&#8221; refor\u00e7a a mensagem do bloco \u00e0s causas femininas e contra o ass\u00e9dio e viol\u00eancias contra as mulheres. J\u00e1 &#8220;Yay\u00e1 Marab\u00f4,&#8221; uma parceria entre Geo Ozado e os baianos Pablo Moraes e Priscila Magalh\u00e3es, aparece como uma cantiga de amor em homenagem a Iemanj\u00e1, grande m\u00e3e e figura feminina, tamb\u00e9m para celebrar 40 anos de Ax\u00e9 Music; esta \u00faltima mistura no arranjo o ijex\u00e1 e o samba reggae, dois dos ritmos mais tradicionais da Bahia.<\/p>\n\n\n\n<p><img decoding=\"async\" width=\"300\" src=\"https:\/\/ci3.googleusercontent.com\/meips\/ADKq_NY7VQwCJ98SkjrhzHAG4PY73h40G_60M--6fkUuIYBfDFntEOLexdiU6Qb-M433JcMkOpUwJBtA0zVQwdpePa6dkLt6cnuvuQbs9SqgIa9Dx5R5CFRpn76WrSdT3aautRqLR5Kr5fNG24Ii6CcXF3JXLYUJm0j1kt0EMtjGr1kONj5tmxLMx_Th-cJelRzubB5ZsY4D6ThJ9l6-n2fC=s0-d-e1-ft#https:\/\/files.pressmanager.net\/clientes\/67dd844a69e08263976a65f343f9b4e0\/imagens\/2025\/01\/27\/190b6a74b7911e8361606abfc2a30490_medium.jpg\" alt=\"\"><\/p>\n\n\n\n<p>Para o cortejo de 2025, o Baianas Ozadas promete desfilar na avenida com integrantes usando mam\u00e3es-sacodes, adere\u00e7os de m\u00e3os muito lembrados e utilizados nas folias baianas entre os anos 70 e 90. \u201cO Baianas \u00e9 um bloco que respeita muito a ancestralidade, tudo aquilo que veio antes e abriu os caminhos nesta imensa alegria chamada carnaval. \u2018Yay\u00e1 Marab\u00f4\u2019 foi uma m\u00fasica composta em dia de mar\u00e9 cheia na Bahia, diante do mar da Ilha de Itaparica. Celebra a paix\u00e3o, amor e f\u00e9 em Iemanj\u00e1, esta grande m\u00e3e. E no arranjo trazemos o ijex\u00e1, ritmo inaugural das primeiras manifesta\u00e7\u00f5es carnavalescas da Bahia h\u00e1 mais de um s\u00e9culo com os afox\u00e9, e o samba reggae, o ritmo baiano mais conhecido no mundo, criado por Neguinho do Samba no Olodum e que encantou Paul Simon e Michael Jackson. \u00c9 a for\u00e7a da banalidade presente!\u201d, acredita Geo Ozado.<\/p>\n\n\n\n<p><strong>Mais respeito, mais amor&nbsp;<\/strong><\/p>\n\n\n\n<p>Reconhecendo-se como um bloco de forte presen\u00e7a feminina, o Baianas Ozadas entende que a valoriza\u00e7\u00e3o e defesa dos direitos das mulheres \u00e9 um &#8220;fundamento&#8221; que deve ser conscientemente trabalhado no Carnaval. O bloco, que historicamente celebra a for\u00e7a da mulher baiana, empregar\u00e1 sua tradicional m\u00fasica e dan\u00e7a para amplificar mensagens de respeito e equidade.<\/p>\n\n\n\n<p>Com a m\u00fasica tema &#8220;Mais respeito, mais amor&#8221;, de autoria do fundador do bloco, Geo Ozado, e interpretada pelas talentosas Lizza Freitas e Mirela Saad, o Baianas Ozadas incorpora em sua performance uma cr\u00edtica \u00e0 cultura do machismo estrutural. O tema ganha espa\u00e7o nas redes sociais do bloco com uma s\u00e9rie de v\u00eddeos e conte\u00fados, elaborados sob a orienta\u00e7\u00e3o da consultora Ma\u00edra Fernandes, especialista em equidade de g\u00eanero e interseccionalidades,<\/p>\n\n\n\n<p>Servi\u00e7o<\/p>\n\n\n\n<p>Cortejo do Baianas Ozadas:<\/p>\n\n\n\n<p>\u2022 Data: Segunda-feira de Carnaval, 03 de mar\u00e7o de 2025<\/p>\n\n\n\n<p>\u2022 Hor\u00e1rio: Concentra\u00e7\u00e3o a partir das 8h, com in\u00edcio \u00e0s 9h<\/p>\n\n\n\n<p>\u2022 Local: Avenida Afonso Pena, Belo Horizonte, com concentra\u00e7\u00e3o pr\u00f3ximo \u00e0 Igreja S\u00e3o Jos\u00e9.<\/p>\n","protected":false},"excerpt":{"rendered":"<p>Serginho Marques &#8211; Divulga\u00e7\u00e3o. Artista cantar\u00e1 no cortejo do bloco que vai destinar uma ala para pessoas com defici\u00eancia na segunda-feira de Carnaval O cantor e compositor Serginho Marques confirma a sua participa\u00e7\u00e3o da Ala Inclusiva do bloco de Baianas Ozadas, que contar\u00e1 com cerca de 100 foli\u00f5es com defici\u00eancia.&nbsp; Com quatro d\u00e9cadas de carreira, o artista, que enfrenta corajosamente a Esclerose Lateral Amiotr\u00f3fica (ELA) h\u00e1 tr\u00eas anos, vai cantar no cortejo que ser\u00e1 realizado na segunda-feira de Carnaval, 03 de mar\u00e7o. A ala contar\u00e1 ainda com um fot\u00f3grafo cadeirante, o Fl\u00e1vio Batalha, e um percussionista com defici\u00eancia, o INCLUIR NOME. A concentra\u00e7\u00e3o acontece \u00e0s 08h da manh\u00e3, na Avenida Afonso Pena, em frente \u00e0 Igreja S\u00e3o Jos\u00e9. De acordo com Polly Paix\u00e3o, produtora do Baianas Ozadas, a inten\u00e7\u00e3o \u00e9 que a folia seja literalmente para todos. \u201cInstitui\u00e7\u00f5es que atuam com pessoas com defici\u00eancia foram convidadas a participar desta ocasi\u00e3o especial, refor\u00e7ando o compromisso do bloco com a acessibilidade e a inclus\u00e3o social. A presen\u00e7a de Serginho Marques simboliza a supera\u00e7\u00e3o e a for\u00e7a, inspirando milhares de foli\u00f5es que s\u00e3o admiradores de sua m\u00fasica e trajet\u00f3ria\u201d, disse. Serginho Marques est\u00e1 na mesma gera\u00e7\u00e3o de c\u00e9lebres artistas mineiros como Samuel Rosa e Vander Lee. Com uma voz inconfund\u00edvel e talento para composi\u00e7\u00e3o, ele lan\u00e7ou em 2003 seu CD solo &#8220;Um pouco mais de mim&#8221;. Durante os anos 80, Serginho viveu em Salvador, onde mergulhou na m\u00fasica baiana, retornando a Belo Horizonte como um pioneiro ao trazer os ritmos baianos para o cen\u00e1rio musical local. Foi vocalista de bandas conhecidas como Lombinho com Cacha\u00e7a, B. Djala, e Bantuquer\u00ea, e em 2017 se juntou \u00e0 banda Baianas Ozadas, participando dos carnavais de 2018 e 2019. Baianas Ozadas no Carnaval 2025 Falta pouco para que o bloco de carnaval Baianas Ozadas promova a mistura de Minas com Bahia na capital mineira. Neste ano, a Banda Ozada vai contar com a participa\u00e7\u00e3o mais que especial de uma das maiores vozes do samba contempor\u00e2neo: a cantora Fabiana Cozza, que estar\u00e1 em cima do trio el\u00e9trico para a abertura do cortejo. O tema do desfile este ano \u00e9 &#8220;Mulher, voc\u00ea gera o mundo: mais respeito, mais amor&#8221;, uma celebra\u00e7\u00e3o da for\u00e7a feminina e um chamado ao respeito e \u00e0 igualdade. Geo Ozado, fundador, l\u00edder do bloco, revela que \u00e9 uma alegria muito grande receber a Fabiana Cozza no cortejo. \u201cFabiana e uma das vozes mais lindas que conhe\u00e7o e a considero a maior cantora da minha gera\u00e7\u00e3o. Com o tema especial que trazemos do carnaval deste ano de respeito e valoriza\u00e7\u00e3o das mulheres, n\u00e3o haveria melhor escolha para cantar conosco para o sagrado feminino na Lavagem da escadaria da Igreja de S\u00e3o Jos\u00e9\u201d, disse. O momento ainda contar\u00e1 com o toque inicial do og\u00e3 baiano Betho Wilson, tamb\u00e9m cantor e compositor, que vem de Salvador para participar do cortejo e, na ocasi\u00e3o, lan\u00e7a o single autoral \u201cMais Fiel\u201d. Duas novas can\u00e7\u00f5es ser\u00e3o apresentadas na avenida. A m\u00fasica tema &#8220;Mais respeito, mais amor&#8221; refor\u00e7a a mensagem do bloco \u00e0s causas femininas e contra o ass\u00e9dio e viol\u00eancias contra as mulheres. J\u00e1 &#8220;Yay\u00e1 Marab\u00f4,&#8221; uma parceria entre Geo Ozado e os baianos Pablo Moraes e Priscila Magalh\u00e3es, aparece como uma cantiga de amor em homenagem a Iemanj\u00e1, grande m\u00e3e e figura feminina, tamb\u00e9m para celebrar 40 anos de Ax\u00e9 Music; esta \u00faltima mistura no arranjo o ijex\u00e1 e o samba reggae, dois dos ritmos mais tradicionais da Bahia. Para o cortejo de 2025, o Baianas Ozadas promete desfilar na avenida com integrantes usando mam\u00e3es-sacodes, adere\u00e7os de m\u00e3os muito lembrados e utilizados nas folias baianas entre os anos 70 e 90. \u201cO Baianas \u00e9 um bloco que respeita muito a ancestralidade, tudo aquilo que veio antes e abriu os caminhos nesta imensa alegria chamada carnaval. \u2018Yay\u00e1 Marab\u00f4\u2019 foi uma m\u00fasica composta em dia de mar\u00e9 cheia na Bahia, diante do mar da Ilha de Itaparica. Celebra a paix\u00e3o, amor e f\u00e9 em Iemanj\u00e1, esta grande m\u00e3e. E no arranjo trazemos o ijex\u00e1, ritmo inaugural das primeiras manifesta\u00e7\u00f5es carnavalescas da Bahia h\u00e1 mais de um s\u00e9culo com os afox\u00e9, e o samba reggae, o ritmo baiano mais conhecido no mundo, criado por Neguinho do Samba no Olodum e que encantou Paul Simon e Michael Jackson. \u00c9 a for\u00e7a da banalidade presente!\u201d, acredita Geo Ozado. Mais respeito, mais amor&nbsp; Reconhecendo-se como um bloco de forte presen\u00e7a feminina, o Baianas Ozadas entende que a valoriza\u00e7\u00e3o e defesa dos direitos das mulheres \u00e9 um &#8220;fundamento&#8221; que deve ser conscientemente trabalhado no Carnaval. O bloco, que historicamente celebra a for\u00e7a da mulher baiana, empregar\u00e1 sua tradicional m\u00fasica e dan\u00e7a para amplificar mensagens de respeito e equidade. Com a m\u00fasica tema &#8220;Mais respeito, mais amor&#8221;, de autoria do fundador do bloco, Geo Ozado, e interpretada pelas talentosas Lizza Freitas e Mirela Saad, o Baianas Ozadas incorpora em sua performance uma cr\u00edtica \u00e0 cultura do machismo estrutural. O tema ganha espa\u00e7o nas redes sociais do bloco com uma s\u00e9rie de v\u00eddeos e conte\u00fados, elaborados sob a orienta\u00e7\u00e3o da consultora Ma\u00edra Fernandes, especialista em equidade de g\u00eanero e interseccionalidades, Servi\u00e7o Cortejo do Baianas Ozadas: \u2022 Data: Segunda-feira de Carnaval, 03 de mar\u00e7o de 2025 \u2022 Hor\u00e1rio: Concentra\u00e7\u00e3o a partir das 8h, com in\u00edcio \u00e0s 9h \u2022 Local: Avenida Afonso Pena, Belo Horizonte, com concentra\u00e7\u00e3o pr\u00f3ximo \u00e0 Igreja S\u00e3o Jos\u00e9.<\/p>\n","protected":false},"author":5,"featured_media":1722,"comment_status":"open","ping_status":"open","sticky":true,"template":"","format":"standard","meta":{"footnotes":""},"categories":[32],"tags":[],"class_list":["post-1720","post","type-post","status-publish","format-standard","has-post-thumbnail","hentry","category-brasil"],"yoast_head":"<!-- This site is optimized with the Yoast SEO plugin v27.3 - https:\/\/yoast.com\/product\/yoast-seo-wordpress\/ -->\n<title>Cantor Serginho Marques vai puxar a Ala Inclusiva do Baianas Ozadas<\/title>\n<meta name=\"robots\" content=\"index, follow, max-snippet:-1, max-image-preview:large, max-video-preview:-1\" \/>\n<link rel=\"canonical\" href=\"https:\/\/portal135.com.br\/?p=1720\" \/>\n<meta property=\"og:locale\" content=\"pt_BR\" \/>\n<meta property=\"og:type\" content=\"article\" \/>\n<meta property=\"og:title\" content=\"Cantor Serginho Marques vai puxar a Ala Inclusiva do Baianas Ozadas\" \/>\n<meta property=\"og:description\" content=\"Serginho Marques &#8211; Divulga\u00e7\u00e3o. Artista cantar\u00e1 no cortejo do bloco que vai destinar uma ala para pessoas com defici\u00eancia na segunda-feira de Carnaval O cantor e compositor Serginho Marques confirma a sua participa\u00e7\u00e3o da Ala Inclusiva do bloco de Baianas Ozadas, que contar\u00e1 com cerca de 100 foli\u00f5es com defici\u00eancia.&nbsp; Com quatro d\u00e9cadas de carreira, o artista, que enfrenta corajosamente a Esclerose Lateral Amiotr\u00f3fica (ELA) h\u00e1 tr\u00eas anos, vai cantar no cortejo que ser\u00e1 realizado na segunda-feira de Carnaval, 03 de mar\u00e7o. A ala contar\u00e1 ainda com um fot\u00f3grafo cadeirante, o Fl\u00e1vio Batalha, e um percussionista com defici\u00eancia, o INCLUIR NOME. A concentra\u00e7\u00e3o acontece \u00e0s 08h da manh\u00e3, na Avenida Afonso Pena, em frente \u00e0 Igreja S\u00e3o Jos\u00e9. De acordo com Polly Paix\u00e3o, produtora do Baianas Ozadas, a inten\u00e7\u00e3o \u00e9 que a folia seja literalmente para todos. \u201cInstitui\u00e7\u00f5es que atuam com pessoas com defici\u00eancia foram convidadas a participar desta ocasi\u00e3o especial, refor\u00e7ando o compromisso do bloco com a acessibilidade e a inclus\u00e3o social. A presen\u00e7a de Serginho Marques simboliza a supera\u00e7\u00e3o e a for\u00e7a, inspirando milhares de foli\u00f5es que s\u00e3o admiradores de sua m\u00fasica e trajet\u00f3ria\u201d, disse. Serginho Marques est\u00e1 na mesma gera\u00e7\u00e3o de c\u00e9lebres artistas mineiros como Samuel Rosa e Vander Lee. Com uma voz inconfund\u00edvel e talento para composi\u00e7\u00e3o, ele lan\u00e7ou em 2003 seu CD solo &#8220;Um pouco mais de mim&#8221;. Durante os anos 80, Serginho viveu em Salvador, onde mergulhou na m\u00fasica baiana, retornando a Belo Horizonte como um pioneiro ao trazer os ritmos baianos para o cen\u00e1rio musical local. Foi vocalista de bandas conhecidas como Lombinho com Cacha\u00e7a, B. Djala, e Bantuquer\u00ea, e em 2017 se juntou \u00e0 banda Baianas Ozadas, participando dos carnavais de 2018 e 2019. Baianas Ozadas no Carnaval 2025 Falta pouco para que o bloco de carnaval Baianas Ozadas promova a mistura de Minas com Bahia na capital mineira. Neste ano, a Banda Ozada vai contar com a participa\u00e7\u00e3o mais que especial de uma das maiores vozes do samba contempor\u00e2neo: a cantora Fabiana Cozza, que estar\u00e1 em cima do trio el\u00e9trico para a abertura do cortejo. O tema do desfile este ano \u00e9 &#8220;Mulher, voc\u00ea gera o mundo: mais respeito, mais amor&#8221;, uma celebra\u00e7\u00e3o da for\u00e7a feminina e um chamado ao respeito e \u00e0 igualdade. Geo Ozado, fundador, l\u00edder do bloco, revela que \u00e9 uma alegria muito grande receber a Fabiana Cozza no cortejo. \u201cFabiana e uma das vozes mais lindas que conhe\u00e7o e a considero a maior cantora da minha gera\u00e7\u00e3o. Com o tema especial que trazemos do carnaval deste ano de respeito e valoriza\u00e7\u00e3o das mulheres, n\u00e3o haveria melhor escolha para cantar conosco para o sagrado feminino na Lavagem da escadaria da Igreja de S\u00e3o Jos\u00e9\u201d, disse. O momento ainda contar\u00e1 com o toque inicial do og\u00e3 baiano Betho Wilson, tamb\u00e9m cantor e compositor, que vem de Salvador para participar do cortejo e, na ocasi\u00e3o, lan\u00e7a o single autoral \u201cMais Fiel\u201d. Duas novas can\u00e7\u00f5es ser\u00e3o apresentadas na avenida. A m\u00fasica tema &#8220;Mais respeito, mais amor&#8221; refor\u00e7a a mensagem do bloco \u00e0s causas femininas e contra o ass\u00e9dio e viol\u00eancias contra as mulheres. J\u00e1 &#8220;Yay\u00e1 Marab\u00f4,&#8221; uma parceria entre Geo Ozado e os baianos Pablo Moraes e Priscila Magalh\u00e3es, aparece como uma cantiga de amor em homenagem a Iemanj\u00e1, grande m\u00e3e e figura feminina, tamb\u00e9m para celebrar 40 anos de Ax\u00e9 Music; esta \u00faltima mistura no arranjo o ijex\u00e1 e o samba reggae, dois dos ritmos mais tradicionais da Bahia. Para o cortejo de 2025, o Baianas Ozadas promete desfilar na avenida com integrantes usando mam\u00e3es-sacodes, adere\u00e7os de m\u00e3os muito lembrados e utilizados nas folias baianas entre os anos 70 e 90. \u201cO Baianas \u00e9 um bloco que respeita muito a ancestralidade, tudo aquilo que veio antes e abriu os caminhos nesta imensa alegria chamada carnaval. \u2018Yay\u00e1 Marab\u00f4\u2019 foi uma m\u00fasica composta em dia de mar\u00e9 cheia na Bahia, diante do mar da Ilha de Itaparica. Celebra a paix\u00e3o, amor e f\u00e9 em Iemanj\u00e1, esta grande m\u00e3e. E no arranjo trazemos o ijex\u00e1, ritmo inaugural das primeiras manifesta\u00e7\u00f5es carnavalescas da Bahia h\u00e1 mais de um s\u00e9culo com os afox\u00e9, e o samba reggae, o ritmo baiano mais conhecido no mundo, criado por Neguinho do Samba no Olodum e que encantou Paul Simon e Michael Jackson. \u00c9 a for\u00e7a da banalidade presente!\u201d, acredita Geo Ozado. Mais respeito, mais amor&nbsp; Reconhecendo-se como um bloco de forte presen\u00e7a feminina, o Baianas Ozadas entende que a valoriza\u00e7\u00e3o e defesa dos direitos das mulheres \u00e9 um &#8220;fundamento&#8221; que deve ser conscientemente trabalhado no Carnaval. O bloco, que historicamente celebra a for\u00e7a da mulher baiana, empregar\u00e1 sua tradicional m\u00fasica e dan\u00e7a para amplificar mensagens de respeito e equidade. Com a m\u00fasica tema &#8220;Mais respeito, mais amor&#8221;, de autoria do fundador do bloco, Geo Ozado, e interpretada pelas talentosas Lizza Freitas e Mirela Saad, o Baianas Ozadas incorpora em sua performance uma cr\u00edtica \u00e0 cultura do machismo estrutural. O tema ganha espa\u00e7o nas redes sociais do bloco com uma s\u00e9rie de v\u00eddeos e conte\u00fados, elaborados sob a orienta\u00e7\u00e3o da consultora Ma\u00edra Fernandes, especialista em equidade de g\u00eanero e interseccionalidades, Servi\u00e7o Cortejo do Baianas Ozadas: \u2022 Data: Segunda-feira de Carnaval, 03 de mar\u00e7o de 2025 \u2022 Hor\u00e1rio: Concentra\u00e7\u00e3o a partir das 8h, com in\u00edcio \u00e0s 9h \u2022 Local: Avenida Afonso Pena, Belo Horizonte, com concentra\u00e7\u00e3o pr\u00f3ximo \u00e0 Igreja S\u00e3o Jos\u00e9.\" \/>\n<meta property=\"og:url\" content=\"https:\/\/portal135.com.br\/?p=1720\" \/>\n<meta property=\"og:site_name\" content=\"Portal 135\" \/>\n<meta property=\"article:published_time\" content=\"2025-02-28T17:42:43+00:00\" \/>\n<meta property=\"article:modified_time\" content=\"2025-02-28T17:45:09+00:00\" \/>\n<meta property=\"og:image\" content=\"https:\/\/portal135.com.br\/wp-content\/uploads\/2025\/02\/WhatsApp-Image-2024-04-25-at-16.05.16-1-.jpg\" \/>\n\t<meta property=\"og:image:width\" content=\"720\" \/>\n\t<meta property=\"og:image:height\" content=\"392\" \/>\n\t<meta property=\"og:image:type\" content=\"image\/jpeg\" \/>\n<meta name=\"author\" content=\"Felipe De Jesus\" \/>\n<meta name=\"twitter:card\" content=\"summary_large_image\" \/>\n<meta name=\"twitter:label1\" content=\"Escrito por\" \/>\n\t<meta name=\"twitter:data1\" content=\"Felipe De Jesus\" \/>\n\t<meta name=\"twitter:label2\" content=\"Est. tempo de leitura\" \/>\n\t<meta name=\"twitter:data2\" content=\"6 minutos\" \/>\n<script type=\"application\/ld+json\" class=\"yoast-schema-graph\">{\"@context\":\"https:\\\/\\\/schema.org\",\"@graph\":[{\"@type\":\"Article\",\"@id\":\"https:\\\/\\\/portal135.com.br\\\/?p=1720#article\",\"isPartOf\":{\"@id\":\"https:\\\/\\\/portal135.com.br\\\/?p=1720\"},\"author\":{\"name\":\"Felipe De Jesus\",\"@id\":\"https:\\\/\\\/portal135.com.br\\\/#\\\/schema\\\/person\\\/8b1047d329adb7f2596093a79f5658e6\"},\"headline\":\"Cantor Serginho Marques vai puxar a Ala Inclusiva do Baianas Ozadas\",\"datePublished\":\"2025-02-28T17:42:43+00:00\",\"dateModified\":\"2025-02-28T17:45:09+00:00\",\"mainEntityOfPage\":{\"@id\":\"https:\\\/\\\/portal135.com.br\\\/?p=1720\"},\"wordCount\":956,\"commentCount\":0,\"publisher\":{\"@id\":\"https:\\\/\\\/portal135.com.br\\\/#organization\"},\"image\":{\"@id\":\"https:\\\/\\\/portal135.com.br\\\/?p=1720#primaryimage\"},\"thumbnailUrl\":\"https:\\\/\\\/portal135.com.br\\\/wp-content\\\/uploads\\\/2025\\\/02\\\/WhatsApp-Image-2024-04-25-at-16.05.16-1-.jpg\",\"articleSection\":[\"Brasil\"],\"inLanguage\":\"pt-BR\",\"potentialAction\":[{\"@type\":\"CommentAction\",\"name\":\"Comment\",\"target\":[\"https:\\\/\\\/portal135.com.br\\\/?p=1720#respond\"]}]},{\"@type\":\"WebPage\",\"@id\":\"https:\\\/\\\/portal135.com.br\\\/?p=1720\",\"url\":\"https:\\\/\\\/portal135.com.br\\\/?p=1720\",\"name\":\"Cantor Serginho Marques vai puxar a Ala Inclusiva do Baianas Ozadas\",\"isPartOf\":{\"@id\":\"https:\\\/\\\/portal135.com.br\\\/#website\"},\"primaryImageOfPage\":{\"@id\":\"https:\\\/\\\/portal135.com.br\\\/?p=1720#primaryimage\"},\"image\":{\"@id\":\"https:\\\/\\\/portal135.com.br\\\/?p=1720#primaryimage\"},\"thumbnailUrl\":\"https:\\\/\\\/portal135.com.br\\\/wp-content\\\/uploads\\\/2025\\\/02\\\/WhatsApp-Image-2024-04-25-at-16.05.16-1-.jpg\",\"datePublished\":\"2025-02-28T17:42:43+00:00\",\"dateModified\":\"2025-02-28T17:45:09+00:00\",\"breadcrumb\":{\"@id\":\"https:\\\/\\\/portal135.com.br\\\/?p=1720#breadcrumb\"},\"inLanguage\":\"pt-BR\",\"potentialAction\":[{\"@type\":\"ReadAction\",\"target\":[\"https:\\\/\\\/portal135.com.br\\\/?p=1720\"]}]},{\"@type\":\"ImageObject\",\"inLanguage\":\"pt-BR\",\"@id\":\"https:\\\/\\\/portal135.com.br\\\/?p=1720#primaryimage\",\"url\":\"https:\\\/\\\/portal135.com.br\\\/wp-content\\\/uploads\\\/2025\\\/02\\\/WhatsApp-Image-2024-04-25-at-16.05.16-1-.jpg\",\"contentUrl\":\"https:\\\/\\\/portal135.com.br\\\/wp-content\\\/uploads\\\/2025\\\/02\\\/WhatsApp-Image-2024-04-25-at-16.05.16-1-.jpg\",\"width\":720,\"height\":392},{\"@type\":\"BreadcrumbList\",\"@id\":\"https:\\\/\\\/portal135.com.br\\\/?p=1720#breadcrumb\",\"itemListElement\":[{\"@type\":\"ListItem\",\"position\":1,\"name\":\"In\u00edcio\",\"item\":\"https:\\\/\\\/portal135.com.br\\\/\"},{\"@type\":\"ListItem\",\"position\":2,\"name\":\"Cantor Serginho Marques vai puxar a Ala Inclusiva do Baianas Ozadas\"}]},{\"@type\":\"WebSite\",\"@id\":\"https:\\\/\\\/portal135.com.br\\\/#website\",\"url\":\"https:\\\/\\\/portal135.com.br\\\/\",\"name\":\"Portal 135\",\"description\":\"Portal de Not\u00edcias\",\"publisher\":{\"@id\":\"https:\\\/\\\/portal135.com.br\\\/#organization\"},\"potentialAction\":[{\"@type\":\"SearchAction\",\"target\":{\"@type\":\"EntryPoint\",\"urlTemplate\":\"https:\\\/\\\/portal135.com.br\\\/?s={search_term_string}\"},\"query-input\":{\"@type\":\"PropertyValueSpecification\",\"valueRequired\":true,\"valueName\":\"search_term_string\"}}],\"inLanguage\":\"pt-BR\"},{\"@type\":\"Organization\",\"@id\":\"https:\\\/\\\/portal135.com.br\\\/#organization\",\"name\":\"Portal 135\",\"url\":\"https:\\\/\\\/portal135.com.br\\\/\",\"logo\":{\"@type\":\"ImageObject\",\"inLanguage\":\"pt-BR\",\"@id\":\"https:\\\/\\\/portal135.com.br\\\/#\\\/schema\\\/logo\\\/image\\\/\",\"url\":\"https:\\\/\\\/portal135.com.br\\\/wp-content\\\/uploads\\\/2024\\\/09\\\/1000030041-removebg-preview.png\",\"contentUrl\":\"https:\\\/\\\/portal135.com.br\\\/wp-content\\\/uploads\\\/2024\\\/09\\\/1000030041-removebg-preview.png\",\"width\":500,\"height\":500,\"caption\":\"Portal 135\"},\"image\":{\"@id\":\"https:\\\/\\\/portal135.com.br\\\/#\\\/schema\\\/logo\\\/image\\\/\"}},{\"@type\":\"Person\",\"@id\":\"https:\\\/\\\/portal135.com.br\\\/#\\\/schema\\\/person\\\/8b1047d329adb7f2596093a79f5658e6\",\"name\":\"Felipe De Jesus\",\"image\":{\"@type\":\"ImageObject\",\"inLanguage\":\"pt-BR\",\"@id\":\"https:\\\/\\\/secure.gravatar.com\\\/avatar\\\/c7bb18151e6c15c2f6c17d6a985b65614e924b0a2109679be31286f997dd99df?s=96&d=mm&r=g\",\"url\":\"https:\\\/\\\/secure.gravatar.com\\\/avatar\\\/c7bb18151e6c15c2f6c17d6a985b65614e924b0a2109679be31286f997dd99df?s=96&d=mm&r=g\",\"contentUrl\":\"https:\\\/\\\/secure.gravatar.com\\\/avatar\\\/c7bb18151e6c15c2f6c17d6a985b65614e924b0a2109679be31286f997dd99df?s=96&d=mm&r=g\",\"caption\":\"Felipe De Jesus\"},\"url\":\"https:\\\/\\\/portal135.com.br\\\/?author=5\"}]}<\/script>\n<!-- \/ Yoast SEO plugin. -->","yoast_head_json":{"title":"Cantor Serginho Marques vai puxar a Ala Inclusiva do Baianas Ozadas","robots":{"index":"index","follow":"follow","max-snippet":"max-snippet:-1","max-image-preview":"max-image-preview:large","max-video-preview":"max-video-preview:-1"},"canonical":"https:\/\/portal135.com.br\/?p=1720","og_locale":"pt_BR","og_type":"article","og_title":"Cantor Serginho Marques vai puxar a Ala Inclusiva do Baianas Ozadas","og_description":"Serginho Marques &#8211; Divulga\u00e7\u00e3o. Artista cantar\u00e1 no cortejo do bloco que vai destinar uma ala para pessoas com defici\u00eancia na segunda-feira de Carnaval O cantor e compositor Serginho Marques confirma a sua participa\u00e7\u00e3o da Ala Inclusiva do bloco de Baianas Ozadas, que contar\u00e1 com cerca de 100 foli\u00f5es com defici\u00eancia.&nbsp; Com quatro d\u00e9cadas de carreira, o artista, que enfrenta corajosamente a Esclerose Lateral Amiotr\u00f3fica (ELA) h\u00e1 tr\u00eas anos, vai cantar no cortejo que ser\u00e1 realizado na segunda-feira de Carnaval, 03 de mar\u00e7o. A ala contar\u00e1 ainda com um fot\u00f3grafo cadeirante, o Fl\u00e1vio Batalha, e um percussionista com defici\u00eancia, o INCLUIR NOME. A concentra\u00e7\u00e3o acontece \u00e0s 08h da manh\u00e3, na Avenida Afonso Pena, em frente \u00e0 Igreja S\u00e3o Jos\u00e9. De acordo com Polly Paix\u00e3o, produtora do Baianas Ozadas, a inten\u00e7\u00e3o \u00e9 que a folia seja literalmente para todos. \u201cInstitui\u00e7\u00f5es que atuam com pessoas com defici\u00eancia foram convidadas a participar desta ocasi\u00e3o especial, refor\u00e7ando o compromisso do bloco com a acessibilidade e a inclus\u00e3o social. A presen\u00e7a de Serginho Marques simboliza a supera\u00e7\u00e3o e a for\u00e7a, inspirando milhares de foli\u00f5es que s\u00e3o admiradores de sua m\u00fasica e trajet\u00f3ria\u201d, disse. Serginho Marques est\u00e1 na mesma gera\u00e7\u00e3o de c\u00e9lebres artistas mineiros como Samuel Rosa e Vander Lee. Com uma voz inconfund\u00edvel e talento para composi\u00e7\u00e3o, ele lan\u00e7ou em 2003 seu CD solo &#8220;Um pouco mais de mim&#8221;. Durante os anos 80, Serginho viveu em Salvador, onde mergulhou na m\u00fasica baiana, retornando a Belo Horizonte como um pioneiro ao trazer os ritmos baianos para o cen\u00e1rio musical local. Foi vocalista de bandas conhecidas como Lombinho com Cacha\u00e7a, B. Djala, e Bantuquer\u00ea, e em 2017 se juntou \u00e0 banda Baianas Ozadas, participando dos carnavais de 2018 e 2019. Baianas Ozadas no Carnaval 2025 Falta pouco para que o bloco de carnaval Baianas Ozadas promova a mistura de Minas com Bahia na capital mineira. Neste ano, a Banda Ozada vai contar com a participa\u00e7\u00e3o mais que especial de uma das maiores vozes do samba contempor\u00e2neo: a cantora Fabiana Cozza, que estar\u00e1 em cima do trio el\u00e9trico para a abertura do cortejo. O tema do desfile este ano \u00e9 &#8220;Mulher, voc\u00ea gera o mundo: mais respeito, mais amor&#8221;, uma celebra\u00e7\u00e3o da for\u00e7a feminina e um chamado ao respeito e \u00e0 igualdade. Geo Ozado, fundador, l\u00edder do bloco, revela que \u00e9 uma alegria muito grande receber a Fabiana Cozza no cortejo. \u201cFabiana e uma das vozes mais lindas que conhe\u00e7o e a considero a maior cantora da minha gera\u00e7\u00e3o. Com o tema especial que trazemos do carnaval deste ano de respeito e valoriza\u00e7\u00e3o das mulheres, n\u00e3o haveria melhor escolha para cantar conosco para o sagrado feminino na Lavagem da escadaria da Igreja de S\u00e3o Jos\u00e9\u201d, disse. O momento ainda contar\u00e1 com o toque inicial do og\u00e3 baiano Betho Wilson, tamb\u00e9m cantor e compositor, que vem de Salvador para participar do cortejo e, na ocasi\u00e3o, lan\u00e7a o single autoral \u201cMais Fiel\u201d. Duas novas can\u00e7\u00f5es ser\u00e3o apresentadas na avenida. A m\u00fasica tema &#8220;Mais respeito, mais amor&#8221; refor\u00e7a a mensagem do bloco \u00e0s causas femininas e contra o ass\u00e9dio e viol\u00eancias contra as mulheres. J\u00e1 &#8220;Yay\u00e1 Marab\u00f4,&#8221; uma parceria entre Geo Ozado e os baianos Pablo Moraes e Priscila Magalh\u00e3es, aparece como uma cantiga de amor em homenagem a Iemanj\u00e1, grande m\u00e3e e figura feminina, tamb\u00e9m para celebrar 40 anos de Ax\u00e9 Music; esta \u00faltima mistura no arranjo o ijex\u00e1 e o samba reggae, dois dos ritmos mais tradicionais da Bahia. Para o cortejo de 2025, o Baianas Ozadas promete desfilar na avenida com integrantes usando mam\u00e3es-sacodes, adere\u00e7os de m\u00e3os muito lembrados e utilizados nas folias baianas entre os anos 70 e 90. \u201cO Baianas \u00e9 um bloco que respeita muito a ancestralidade, tudo aquilo que veio antes e abriu os caminhos nesta imensa alegria chamada carnaval. \u2018Yay\u00e1 Marab\u00f4\u2019 foi uma m\u00fasica composta em dia de mar\u00e9 cheia na Bahia, diante do mar da Ilha de Itaparica. Celebra a paix\u00e3o, amor e f\u00e9 em Iemanj\u00e1, esta grande m\u00e3e. E no arranjo trazemos o ijex\u00e1, ritmo inaugural das primeiras manifesta\u00e7\u00f5es carnavalescas da Bahia h\u00e1 mais de um s\u00e9culo com os afox\u00e9, e o samba reggae, o ritmo baiano mais conhecido no mundo, criado por Neguinho do Samba no Olodum e que encantou Paul Simon e Michael Jackson. \u00c9 a for\u00e7a da banalidade presente!\u201d, acredita Geo Ozado. Mais respeito, mais amor&nbsp; Reconhecendo-se como um bloco de forte presen\u00e7a feminina, o Baianas Ozadas entende que a valoriza\u00e7\u00e3o e defesa dos direitos das mulheres \u00e9 um &#8220;fundamento&#8221; que deve ser conscientemente trabalhado no Carnaval. O bloco, que historicamente celebra a for\u00e7a da mulher baiana, empregar\u00e1 sua tradicional m\u00fasica e dan\u00e7a para amplificar mensagens de respeito e equidade. Com a m\u00fasica tema &#8220;Mais respeito, mais amor&#8221;, de autoria do fundador do bloco, Geo Ozado, e interpretada pelas talentosas Lizza Freitas e Mirela Saad, o Baianas Ozadas incorpora em sua performance uma cr\u00edtica \u00e0 cultura do machismo estrutural. O tema ganha espa\u00e7o nas redes sociais do bloco com uma s\u00e9rie de v\u00eddeos e conte\u00fados, elaborados sob a orienta\u00e7\u00e3o da consultora Ma\u00edra Fernandes, especialista em equidade de g\u00eanero e interseccionalidades, Servi\u00e7o Cortejo do Baianas Ozadas: \u2022 Data: Segunda-feira de Carnaval, 03 de mar\u00e7o de 2025 \u2022 Hor\u00e1rio: Concentra\u00e7\u00e3o a partir das 8h, com in\u00edcio \u00e0s 9h \u2022 Local: Avenida Afonso Pena, Belo Horizonte, com concentra\u00e7\u00e3o pr\u00f3ximo \u00e0 Igreja S\u00e3o Jos\u00e9.","og_url":"https:\/\/portal135.com.br\/?p=1720","og_site_name":"Portal 135","article_published_time":"2025-02-28T17:42:43+00:00","article_modified_time":"2025-02-28T17:45:09+00:00","og_image":[{"width":720,"height":392,"url":"https:\/\/portal135.com.br\/wp-content\/uploads\/2025\/02\/WhatsApp-Image-2024-04-25-at-16.05.16-1-.jpg","type":"image\/jpeg"}],"author":"Felipe De Jesus","twitter_card":"summary_large_image","twitter_misc":{"Escrito por":"Felipe De Jesus","Est. tempo de leitura":"6 minutos"},"schema":{"@context":"https:\/\/schema.org","@graph":[{"@type":"Article","@id":"https:\/\/portal135.com.br\/?p=1720#article","isPartOf":{"@id":"https:\/\/portal135.com.br\/?p=1720"},"author":{"name":"Felipe De Jesus","@id":"https:\/\/portal135.com.br\/#\/schema\/person\/8b1047d329adb7f2596093a79f5658e6"},"headline":"Cantor Serginho Marques vai puxar a Ala Inclusiva do Baianas Ozadas","datePublished":"2025-02-28T17:42:43+00:00","dateModified":"2025-02-28T17:45:09+00:00","mainEntityOfPage":{"@id":"https:\/\/portal135.com.br\/?p=1720"},"wordCount":956,"commentCount":0,"publisher":{"@id":"https:\/\/portal135.com.br\/#organization"},"image":{"@id":"https:\/\/portal135.com.br\/?p=1720#primaryimage"},"thumbnailUrl":"https:\/\/portal135.com.br\/wp-content\/uploads\/2025\/02\/WhatsApp-Image-2024-04-25-at-16.05.16-1-.jpg","articleSection":["Brasil"],"inLanguage":"pt-BR","potentialAction":[{"@type":"CommentAction","name":"Comment","target":["https:\/\/portal135.com.br\/?p=1720#respond"]}]},{"@type":"WebPage","@id":"https:\/\/portal135.com.br\/?p=1720","url":"https:\/\/portal135.com.br\/?p=1720","name":"Cantor Serginho Marques vai puxar a Ala Inclusiva do Baianas Ozadas","isPartOf":{"@id":"https:\/\/portal135.com.br\/#website"},"primaryImageOfPage":{"@id":"https:\/\/portal135.com.br\/?p=1720#primaryimage"},"image":{"@id":"https:\/\/portal135.com.br\/?p=1720#primaryimage"},"thumbnailUrl":"https:\/\/portal135.com.br\/wp-content\/uploads\/2025\/02\/WhatsApp-Image-2024-04-25-at-16.05.16-1-.jpg","datePublished":"2025-02-28T17:42:43+00:00","dateModified":"2025-02-28T17:45:09+00:00","breadcrumb":{"@id":"https:\/\/portal135.com.br\/?p=1720#breadcrumb"},"inLanguage":"pt-BR","potentialAction":[{"@type":"ReadAction","target":["https:\/\/portal135.com.br\/?p=1720"]}]},{"@type":"ImageObject","inLanguage":"pt-BR","@id":"https:\/\/portal135.com.br\/?p=1720#primaryimage","url":"https:\/\/portal135.com.br\/wp-content\/uploads\/2025\/02\/WhatsApp-Image-2024-04-25-at-16.05.16-1-.jpg","contentUrl":"https:\/\/portal135.com.br\/wp-content\/uploads\/2025\/02\/WhatsApp-Image-2024-04-25-at-16.05.16-1-.jpg","width":720,"height":392},{"@type":"BreadcrumbList","@id":"https:\/\/portal135.com.br\/?p=1720#breadcrumb","itemListElement":[{"@type":"ListItem","position":1,"name":"In\u00edcio","item":"https:\/\/portal135.com.br\/"},{"@type":"ListItem","position":2,"name":"Cantor Serginho Marques vai puxar a Ala Inclusiva do Baianas Ozadas"}]},{"@type":"WebSite","@id":"https:\/\/portal135.com.br\/#website","url":"https:\/\/portal135.com.br\/","name":"Portal 135","description":"Portal de Not\u00edcias","publisher":{"@id":"https:\/\/portal135.com.br\/#organization"},"potentialAction":[{"@type":"SearchAction","target":{"@type":"EntryPoint","urlTemplate":"https:\/\/portal135.com.br\/?s={search_term_string}"},"query-input":{"@type":"PropertyValueSpecification","valueRequired":true,"valueName":"search_term_string"}}],"inLanguage":"pt-BR"},{"@type":"Organization","@id":"https:\/\/portal135.com.br\/#organization","name":"Portal 135","url":"https:\/\/portal135.com.br\/","logo":{"@type":"ImageObject","inLanguage":"pt-BR","@id":"https:\/\/portal135.com.br\/#\/schema\/logo\/image\/","url":"https:\/\/portal135.com.br\/wp-content\/uploads\/2024\/09\/1000030041-removebg-preview.png","contentUrl":"https:\/\/portal135.com.br\/wp-content\/uploads\/2024\/09\/1000030041-removebg-preview.png","width":500,"height":500,"caption":"Portal 135"},"image":{"@id":"https:\/\/portal135.com.br\/#\/schema\/logo\/image\/"}},{"@type":"Person","@id":"https:\/\/portal135.com.br\/#\/schema\/person\/8b1047d329adb7f2596093a79f5658e6","name":"Felipe De Jesus","image":{"@type":"ImageObject","inLanguage":"pt-BR","@id":"https:\/\/secure.gravatar.com\/avatar\/c7bb18151e6c15c2f6c17d6a985b65614e924b0a2109679be31286f997dd99df?s=96&d=mm&r=g","url":"https:\/\/secure.gravatar.com\/avatar\/c7bb18151e6c15c2f6c17d6a985b65614e924b0a2109679be31286f997dd99df?s=96&d=mm&r=g","contentUrl":"https:\/\/secure.gravatar.com\/avatar\/c7bb18151e6c15c2f6c17d6a985b65614e924b0a2109679be31286f997dd99df?s=96&d=mm&r=g","caption":"Felipe De Jesus"},"url":"https:\/\/portal135.com.br\/?author=5"}]}},"_links":{"self":[{"href":"https:\/\/portal135.com.br\/index.php?rest_route=\/wp\/v2\/posts\/1720","targetHints":{"allow":["GET"]}}],"collection":[{"href":"https:\/\/portal135.com.br\/index.php?rest_route=\/wp\/v2\/posts"}],"about":[{"href":"https:\/\/portal135.com.br\/index.php?rest_route=\/wp\/v2\/types\/post"}],"author":[{"embeddable":true,"href":"https:\/\/portal135.com.br\/index.php?rest_route=\/wp\/v2\/users\/5"}],"replies":[{"embeddable":true,"href":"https:\/\/portal135.com.br\/index.php?rest_route=%2Fwp%2Fv2%2Fcomments&post=1720"}],"version-history":[{"count":1,"href":"https:\/\/portal135.com.br\/index.php?rest_route=\/wp\/v2\/posts\/1720\/revisions"}],"predecessor-version":[{"id":1721,"href":"https:\/\/portal135.com.br\/index.php?rest_route=\/wp\/v2\/posts\/1720\/revisions\/1721"}],"wp:featuredmedia":[{"embeddable":true,"href":"https:\/\/portal135.com.br\/index.php?rest_route=\/wp\/v2\/media\/1722"}],"wp:attachment":[{"href":"https:\/\/portal135.com.br\/index.php?rest_route=%2Fwp%2Fv2%2Fmedia&parent=1720"}],"wp:term":[{"taxonomy":"category","embeddable":true,"href":"https:\/\/portal135.com.br\/index.php?rest_route=%2Fwp%2Fv2%2Fcategories&post=1720"},{"taxonomy":"post_tag","embeddable":true,"href":"https:\/\/portal135.com.br\/index.php?rest_route=%2Fwp%2Fv2%2Ftags&post=1720"}],"curies":[{"name":"wp","href":"https:\/\/api.w.org\/{rel}","templated":true}]}}