{"id":1676,"date":"2025-02-25T17:39:49","date_gmt":"2025-02-25T17:39:49","guid":{"rendered":"https:\/\/portal135.com.br\/?p=1676"},"modified":"2025-02-25T17:39:49","modified_gmt":"2025-02-25T17:39:49","slug":"fonoaudiologa-alerta-sobre-cuidados-com-a-voz-durante-o-carnaval","status":"publish","type":"post","link":"https:\/\/portal135.com.br\/?p=1676","title":{"rendered":"Fonoaudi\u00f3loga alerta sobre cuidados com a voz durante o Carnaval"},"content":{"rendered":"\n<p><strong>Dra. Silvia Andrade &#8211; Acervo pessoal.<\/strong><\/p>\n\n\n\n<p class=\"has-text-align-center\"><strong><em>A Dra. Silvia Andrade, fonoaudi\u00f3loga e mentora em comunica\u00e7\u00e3o, fala sobre como foli\u00f5es, cantores e vendedores ambulantes podem se proteger<\/em><\/strong><\/p>\n\n\n\n<p>O Carnaval chegou, e com ele, a necessidade de cuidados adequados com a voz. A Dra. Silvia Campanha, fonoaudi\u00f3loga e mentora em comunica\u00e7\u00e3o, que est\u00e1 \u00e0 frente da Servoz Cl\u00ednica, compartilha dicas essenciais para foli\u00f5es, cantores e vendedores ambulantes garantirem que a folia n\u00e3o acabe em sil\u00eancio.<\/p>\n\n\n\n<p><img decoding=\"async\" width=\"200\" src=\"https:\/\/ci3.googleusercontent.com\/meips\/ADKq_NZSJz-rT7qNmTkemQa9uNmwq2wP_75Ek_6H3bRNUzWRAg4ATvDyW19g8hCgVJG_S9Mt-2WNkEMeKatqG0yG-nSKwsGnyUorQR2FC1JnRz1utbLCCada7CyF-qE_Wgq2bYURe1ndDWdOdwjugXfmN2aK1GrdL8QJA94YNpZ3fIkeJQNw6XyxK34R3eMPBS_FDXlynaWpZuaAsyv00L7S=s0-d-e1-ft#https:\/\/files.pressmanager.net\/clientes\/67dd844a69e08263976a65f343f9b4e0\/imagens\/2025\/02\/25\/eeaf6ce9d7b4b6b0bbc2d4b69dc6abb2_medium.jpg\" alt=\"\"><\/p>\n\n\n\n<p>&#8220;O Carnaval \u00e9 famoso por sua energia efervescente e divers\u00e3o. Entretanto, \u00e9 crucial lembrar que a empolga\u00e7\u00e3o exagerada pode ser um vil\u00e3o para a sa\u00fade vocal&#8221;, informou a Dra. Andrade. &#8220;Gritar e cantar incessantemente em meio ao forte barulho ambiente tende a for\u00e7ar as pregas vocais, mais conhecida como as cordas vocais, levando a danos&#8221;, disse.<\/p>\n\n\n\n<p>Entre as recomenda\u00e7\u00f5es de Dra. Andrade, a hidrata\u00e7\u00e3o ocupa posi\u00e7\u00e3o central. &#8220;Manter a ingest\u00e3o regular de \u00e1gua \u00e9 chave, especialmente em ambientes lotados e quentes, prevenindo rouquid\u00e3o e perda de voz. \u00c9 importante evitar bebidas alco\u00f3licas e com cafe\u00edna em excesso&#8221;, explicou. Ela sugere tamb\u00e9m prestar aten\u00e7\u00e3o na intensidade vocal, ou seja, tentar evitar&nbsp; gritar competindo com o barulho externo e ao chegar em casa, ap\u00f3s a folia, descansar a voz&nbsp; para repousar as pregas vocais.<\/p>\n\n\n\n<p>Para os cantores que atuam durante o Carnaval, Dra. Andrade enfatiza a import\u00e2ncia de exerc\u00edcios de aquecimento vocal antes de subir ao palco e a escolha cuidadosa de microfones de qualidade para minimizar o desgaste vocal, al\u00e9m de ter um bom retorno e prote\u00e7\u00e3o auditiva. &#8220;O equipamento adequado ajuda a preservar a voz nas longas horas das apresenta\u00e7\u00f5es carnavalescas&#8221;, destacou.<\/p>\n\n\n\n<p>Os vendedores ambulantes, frequentemente expostos ao desgaste vocal devido \u00e0 necessidade de se fazerem ouvir em meio \u00e0s multid\u00f5es, recebem o conselho de usar amplificadores de voz. &#8220;Essa abordagem n\u00e3o s\u00f3 protege as pregas vocais, como tamb\u00e9m potencializa a clareza e o alcance do chamamento ao p\u00fablico&#8221;, sugeriu Dra. Andrade. Ela reitera a signific\u00e2ncia do descanso vocal e da hidrata\u00e7\u00e3o cont\u00ednua.<\/p>\n\n\n\n<p>Dra. Andrade tamb\u00e9m fala sobre a revis\u00e3o peri\u00f3dica dos sintomas de alerta. &#8220;Rouquid\u00e3o persistente, dor de garganta e dificuldades na fala podem ser indicadores de complica\u00e7\u00f5es s\u00e9rias e devem ser avaliados profissionalmente,&#8221; alertou. &#8220;A sa\u00fade vocal n\u00e3o deve ser negligenciada durante a folia,&#8221; concluiu.<\/p>\n\n\n\n<p><strong>Sobre a Dra. Silvia Andrade<\/strong><\/p>\n\n\n\n<p>CEO da SerVoz- Sa\u00fade e Comunica\u00e7\u00e3o, \u00e9 Doutora em Sa\u00fade e Desenvolvimento Humano\/UFMS. Mestre em Ci\u00eancias da Sa\u00fade\/MG. Especialista em Voz, Motricidade orofacial pela Sociedade Brasileira de Fonoaudiologia (SBFa). Certificada em Fonoaudiologia do Sono\/ABS. Autora de livros e co-autora do livro Assessoria e Consultoria em Comunica\u00e7\u00e3o I- Estrat\u00e9gias Comunicativa. Publicou artigos na \u00e1rea da sa\u00fade e da comunica\u00e7\u00e3o. Lecionou na gradua\u00e7\u00e3o e p\u00f3s-gradua\u00e7\u00e3o da Faculdade FEAD-Faculdade Empreendedora\/MG. H\u00e1 mais de 25 anos atua em mentoria em comunica\u00e7\u00e3o humana. Ministra cursos e treinamentos em voz profissional, comunica\u00e7\u00e3o eficaz e sa\u00fade da comunica\u00e7\u00e3o. Fonoaudi\u00f3loga clinica e pesquisadora. Executive Coach\/ Life Coach.-ICI.<\/p>\n\n\n\n<p><strong>Dra. Silvia Andrade no Instagram:&nbsp;<a href=\"https:\/\/www.instagram.com\/dra.silviacampanha\" target=\"_blank\" rel=\"noreferrer noopener\">https:\/\/www.instagram.com\/dra.silviacampanha<\/a><\/strong><\/p>\n\n\n\n<p><strong>Cl\u00ednica Servoz no Instagram:&nbsp;<a href=\"https:\/\/www.instagram.com\/servoz.clinica\/\" target=\"_blank\" rel=\"noreferrer noopener\">https:\/\/www.instagram.com\/servoz.clinica\/<\/a><\/strong><\/p>\n","protected":false},"excerpt":{"rendered":"<p>Dra. Silvia Andrade &#8211; Acervo pessoal. A Dra. Silvia Andrade, fonoaudi\u00f3loga e mentora em comunica\u00e7\u00e3o, fala sobre como foli\u00f5es, cantores e vendedores ambulantes podem se proteger O Carnaval chegou, e com ele, a necessidade de cuidados adequados com a voz. A Dra. Silvia Campanha, fonoaudi\u00f3loga e mentora em comunica\u00e7\u00e3o, que est\u00e1 \u00e0 frente da Servoz Cl\u00ednica, compartilha dicas essenciais para foli\u00f5es, cantores e vendedores ambulantes garantirem que a folia n\u00e3o acabe em sil\u00eancio. &#8220;O Carnaval \u00e9 famoso por sua energia efervescente e divers\u00e3o. Entretanto, \u00e9 crucial lembrar que a empolga\u00e7\u00e3o exagerada pode ser um vil\u00e3o para a sa\u00fade vocal&#8221;, informou a Dra. Andrade. &#8220;Gritar e cantar incessantemente em meio ao forte barulho ambiente tende a for\u00e7ar as pregas vocais, mais conhecida como as cordas vocais, levando a danos&#8221;, disse. Entre as recomenda\u00e7\u00f5es de Dra. Andrade, a hidrata\u00e7\u00e3o ocupa posi\u00e7\u00e3o central. &#8220;Manter a ingest\u00e3o regular de \u00e1gua \u00e9 chave, especialmente em ambientes lotados e quentes, prevenindo rouquid\u00e3o e perda de voz. \u00c9 importante evitar bebidas alco\u00f3licas e com cafe\u00edna em excesso&#8221;, explicou. Ela sugere tamb\u00e9m prestar aten\u00e7\u00e3o na intensidade vocal, ou seja, tentar evitar&nbsp; gritar competindo com o barulho externo e ao chegar em casa, ap\u00f3s a folia, descansar a voz&nbsp; para repousar as pregas vocais. Para os cantores que atuam durante o Carnaval, Dra. Andrade enfatiza a import\u00e2ncia de exerc\u00edcios de aquecimento vocal antes de subir ao palco e a escolha cuidadosa de microfones de qualidade para minimizar o desgaste vocal, al\u00e9m de ter um bom retorno e prote\u00e7\u00e3o auditiva. &#8220;O equipamento adequado ajuda a preservar a voz nas longas horas das apresenta\u00e7\u00f5es carnavalescas&#8221;, destacou. Os vendedores ambulantes, frequentemente expostos ao desgaste vocal devido \u00e0 necessidade de se fazerem ouvir em meio \u00e0s multid\u00f5es, recebem o conselho de usar amplificadores de voz. &#8220;Essa abordagem n\u00e3o s\u00f3 protege as pregas vocais, como tamb\u00e9m potencializa a clareza e o alcance do chamamento ao p\u00fablico&#8221;, sugeriu Dra. Andrade. Ela reitera a signific\u00e2ncia do descanso vocal e da hidrata\u00e7\u00e3o cont\u00ednua. Dra. Andrade tamb\u00e9m fala sobre a revis\u00e3o peri\u00f3dica dos sintomas de alerta. &#8220;Rouquid\u00e3o persistente, dor de garganta e dificuldades na fala podem ser indicadores de complica\u00e7\u00f5es s\u00e9rias e devem ser avaliados profissionalmente,&#8221; alertou. &#8220;A sa\u00fade vocal n\u00e3o deve ser negligenciada durante a folia,&#8221; concluiu. Sobre a Dra. Silvia Andrade CEO da SerVoz- Sa\u00fade e Comunica\u00e7\u00e3o, \u00e9 Doutora em Sa\u00fade e Desenvolvimento Humano\/UFMS. Mestre em Ci\u00eancias da Sa\u00fade\/MG. Especialista em Voz, Motricidade orofacial pela Sociedade Brasileira de Fonoaudiologia (SBFa). Certificada em Fonoaudiologia do Sono\/ABS. Autora de livros e co-autora do livro Assessoria e Consultoria em Comunica\u00e7\u00e3o I- Estrat\u00e9gias Comunicativa. Publicou artigos na \u00e1rea da sa\u00fade e da comunica\u00e7\u00e3o. Lecionou na gradua\u00e7\u00e3o e p\u00f3s-gradua\u00e7\u00e3o da Faculdade FEAD-Faculdade Empreendedora\/MG. H\u00e1 mais de 25 anos atua em mentoria em comunica\u00e7\u00e3o humana. Ministra cursos e treinamentos em voz profissional, comunica\u00e7\u00e3o eficaz e sa\u00fade da comunica\u00e7\u00e3o. Fonoaudi\u00f3loga clinica e pesquisadora. Executive Coach\/ Life Coach.-ICI. Dra. Silvia Andrade no Instagram:&nbsp;https:\/\/www.instagram.com\/dra.silviacampanha Cl\u00ednica Servoz no Instagram:&nbsp;https:\/\/www.instagram.com\/servoz.clinica\/<\/p>\n","protected":false},"author":5,"featured_media":1677,"comment_status":"open","ping_status":"open","sticky":true,"template":"","format":"standard","meta":{"footnotes":""},"categories":[32],"tags":[],"class_list":["post-1676","post","type-post","status-publish","format-standard","has-post-thumbnail","hentry","category-brasil"],"yoast_head":"<!-- This site is optimized with the Yoast SEO plugin v27.3 - https:\/\/yoast.com\/product\/yoast-seo-wordpress\/ -->\n<title>Fonoaudi\u00f3loga alerta sobre cuidados com a voz durante o Carnaval<\/title>\n<meta name=\"robots\" content=\"index, follow, max-snippet:-1, max-image-preview:large, max-video-preview:-1\" \/>\n<link rel=\"canonical\" href=\"https:\/\/portal135.com.br\/?p=1676\" \/>\n<meta property=\"og:locale\" content=\"pt_BR\" \/>\n<meta property=\"og:type\" content=\"article\" \/>\n<meta property=\"og:title\" content=\"Fonoaudi\u00f3loga alerta sobre cuidados com a voz durante o Carnaval\" \/>\n<meta property=\"og:description\" content=\"Dra. Silvia Andrade &#8211; Acervo pessoal. A Dra. Silvia Andrade, fonoaudi\u00f3loga e mentora em comunica\u00e7\u00e3o, fala sobre como foli\u00f5es, cantores e vendedores ambulantes podem se proteger O Carnaval chegou, e com ele, a necessidade de cuidados adequados com a voz. A Dra. Silvia Campanha, fonoaudi\u00f3loga e mentora em comunica\u00e7\u00e3o, que est\u00e1 \u00e0 frente da Servoz Cl\u00ednica, compartilha dicas essenciais para foli\u00f5es, cantores e vendedores ambulantes garantirem que a folia n\u00e3o acabe em sil\u00eancio. &#8220;O Carnaval \u00e9 famoso por sua energia efervescente e divers\u00e3o. Entretanto, \u00e9 crucial lembrar que a empolga\u00e7\u00e3o exagerada pode ser um vil\u00e3o para a sa\u00fade vocal&#8221;, informou a Dra. Andrade. &#8220;Gritar e cantar incessantemente em meio ao forte barulho ambiente tende a for\u00e7ar as pregas vocais, mais conhecida como as cordas vocais, levando a danos&#8221;, disse. Entre as recomenda\u00e7\u00f5es de Dra. Andrade, a hidrata\u00e7\u00e3o ocupa posi\u00e7\u00e3o central. &#8220;Manter a ingest\u00e3o regular de \u00e1gua \u00e9 chave, especialmente em ambientes lotados e quentes, prevenindo rouquid\u00e3o e perda de voz. \u00c9 importante evitar bebidas alco\u00f3licas e com cafe\u00edna em excesso&#8221;, explicou. Ela sugere tamb\u00e9m prestar aten\u00e7\u00e3o na intensidade vocal, ou seja, tentar evitar&nbsp; gritar competindo com o barulho externo e ao chegar em casa, ap\u00f3s a folia, descansar a voz&nbsp; para repousar as pregas vocais. Para os cantores que atuam durante o Carnaval, Dra. Andrade enfatiza a import\u00e2ncia de exerc\u00edcios de aquecimento vocal antes de subir ao palco e a escolha cuidadosa de microfones de qualidade para minimizar o desgaste vocal, al\u00e9m de ter um bom retorno e prote\u00e7\u00e3o auditiva. &#8220;O equipamento adequado ajuda a preservar a voz nas longas horas das apresenta\u00e7\u00f5es carnavalescas&#8221;, destacou. Os vendedores ambulantes, frequentemente expostos ao desgaste vocal devido \u00e0 necessidade de se fazerem ouvir em meio \u00e0s multid\u00f5es, recebem o conselho de usar amplificadores de voz. &#8220;Essa abordagem n\u00e3o s\u00f3 protege as pregas vocais, como tamb\u00e9m potencializa a clareza e o alcance do chamamento ao p\u00fablico&#8221;, sugeriu Dra. Andrade. Ela reitera a signific\u00e2ncia do descanso vocal e da hidrata\u00e7\u00e3o cont\u00ednua. Dra. Andrade tamb\u00e9m fala sobre a revis\u00e3o peri\u00f3dica dos sintomas de alerta. &#8220;Rouquid\u00e3o persistente, dor de garganta e dificuldades na fala podem ser indicadores de complica\u00e7\u00f5es s\u00e9rias e devem ser avaliados profissionalmente,&#8221; alertou. &#8220;A sa\u00fade vocal n\u00e3o deve ser negligenciada durante a folia,&#8221; concluiu. Sobre a Dra. Silvia Andrade CEO da SerVoz- Sa\u00fade e Comunica\u00e7\u00e3o, \u00e9 Doutora em Sa\u00fade e Desenvolvimento Humano\/UFMS. Mestre em Ci\u00eancias da Sa\u00fade\/MG. Especialista em Voz, Motricidade orofacial pela Sociedade Brasileira de Fonoaudiologia (SBFa). Certificada em Fonoaudiologia do Sono\/ABS. Autora de livros e co-autora do livro Assessoria e Consultoria em Comunica\u00e7\u00e3o I- Estrat\u00e9gias Comunicativa. Publicou artigos na \u00e1rea da sa\u00fade e da comunica\u00e7\u00e3o. Lecionou na gradua\u00e7\u00e3o e p\u00f3s-gradua\u00e7\u00e3o da Faculdade FEAD-Faculdade Empreendedora\/MG. H\u00e1 mais de 25 anos atua em mentoria em comunica\u00e7\u00e3o humana. Ministra cursos e treinamentos em voz profissional, comunica\u00e7\u00e3o eficaz e sa\u00fade da comunica\u00e7\u00e3o. Fonoaudi\u00f3loga clinica e pesquisadora. Executive Coach\/ Life Coach.-ICI. Dra. Silvia Andrade no Instagram:&nbsp;https:\/\/www.instagram.com\/dra.silviacampanha Cl\u00ednica Servoz no Instagram:&nbsp;https:\/\/www.instagram.com\/servoz.clinica\/\" \/>\n<meta property=\"og:url\" content=\"https:\/\/portal135.com.br\/?p=1676\" \/>\n<meta property=\"og:site_name\" content=\"Portal 135\" \/>\n<meta property=\"article:published_time\" content=\"2025-02-25T17:39:49+00:00\" \/>\n<meta property=\"og:image\" content=\"https:\/\/portal135.com.br\/wp-content\/uploads\/2025\/02\/Dra-Silvia-40-.jpg\" \/>\n\t<meta property=\"og:image:width\" content=\"800\" \/>\n\t<meta property=\"og:image:height\" content=\"533\" \/>\n\t<meta property=\"og:image:type\" content=\"image\/jpeg\" \/>\n<meta name=\"author\" content=\"Felipe De Jesus\" \/>\n<meta name=\"twitter:card\" content=\"summary_large_image\" \/>\n<meta name=\"twitter:label1\" content=\"Escrito por\" \/>\n\t<meta name=\"twitter:data1\" content=\"Felipe De Jesus\" \/>\n\t<meta name=\"twitter:label2\" content=\"Est. tempo de leitura\" \/>\n\t<meta name=\"twitter:data2\" content=\"4 minutos\" \/>\n<script type=\"application\/ld+json\" class=\"yoast-schema-graph\">{\"@context\":\"https:\\\/\\\/schema.org\",\"@graph\":[{\"@type\":\"Article\",\"@id\":\"https:\\\/\\\/portal135.com.br\\\/?p=1676#article\",\"isPartOf\":{\"@id\":\"https:\\\/\\\/portal135.com.br\\\/?p=1676\"},\"author\":{\"name\":\"Felipe De Jesus\",\"@id\":\"https:\\\/\\\/portal135.com.br\\\/#\\\/schema\\\/person\\\/8b1047d329adb7f2596093a79f5658e6\"},\"headline\":\"Fonoaudi\u00f3loga alerta sobre cuidados com a voz durante o Carnaval\",\"datePublished\":\"2025-02-25T17:39:49+00:00\",\"mainEntityOfPage\":{\"@id\":\"https:\\\/\\\/portal135.com.br\\\/?p=1676\"},\"wordCount\":569,\"commentCount\":0,\"publisher\":{\"@id\":\"https:\\\/\\\/portal135.com.br\\\/#organization\"},\"image\":{\"@id\":\"https:\\\/\\\/portal135.com.br\\\/?p=1676#primaryimage\"},\"thumbnailUrl\":\"https:\\\/\\\/portal135.com.br\\\/wp-content\\\/uploads\\\/2025\\\/02\\\/Dra-Silvia-40-.jpg\",\"articleSection\":[\"Brasil\"],\"inLanguage\":\"pt-BR\",\"potentialAction\":[{\"@type\":\"CommentAction\",\"name\":\"Comment\",\"target\":[\"https:\\\/\\\/portal135.com.br\\\/?p=1676#respond\"]}]},{\"@type\":\"WebPage\",\"@id\":\"https:\\\/\\\/portal135.com.br\\\/?p=1676\",\"url\":\"https:\\\/\\\/portal135.com.br\\\/?p=1676\",\"name\":\"Fonoaudi\u00f3loga alerta sobre cuidados com a voz durante o Carnaval\",\"isPartOf\":{\"@id\":\"https:\\\/\\\/portal135.com.br\\\/#website\"},\"primaryImageOfPage\":{\"@id\":\"https:\\\/\\\/portal135.com.br\\\/?p=1676#primaryimage\"},\"image\":{\"@id\":\"https:\\\/\\\/portal135.com.br\\\/?p=1676#primaryimage\"},\"thumbnailUrl\":\"https:\\\/\\\/portal135.com.br\\\/wp-content\\\/uploads\\\/2025\\\/02\\\/Dra-Silvia-40-.jpg\",\"datePublished\":\"2025-02-25T17:39:49+00:00\",\"breadcrumb\":{\"@id\":\"https:\\\/\\\/portal135.com.br\\\/?p=1676#breadcrumb\"},\"inLanguage\":\"pt-BR\",\"potentialAction\":[{\"@type\":\"ReadAction\",\"target\":[\"https:\\\/\\\/portal135.com.br\\\/?p=1676\"]}]},{\"@type\":\"ImageObject\",\"inLanguage\":\"pt-BR\",\"@id\":\"https:\\\/\\\/portal135.com.br\\\/?p=1676#primaryimage\",\"url\":\"https:\\\/\\\/portal135.com.br\\\/wp-content\\\/uploads\\\/2025\\\/02\\\/Dra-Silvia-40-.jpg\",\"contentUrl\":\"https:\\\/\\\/portal135.com.br\\\/wp-content\\\/uploads\\\/2025\\\/02\\\/Dra-Silvia-40-.jpg\",\"width\":800,\"height\":533},{\"@type\":\"BreadcrumbList\",\"@id\":\"https:\\\/\\\/portal135.com.br\\\/?p=1676#breadcrumb\",\"itemListElement\":[{\"@type\":\"ListItem\",\"position\":1,\"name\":\"In\u00edcio\",\"item\":\"https:\\\/\\\/portal135.com.br\\\/\"},{\"@type\":\"ListItem\",\"position\":2,\"name\":\"Fonoaudi\u00f3loga alerta sobre cuidados com a voz durante o Carnaval\"}]},{\"@type\":\"WebSite\",\"@id\":\"https:\\\/\\\/portal135.com.br\\\/#website\",\"url\":\"https:\\\/\\\/portal135.com.br\\\/\",\"name\":\"Portal 135\",\"description\":\"Portal de Not\u00edcias\",\"publisher\":{\"@id\":\"https:\\\/\\\/portal135.com.br\\\/#organization\"},\"potentialAction\":[{\"@type\":\"SearchAction\",\"target\":{\"@type\":\"EntryPoint\",\"urlTemplate\":\"https:\\\/\\\/portal135.com.br\\\/?s={search_term_string}\"},\"query-input\":{\"@type\":\"PropertyValueSpecification\",\"valueRequired\":true,\"valueName\":\"search_term_string\"}}],\"inLanguage\":\"pt-BR\"},{\"@type\":\"Organization\",\"@id\":\"https:\\\/\\\/portal135.com.br\\\/#organization\",\"name\":\"Portal 135\",\"url\":\"https:\\\/\\\/portal135.com.br\\\/\",\"logo\":{\"@type\":\"ImageObject\",\"inLanguage\":\"pt-BR\",\"@id\":\"https:\\\/\\\/portal135.com.br\\\/#\\\/schema\\\/logo\\\/image\\\/\",\"url\":\"https:\\\/\\\/portal135.com.br\\\/wp-content\\\/uploads\\\/2024\\\/09\\\/1000030041-removebg-preview.png\",\"contentUrl\":\"https:\\\/\\\/portal135.com.br\\\/wp-content\\\/uploads\\\/2024\\\/09\\\/1000030041-removebg-preview.png\",\"width\":500,\"height\":500,\"caption\":\"Portal 135\"},\"image\":{\"@id\":\"https:\\\/\\\/portal135.com.br\\\/#\\\/schema\\\/logo\\\/image\\\/\"}},{\"@type\":\"Person\",\"@id\":\"https:\\\/\\\/portal135.com.br\\\/#\\\/schema\\\/person\\\/8b1047d329adb7f2596093a79f5658e6\",\"name\":\"Felipe De Jesus\",\"image\":{\"@type\":\"ImageObject\",\"inLanguage\":\"pt-BR\",\"@id\":\"https:\\\/\\\/secure.gravatar.com\\\/avatar\\\/c7bb18151e6c15c2f6c17d6a985b65614e924b0a2109679be31286f997dd99df?s=96&d=mm&r=g\",\"url\":\"https:\\\/\\\/secure.gravatar.com\\\/avatar\\\/c7bb18151e6c15c2f6c17d6a985b65614e924b0a2109679be31286f997dd99df?s=96&d=mm&r=g\",\"contentUrl\":\"https:\\\/\\\/secure.gravatar.com\\\/avatar\\\/c7bb18151e6c15c2f6c17d6a985b65614e924b0a2109679be31286f997dd99df?s=96&d=mm&r=g\",\"caption\":\"Felipe De Jesus\"},\"url\":\"https:\\\/\\\/portal135.com.br\\\/?author=5\"}]}<\/script>\n<!-- \/ Yoast SEO plugin. -->","yoast_head_json":{"title":"Fonoaudi\u00f3loga alerta sobre cuidados com a voz durante o Carnaval","robots":{"index":"index","follow":"follow","max-snippet":"max-snippet:-1","max-image-preview":"max-image-preview:large","max-video-preview":"max-video-preview:-1"},"canonical":"https:\/\/portal135.com.br\/?p=1676","og_locale":"pt_BR","og_type":"article","og_title":"Fonoaudi\u00f3loga alerta sobre cuidados com a voz durante o Carnaval","og_description":"Dra. Silvia Andrade &#8211; Acervo pessoal. A Dra. Silvia Andrade, fonoaudi\u00f3loga e mentora em comunica\u00e7\u00e3o, fala sobre como foli\u00f5es, cantores e vendedores ambulantes podem se proteger O Carnaval chegou, e com ele, a necessidade de cuidados adequados com a voz. A Dra. Silvia Campanha, fonoaudi\u00f3loga e mentora em comunica\u00e7\u00e3o, que est\u00e1 \u00e0 frente da Servoz Cl\u00ednica, compartilha dicas essenciais para foli\u00f5es, cantores e vendedores ambulantes garantirem que a folia n\u00e3o acabe em sil\u00eancio. &#8220;O Carnaval \u00e9 famoso por sua energia efervescente e divers\u00e3o. Entretanto, \u00e9 crucial lembrar que a empolga\u00e7\u00e3o exagerada pode ser um vil\u00e3o para a sa\u00fade vocal&#8221;, informou a Dra. Andrade. &#8220;Gritar e cantar incessantemente em meio ao forte barulho ambiente tende a for\u00e7ar as pregas vocais, mais conhecida como as cordas vocais, levando a danos&#8221;, disse. Entre as recomenda\u00e7\u00f5es de Dra. Andrade, a hidrata\u00e7\u00e3o ocupa posi\u00e7\u00e3o central. &#8220;Manter a ingest\u00e3o regular de \u00e1gua \u00e9 chave, especialmente em ambientes lotados e quentes, prevenindo rouquid\u00e3o e perda de voz. \u00c9 importante evitar bebidas alco\u00f3licas e com cafe\u00edna em excesso&#8221;, explicou. Ela sugere tamb\u00e9m prestar aten\u00e7\u00e3o na intensidade vocal, ou seja, tentar evitar&nbsp; gritar competindo com o barulho externo e ao chegar em casa, ap\u00f3s a folia, descansar a voz&nbsp; para repousar as pregas vocais. Para os cantores que atuam durante o Carnaval, Dra. Andrade enfatiza a import\u00e2ncia de exerc\u00edcios de aquecimento vocal antes de subir ao palco e a escolha cuidadosa de microfones de qualidade para minimizar o desgaste vocal, al\u00e9m de ter um bom retorno e prote\u00e7\u00e3o auditiva. &#8220;O equipamento adequado ajuda a preservar a voz nas longas horas das apresenta\u00e7\u00f5es carnavalescas&#8221;, destacou. Os vendedores ambulantes, frequentemente expostos ao desgaste vocal devido \u00e0 necessidade de se fazerem ouvir em meio \u00e0s multid\u00f5es, recebem o conselho de usar amplificadores de voz. &#8220;Essa abordagem n\u00e3o s\u00f3 protege as pregas vocais, como tamb\u00e9m potencializa a clareza e o alcance do chamamento ao p\u00fablico&#8221;, sugeriu Dra. Andrade. Ela reitera a signific\u00e2ncia do descanso vocal e da hidrata\u00e7\u00e3o cont\u00ednua. Dra. Andrade tamb\u00e9m fala sobre a revis\u00e3o peri\u00f3dica dos sintomas de alerta. &#8220;Rouquid\u00e3o persistente, dor de garganta e dificuldades na fala podem ser indicadores de complica\u00e7\u00f5es s\u00e9rias e devem ser avaliados profissionalmente,&#8221; alertou. &#8220;A sa\u00fade vocal n\u00e3o deve ser negligenciada durante a folia,&#8221; concluiu. Sobre a Dra. Silvia Andrade CEO da SerVoz- Sa\u00fade e Comunica\u00e7\u00e3o, \u00e9 Doutora em Sa\u00fade e Desenvolvimento Humano\/UFMS. Mestre em Ci\u00eancias da Sa\u00fade\/MG. Especialista em Voz, Motricidade orofacial pela Sociedade Brasileira de Fonoaudiologia (SBFa). Certificada em Fonoaudiologia do Sono\/ABS. Autora de livros e co-autora do livro Assessoria e Consultoria em Comunica\u00e7\u00e3o I- Estrat\u00e9gias Comunicativa. Publicou artigos na \u00e1rea da sa\u00fade e da comunica\u00e7\u00e3o. Lecionou na gradua\u00e7\u00e3o e p\u00f3s-gradua\u00e7\u00e3o da Faculdade FEAD-Faculdade Empreendedora\/MG. H\u00e1 mais de 25 anos atua em mentoria em comunica\u00e7\u00e3o humana. Ministra cursos e treinamentos em voz profissional, comunica\u00e7\u00e3o eficaz e sa\u00fade da comunica\u00e7\u00e3o. Fonoaudi\u00f3loga clinica e pesquisadora. Executive Coach\/ Life Coach.-ICI. Dra. Silvia Andrade no Instagram:&nbsp;https:\/\/www.instagram.com\/dra.silviacampanha Cl\u00ednica Servoz no Instagram:&nbsp;https:\/\/www.instagram.com\/servoz.clinica\/","og_url":"https:\/\/portal135.com.br\/?p=1676","og_site_name":"Portal 135","article_published_time":"2025-02-25T17:39:49+00:00","og_image":[{"width":800,"height":533,"url":"https:\/\/portal135.com.br\/wp-content\/uploads\/2025\/02\/Dra-Silvia-40-.jpg","type":"image\/jpeg"}],"author":"Felipe De Jesus","twitter_card":"summary_large_image","twitter_misc":{"Escrito por":"Felipe De Jesus","Est. tempo de leitura":"4 minutos"},"schema":{"@context":"https:\/\/schema.org","@graph":[{"@type":"Article","@id":"https:\/\/portal135.com.br\/?p=1676#article","isPartOf":{"@id":"https:\/\/portal135.com.br\/?p=1676"},"author":{"name":"Felipe De Jesus","@id":"https:\/\/portal135.com.br\/#\/schema\/person\/8b1047d329adb7f2596093a79f5658e6"},"headline":"Fonoaudi\u00f3loga alerta sobre cuidados com a voz durante o Carnaval","datePublished":"2025-02-25T17:39:49+00:00","mainEntityOfPage":{"@id":"https:\/\/portal135.com.br\/?p=1676"},"wordCount":569,"commentCount":0,"publisher":{"@id":"https:\/\/portal135.com.br\/#organization"},"image":{"@id":"https:\/\/portal135.com.br\/?p=1676#primaryimage"},"thumbnailUrl":"https:\/\/portal135.com.br\/wp-content\/uploads\/2025\/02\/Dra-Silvia-40-.jpg","articleSection":["Brasil"],"inLanguage":"pt-BR","potentialAction":[{"@type":"CommentAction","name":"Comment","target":["https:\/\/portal135.com.br\/?p=1676#respond"]}]},{"@type":"WebPage","@id":"https:\/\/portal135.com.br\/?p=1676","url":"https:\/\/portal135.com.br\/?p=1676","name":"Fonoaudi\u00f3loga alerta sobre cuidados com a voz durante o Carnaval","isPartOf":{"@id":"https:\/\/portal135.com.br\/#website"},"primaryImageOfPage":{"@id":"https:\/\/portal135.com.br\/?p=1676#primaryimage"},"image":{"@id":"https:\/\/portal135.com.br\/?p=1676#primaryimage"},"thumbnailUrl":"https:\/\/portal135.com.br\/wp-content\/uploads\/2025\/02\/Dra-Silvia-40-.jpg","datePublished":"2025-02-25T17:39:49+00:00","breadcrumb":{"@id":"https:\/\/portal135.com.br\/?p=1676#breadcrumb"},"inLanguage":"pt-BR","potentialAction":[{"@type":"ReadAction","target":["https:\/\/portal135.com.br\/?p=1676"]}]},{"@type":"ImageObject","inLanguage":"pt-BR","@id":"https:\/\/portal135.com.br\/?p=1676#primaryimage","url":"https:\/\/portal135.com.br\/wp-content\/uploads\/2025\/02\/Dra-Silvia-40-.jpg","contentUrl":"https:\/\/portal135.com.br\/wp-content\/uploads\/2025\/02\/Dra-Silvia-40-.jpg","width":800,"height":533},{"@type":"BreadcrumbList","@id":"https:\/\/portal135.com.br\/?p=1676#breadcrumb","itemListElement":[{"@type":"ListItem","position":1,"name":"In\u00edcio","item":"https:\/\/portal135.com.br\/"},{"@type":"ListItem","position":2,"name":"Fonoaudi\u00f3loga alerta sobre cuidados com a voz durante o Carnaval"}]},{"@type":"WebSite","@id":"https:\/\/portal135.com.br\/#website","url":"https:\/\/portal135.com.br\/","name":"Portal 135","description":"Portal de Not\u00edcias","publisher":{"@id":"https:\/\/portal135.com.br\/#organization"},"potentialAction":[{"@type":"SearchAction","target":{"@type":"EntryPoint","urlTemplate":"https:\/\/portal135.com.br\/?s={search_term_string}"},"query-input":{"@type":"PropertyValueSpecification","valueRequired":true,"valueName":"search_term_string"}}],"inLanguage":"pt-BR"},{"@type":"Organization","@id":"https:\/\/portal135.com.br\/#organization","name":"Portal 135","url":"https:\/\/portal135.com.br\/","logo":{"@type":"ImageObject","inLanguage":"pt-BR","@id":"https:\/\/portal135.com.br\/#\/schema\/logo\/image\/","url":"https:\/\/portal135.com.br\/wp-content\/uploads\/2024\/09\/1000030041-removebg-preview.png","contentUrl":"https:\/\/portal135.com.br\/wp-content\/uploads\/2024\/09\/1000030041-removebg-preview.png","width":500,"height":500,"caption":"Portal 135"},"image":{"@id":"https:\/\/portal135.com.br\/#\/schema\/logo\/image\/"}},{"@type":"Person","@id":"https:\/\/portal135.com.br\/#\/schema\/person\/8b1047d329adb7f2596093a79f5658e6","name":"Felipe De Jesus","image":{"@type":"ImageObject","inLanguage":"pt-BR","@id":"https:\/\/secure.gravatar.com\/avatar\/c7bb18151e6c15c2f6c17d6a985b65614e924b0a2109679be31286f997dd99df?s=96&d=mm&r=g","url":"https:\/\/secure.gravatar.com\/avatar\/c7bb18151e6c15c2f6c17d6a985b65614e924b0a2109679be31286f997dd99df?s=96&d=mm&r=g","contentUrl":"https:\/\/secure.gravatar.com\/avatar\/c7bb18151e6c15c2f6c17d6a985b65614e924b0a2109679be31286f997dd99df?s=96&d=mm&r=g","caption":"Felipe De Jesus"},"url":"https:\/\/portal135.com.br\/?author=5"}]}},"_links":{"self":[{"href":"https:\/\/portal135.com.br\/index.php?rest_route=\/wp\/v2\/posts\/1676","targetHints":{"allow":["GET"]}}],"collection":[{"href":"https:\/\/portal135.com.br\/index.php?rest_route=\/wp\/v2\/posts"}],"about":[{"href":"https:\/\/portal135.com.br\/index.php?rest_route=\/wp\/v2\/types\/post"}],"author":[{"embeddable":true,"href":"https:\/\/portal135.com.br\/index.php?rest_route=\/wp\/v2\/users\/5"}],"replies":[{"embeddable":true,"href":"https:\/\/portal135.com.br\/index.php?rest_route=%2Fwp%2Fv2%2Fcomments&post=1676"}],"version-history":[{"count":1,"href":"https:\/\/portal135.com.br\/index.php?rest_route=\/wp\/v2\/posts\/1676\/revisions"}],"predecessor-version":[{"id":1678,"href":"https:\/\/portal135.com.br\/index.php?rest_route=\/wp\/v2\/posts\/1676\/revisions\/1678"}],"wp:featuredmedia":[{"embeddable":true,"href":"https:\/\/portal135.com.br\/index.php?rest_route=\/wp\/v2\/media\/1677"}],"wp:attachment":[{"href":"https:\/\/portal135.com.br\/index.php?rest_route=%2Fwp%2Fv2%2Fmedia&parent=1676"}],"wp:term":[{"taxonomy":"category","embeddable":true,"href":"https:\/\/portal135.com.br\/index.php?rest_route=%2Fwp%2Fv2%2Fcategories&post=1676"},{"taxonomy":"post_tag","embeddable":true,"href":"https:\/\/portal135.com.br\/index.php?rest_route=%2Fwp%2Fv2%2Ftags&post=1676"}],"curies":[{"name":"wp","href":"https:\/\/api.w.org\/{rel}","templated":true}]}}