{"id":1634,"date":"2025-02-19T15:27:14","date_gmt":"2025-02-19T15:27:14","guid":{"rendered":"https:\/\/portal135.com.br\/?p=1634"},"modified":"2025-02-19T15:27:14","modified_gmt":"2025-02-19T15:27:14","slug":"human-clinic-do-rio-de-janeiro-inaugura-unidade-com-evento-cultural-e-gastronomico-exclusivo","status":"publish","type":"post","link":"https:\/\/portal135.com.br\/?p=1634","title":{"rendered":"Human Clinic Do Rio De Janeiro Inaugura Unidade Com Evento Cultural E Gastron\u00f4mico Exclusivo"},"content":{"rendered":"\n<p><em>Cl\u00ednica m\u00e9dica de est\u00e9tica celebra abertura oficial com feijoada de Tia Surica, apresenta\u00e7\u00e3o da Portela e show de Jesus Luz<\/em><\/p>\n\n\n\n<p>A Human Clinic, renomada cl\u00ednica m\u00e9dica de est\u00e9tica, est\u00e1 prestes a inaugurar oficialmente sua unidade no Rio de Janeiro. Localizada na Barra da Tijuca, a cl\u00ednica oferece tratamentos de dermatologia, bem-estar e est\u00e9tica avan\u00e7ada, combinando tecnologia de ponta com uma equipe de profissionais altamente qualificados. Sob a supervis\u00e3o do Dr. Ivan Rollemberg, idealizador do projeto, a Human Clinic se destaca por proporcionar experi\u00eancias personalizadas e resultados de excel\u00eancia aos seus pacientes.<\/p>\n\n\n<!-- wp:image \"id\":9797 -->\n<figure class=\"wp-block-image\"><img decoding=\"async\" src=\"https:\/\/programacamarote.com.br\/wp-content\/uploads\/2025\/02\/61818f5e-e06c-4eea-8ec1-9b1ac29334f4-768x1024.jpeg\" alt=\"\" class=\"wp-image-9797\"\/><\/figure>\n<!-- \/wp:post-content -->\n\n<!-- wp:paragraph -->\n<p><em>Celebra\u00e7\u00e3o cultural e gastron\u00f4mica marca a inaugura\u00e7\u00e3o<\/em><\/p>\n<!-- \/wp:paragraph -->\n\n<!-- wp:paragraph -->\n<p>Para celebrar este marco, a Human Clinic realizar\u00e1 um evento exclusivo no dia 23 de fevereiro. A festividade contar\u00e1 com a tradicional Feijoada da Tia Surica, presidente de honra da Portela e \u00edcone do samba carioca. Reconhecida como patrim\u00f4nio hist\u00f3rico e cultural, Tia Surica traz em sua culin\u00e1ria a autenticidade e o sabor que representam a alma do Rio de Janeiro.<\/p>\n<!-- \/wp:paragraph -->\n\n<!-- wp:paragraph -->\n<p>Al\u00e9m da feijoada, os convidados ser\u00e3o agraciados com uma apresenta\u00e7\u00e3o especial da bateria da Portela, incluindo a rainha de bateria, mestre-sala e porta-bandeira, proporcionando um espet\u00e1culo que celebra as ra\u00edzes do samba e a tradi\u00e7\u00e3o das escolas cariocas.<\/p>\n<!-- \/wp:paragraph -->\n\n<!-- wp:image \"id\":9798 -->\n<figure class=\"wp-block-image\"><img decoding=\"async\" src=\"https:\/\/programacamarote.com.br\/wp-content\/uploads\/2025\/02\/34ef8a5f-d035-409b-9dcf-caef74da6f6f-1024x681.jpeg\" alt=\"\" class=\"wp-image-9798\"\/><\/figure>\n<!-- \/wp:image -->\n\n<!-- wp:image \"id\":9799 -->\n<figure class=\"wp-block-image\"><img decoding=\"async\" src=\"https:\/\/programacamarote.com.br\/wp-content\/uploads\/2025\/02\/c13a6a17-2979-40f3-883b-ab1e63caa234-1024x683.jpeg\" alt=\"\" class=\"wp-image-9799\"\/><\/figure>\n<!-- \/wp:image -->\n\n<!-- wp:paragraph -->\n<p><em>Atra\u00e7\u00f5es musicais e cobertura da imprensa<\/em><\/p>\n<!-- \/wp:paragraph -->\n\n<!-- wp:paragraph -->\n<p>A anima\u00e7\u00e3o musical ficar\u00e1 por conta do DJ e modelo Jesus Luz, que comandar\u00e1 as pick-ups com um setlist especialmente preparado para a ocasi\u00e3o. Conhecido por sua carreira internacional e presen\u00e7a marcante nas pistas, Jesus Luz promete agitar o p\u00fablico presente.<\/p>\n<!-- \/wp:paragraph -->\n\n<!-- wp:paragraph -->\n<p>O evento tamb\u00e9m contar\u00e1 com a cobertura da renomada revista Vogue Brasil e de diversos ve\u00edculos de imprensa, garantindo ampla visibilidade e destaque na m\u00eddia nacional.<\/p>\n<!-- \/wp:paragraph -->\n\n<!-- wp:image \"id\":9800 -->\n<figure class=\"wp-block-image\"><img decoding=\"async\" src=\"https:\/\/programacamarote.com.br\/wp-content\/uploads\/2025\/02\/7b8c4a33-40a5-4219-964f-ed82585ba2f2-731x1024.jpeg\" alt=\"\" class=\"wp-image-9800\"\/><\/figure>\n<!-- \/wp:image -->\n\n<!-- wp:paragraph -->\n<p><em>Convidados seletos e organiza\u00e7\u00e3o do evento<\/em><\/p>\n<!-- \/wp:paragraph -->\n\n<!-- wp:paragraph -->\n<p>Com uma lista exclusiva de 300 convidados, o evento reunir\u00e1 personalidades, celebridades e influenciadores, todos selecionados criteriosamente para celebrar este momento especial. A organiza\u00e7\u00e3o est\u00e1 priorizando a presen\u00e7a de figuras de destaque no cen\u00e1rio art\u00edstico e cultural, assegurando um ambiente sofisticado e intimista.<\/p>\n<!-- \/wp:paragraph -->\n\n<!-- wp:paragraph -->\n<p>O Dr. Ivan Rollemberg expressou entusiasmo com a inaugura\u00e7\u00e3o e destacou a import\u00e2ncia de celebrar este marco com um evento que reflete a identidade e a cultura do Rio de Janeiro.<\/p>\n<!-- \/wp:paragraph -->\n\n<!-- wp:image \"id\":9801 -->\n<figure class=\"wp-block-image\"><img decoding=\"async\" src=\"https:\/\/programacamarote.com.br\/wp-content\/uploads\/2025\/02\/65d8ba77-b84d-403e-acd5-493ac8396f82-1024x682.jpeg\" alt=\"\" class=\"wp-image-9801\"\/><\/figure>\n<!-- \/wp:image -->\n\n<!-- wp:paragraph -->\n<p>Para mais informa\u00e7\u00f5es sobre a Human Clinic e seus servi\u00e7os, visite o site oficial:&nbsp;<strong>https:\/\/humanclinic.com.br\/<\/strong><\/p>\n<!-- \/wp:paragraph -->","protected":false},"excerpt":{"rendered":"<p>Cl\u00ednica m\u00e9dica de est\u00e9tica celebra abertura oficial com feijoada de Tia Surica, apresenta\u00e7\u00e3o da Portela e show de Jesus Luz A Human Clinic, renomada cl\u00ednica m\u00e9dica de est\u00e9tica, est\u00e1 prestes a inaugurar oficialmente sua unidade no Rio de Janeiro. Localizada na Barra da Tijuca, a cl\u00ednica oferece tratamentos de dermatologia, bem-estar e est\u00e9tica avan\u00e7ada, combinando tecnologia de ponta com uma equipe de profissionais altamente qualificados. Sob a supervis\u00e3o do Dr. Ivan Rollemberg, idealizador do projeto, a Human Clinic se destaca por proporcionar experi\u00eancias personalizadas e resultados de excel\u00eancia aos seus pacientes. Celebra\u00e7\u00e3o cultural e gastron\u00f4mica marca a inaugura\u00e7\u00e3o Para celebrar [\u2026]<\/p>\n","protected":false},"author":6,"featured_media":1633,"comment_status":"closed","ping_status":"open","sticky":false,"template":"","format":"standard","meta":{"footnotes":""},"categories":[37],"tags":[],"class_list":["post-1634","post","type-post","status-publish","format-standard","has-post-thumbnail","hentry","category-geral"],"yoast_head":"<!-- This site is optimized with the Yoast SEO plugin v27.3 - https:\/\/yoast.com\/product\/yoast-seo-wordpress\/ -->\n<title>Human Clinic Do Rio De Janeiro Inaugura Unidade Com Evento Cultural E Gastron\u00f4mico Exclusivo<\/title>\n<meta name=\"robots\" content=\"index, follow, max-snippet:-1, max-image-preview:large, max-video-preview:-1\" \/>\n<link rel=\"canonical\" href=\"https:\/\/portal135.com.br\/?p=1634\" \/>\n<meta property=\"og:locale\" content=\"pt_BR\" \/>\n<meta property=\"og:type\" content=\"article\" \/>\n<meta property=\"og:title\" content=\"Human Clinic Do Rio De Janeiro Inaugura Unidade Com Evento Cultural E Gastron\u00f4mico Exclusivo\" \/>\n<meta property=\"og:description\" content=\"Cl\u00ednica m\u00e9dica de est\u00e9tica celebra abertura oficial com feijoada de Tia Surica, apresenta\u00e7\u00e3o da Portela e show de Jesus Luz A Human Clinic, renomada cl\u00ednica m\u00e9dica de est\u00e9tica, est\u00e1 prestes a inaugurar oficialmente sua unidade no Rio de Janeiro. Localizada na Barra da Tijuca, a cl\u00ednica oferece tratamentos de dermatologia, bem-estar e est\u00e9tica avan\u00e7ada, combinando tecnologia de ponta com uma equipe de profissionais altamente qualificados. Sob a supervis\u00e3o do Dr. Ivan Rollemberg, idealizador do projeto, a Human Clinic se destaca por proporcionar experi\u00eancias personalizadas e resultados de excel\u00eancia aos seus pacientes. Celebra\u00e7\u00e3o cultural e gastron\u00f4mica marca a inaugura\u00e7\u00e3o Para celebrar [\u2026]\" \/>\n<meta property=\"og:url\" content=\"https:\/\/portal135.com.br\/?p=1634\" \/>\n<meta property=\"og:site_name\" content=\"Portal 135\" \/>\n<meta property=\"article:published_time\" content=\"2025-02-19T15:27:14+00:00\" \/>\n<meta property=\"og:image\" content=\"https:\/\/portal135.com.br\/wp-content\/uploads\/2025\/02\/004fad81-9f1a-4a0a-b212-8889663a022e.jpeg\" \/>\n\t<meta property=\"og:image:width\" content=\"1600\" \/>\n\t<meta property=\"og:image:height\" content=\"1064\" \/>\n\t<meta property=\"og:image:type\" content=\"image\/jpeg\" \/>\n<meta name=\"author\" content=\"Altair Campos\" \/>\n<meta name=\"twitter:card\" content=\"summary_large_image\" \/>\n<meta name=\"twitter:label1\" content=\"Escrito por\" \/>\n\t<meta name=\"twitter:data1\" content=\"Altair Campos\" \/>\n\t<meta name=\"twitter:label2\" content=\"Est. tempo de leitura\" \/>\n\t<meta name=\"twitter:data2\" content=\"2 minutos\" \/>\n<script type=\"application\/ld+json\" class=\"yoast-schema-graph\">{\"@context\":\"https:\\\/\\\/schema.org\",\"@graph\":[{\"@type\":\"Article\",\"@id\":\"https:\\\/\\\/portal135.com.br\\\/?p=1634#article\",\"isPartOf\":{\"@id\":\"https:\\\/\\\/portal135.com.br\\\/?p=1634\"},\"author\":{\"name\":\"Altair Campos\",\"@id\":\"https:\\\/\\\/portal135.com.br\\\/#\\\/schema\\\/person\\\/98d657cdbd52d9a3cc926f416862beb1\"},\"headline\":\"Human Clinic Do Rio De Janeiro Inaugura Unidade Com Evento Cultural E Gastron\u00f4mico Exclusivo\",\"datePublished\":\"2025-02-19T15:27:14+00:00\",\"mainEntityOfPage\":{\"@id\":\"https:\\\/\\\/portal135.com.br\\\/?p=1634\"},\"wordCount\":424,\"publisher\":{\"@id\":\"https:\\\/\\\/portal135.com.br\\\/#organization\"},\"image\":{\"@id\":\"https:\\\/\\\/portal135.com.br\\\/?p=1634#primaryimage\"},\"thumbnailUrl\":\"https:\\\/\\\/portal135.com.br\\\/wp-content\\\/uploads\\\/2025\\\/02\\\/004fad81-9f1a-4a0a-b212-8889663a022e.jpeg\",\"articleSection\":[\"Geral\"],\"inLanguage\":\"pt-BR\"},{\"@type\":\"WebPage\",\"@id\":\"https:\\\/\\\/portal135.com.br\\\/?p=1634\",\"url\":\"https:\\\/\\\/portal135.com.br\\\/?p=1634\",\"name\":\"Human Clinic Do Rio De Janeiro Inaugura Unidade Com Evento Cultural E Gastron\u00f4mico Exclusivo\",\"isPartOf\":{\"@id\":\"https:\\\/\\\/portal135.com.br\\\/#website\"},\"primaryImageOfPage\":{\"@id\":\"https:\\\/\\\/portal135.com.br\\\/?p=1634#primaryimage\"},\"image\":{\"@id\":\"https:\\\/\\\/portal135.com.br\\\/?p=1634#primaryimage\"},\"thumbnailUrl\":\"https:\\\/\\\/portal135.com.br\\\/wp-content\\\/uploads\\\/2025\\\/02\\\/004fad81-9f1a-4a0a-b212-8889663a022e.jpeg\",\"datePublished\":\"2025-02-19T15:27:14+00:00\",\"breadcrumb\":{\"@id\":\"https:\\\/\\\/portal135.com.br\\\/?p=1634#breadcrumb\"},\"inLanguage\":\"pt-BR\",\"potentialAction\":[{\"@type\":\"ReadAction\",\"target\":[\"https:\\\/\\\/portal135.com.br\\\/?p=1634\"]}]},{\"@type\":\"ImageObject\",\"inLanguage\":\"pt-BR\",\"@id\":\"https:\\\/\\\/portal135.com.br\\\/?p=1634#primaryimage\",\"url\":\"https:\\\/\\\/portal135.com.br\\\/wp-content\\\/uploads\\\/2025\\\/02\\\/004fad81-9f1a-4a0a-b212-8889663a022e.jpeg\",\"contentUrl\":\"https:\\\/\\\/portal135.com.br\\\/wp-content\\\/uploads\\\/2025\\\/02\\\/004fad81-9f1a-4a0a-b212-8889663a022e.jpeg\",\"width\":1600,\"height\":1064},{\"@type\":\"BreadcrumbList\",\"@id\":\"https:\\\/\\\/portal135.com.br\\\/?p=1634#breadcrumb\",\"itemListElement\":[{\"@type\":\"ListItem\",\"position\":1,\"name\":\"In\u00edcio\",\"item\":\"https:\\\/\\\/portal135.com.br\\\/\"},{\"@type\":\"ListItem\",\"position\":2,\"name\":\"Human Clinic Do Rio De Janeiro Inaugura Unidade Com Evento Cultural E Gastron\u00f4mico Exclusivo\"}]},{\"@type\":\"WebSite\",\"@id\":\"https:\\\/\\\/portal135.com.br\\\/#website\",\"url\":\"https:\\\/\\\/portal135.com.br\\\/\",\"name\":\"Portal 135\",\"description\":\"Portal de Not\u00edcias\",\"publisher\":{\"@id\":\"https:\\\/\\\/portal135.com.br\\\/#organization\"},\"potentialAction\":[{\"@type\":\"SearchAction\",\"target\":{\"@type\":\"EntryPoint\",\"urlTemplate\":\"https:\\\/\\\/portal135.com.br\\\/?s={search_term_string}\"},\"query-input\":{\"@type\":\"PropertyValueSpecification\",\"valueRequired\":true,\"valueName\":\"search_term_string\"}}],\"inLanguage\":\"pt-BR\"},{\"@type\":\"Organization\",\"@id\":\"https:\\\/\\\/portal135.com.br\\\/#organization\",\"name\":\"Portal 135\",\"url\":\"https:\\\/\\\/portal135.com.br\\\/\",\"logo\":{\"@type\":\"ImageObject\",\"inLanguage\":\"pt-BR\",\"@id\":\"https:\\\/\\\/portal135.com.br\\\/#\\\/schema\\\/logo\\\/image\\\/\",\"url\":\"https:\\\/\\\/portal135.com.br\\\/wp-content\\\/uploads\\\/2024\\\/09\\\/1000030041-removebg-preview.png\",\"contentUrl\":\"https:\\\/\\\/portal135.com.br\\\/wp-content\\\/uploads\\\/2024\\\/09\\\/1000030041-removebg-preview.png\",\"width\":500,\"height\":500,\"caption\":\"Portal 135\"},\"image\":{\"@id\":\"https:\\\/\\\/portal135.com.br\\\/#\\\/schema\\\/logo\\\/image\\\/\"}},{\"@type\":\"Person\",\"@id\":\"https:\\\/\\\/portal135.com.br\\\/#\\\/schema\\\/person\\\/98d657cdbd52d9a3cc926f416862beb1\",\"name\":\"Altair Campos\",\"image\":{\"@type\":\"ImageObject\",\"inLanguage\":\"pt-BR\",\"@id\":\"https:\\\/\\\/secure.gravatar.com\\\/avatar\\\/8a9599fdd86ece5ffa51ff6e8fb6144ac80e101aebface28bb54b7872e314373?s=96&d=mm&r=g\",\"url\":\"https:\\\/\\\/secure.gravatar.com\\\/avatar\\\/8a9599fdd86ece5ffa51ff6e8fb6144ac80e101aebface28bb54b7872e314373?s=96&d=mm&r=g\",\"contentUrl\":\"https:\\\/\\\/secure.gravatar.com\\\/avatar\\\/8a9599fdd86ece5ffa51ff6e8fb6144ac80e101aebface28bb54b7872e314373?s=96&d=mm&r=g\",\"caption\":\"Altair Campos\"},\"url\":\"https:\\\/\\\/portal135.com.br\\\/?author=6\"}]}<\/script>\n<!-- \/ Yoast SEO plugin. -->","yoast_head_json":{"title":"Human Clinic Do Rio De Janeiro Inaugura Unidade Com Evento Cultural E Gastron\u00f4mico Exclusivo","robots":{"index":"index","follow":"follow","max-snippet":"max-snippet:-1","max-image-preview":"max-image-preview:large","max-video-preview":"max-video-preview:-1"},"canonical":"https:\/\/portal135.com.br\/?p=1634","og_locale":"pt_BR","og_type":"article","og_title":"Human Clinic Do Rio De Janeiro Inaugura Unidade Com Evento Cultural E Gastron\u00f4mico Exclusivo","og_description":"Cl\u00ednica m\u00e9dica de est\u00e9tica celebra abertura oficial com feijoada de Tia Surica, apresenta\u00e7\u00e3o da Portela e show de Jesus Luz A Human Clinic, renomada cl\u00ednica m\u00e9dica de est\u00e9tica, est\u00e1 prestes a inaugurar oficialmente sua unidade no Rio de Janeiro. Localizada na Barra da Tijuca, a cl\u00ednica oferece tratamentos de dermatologia, bem-estar e est\u00e9tica avan\u00e7ada, combinando tecnologia de ponta com uma equipe de profissionais altamente qualificados. Sob a supervis\u00e3o do Dr. Ivan Rollemberg, idealizador do projeto, a Human Clinic se destaca por proporcionar experi\u00eancias personalizadas e resultados de excel\u00eancia aos seus pacientes. Celebra\u00e7\u00e3o cultural e gastron\u00f4mica marca a inaugura\u00e7\u00e3o Para celebrar [\u2026]","og_url":"https:\/\/portal135.com.br\/?p=1634","og_site_name":"Portal 135","article_published_time":"2025-02-19T15:27:14+00:00","og_image":[{"width":1600,"height":1064,"url":"https:\/\/portal135.com.br\/wp-content\/uploads\/2025\/02\/004fad81-9f1a-4a0a-b212-8889663a022e.jpeg","type":"image\/jpeg"}],"author":"Altair Campos","twitter_card":"summary_large_image","twitter_misc":{"Escrito por":"Altair Campos","Est. tempo de leitura":"2 minutos"},"schema":{"@context":"https:\/\/schema.org","@graph":[{"@type":"Article","@id":"https:\/\/portal135.com.br\/?p=1634#article","isPartOf":{"@id":"https:\/\/portal135.com.br\/?p=1634"},"author":{"name":"Altair Campos","@id":"https:\/\/portal135.com.br\/#\/schema\/person\/98d657cdbd52d9a3cc926f416862beb1"},"headline":"Human Clinic Do Rio De Janeiro Inaugura Unidade Com Evento Cultural E Gastron\u00f4mico Exclusivo","datePublished":"2025-02-19T15:27:14+00:00","mainEntityOfPage":{"@id":"https:\/\/portal135.com.br\/?p=1634"},"wordCount":424,"publisher":{"@id":"https:\/\/portal135.com.br\/#organization"},"image":{"@id":"https:\/\/portal135.com.br\/?p=1634#primaryimage"},"thumbnailUrl":"https:\/\/portal135.com.br\/wp-content\/uploads\/2025\/02\/004fad81-9f1a-4a0a-b212-8889663a022e.jpeg","articleSection":["Geral"],"inLanguage":"pt-BR"},{"@type":"WebPage","@id":"https:\/\/portal135.com.br\/?p=1634","url":"https:\/\/portal135.com.br\/?p=1634","name":"Human Clinic Do Rio De Janeiro Inaugura Unidade Com Evento Cultural E Gastron\u00f4mico Exclusivo","isPartOf":{"@id":"https:\/\/portal135.com.br\/#website"},"primaryImageOfPage":{"@id":"https:\/\/portal135.com.br\/?p=1634#primaryimage"},"image":{"@id":"https:\/\/portal135.com.br\/?p=1634#primaryimage"},"thumbnailUrl":"https:\/\/portal135.com.br\/wp-content\/uploads\/2025\/02\/004fad81-9f1a-4a0a-b212-8889663a022e.jpeg","datePublished":"2025-02-19T15:27:14+00:00","breadcrumb":{"@id":"https:\/\/portal135.com.br\/?p=1634#breadcrumb"},"inLanguage":"pt-BR","potentialAction":[{"@type":"ReadAction","target":["https:\/\/portal135.com.br\/?p=1634"]}]},{"@type":"ImageObject","inLanguage":"pt-BR","@id":"https:\/\/portal135.com.br\/?p=1634#primaryimage","url":"https:\/\/portal135.com.br\/wp-content\/uploads\/2025\/02\/004fad81-9f1a-4a0a-b212-8889663a022e.jpeg","contentUrl":"https:\/\/portal135.com.br\/wp-content\/uploads\/2025\/02\/004fad81-9f1a-4a0a-b212-8889663a022e.jpeg","width":1600,"height":1064},{"@type":"BreadcrumbList","@id":"https:\/\/portal135.com.br\/?p=1634#breadcrumb","itemListElement":[{"@type":"ListItem","position":1,"name":"In\u00edcio","item":"https:\/\/portal135.com.br\/"},{"@type":"ListItem","position":2,"name":"Human Clinic Do Rio De Janeiro Inaugura Unidade Com Evento Cultural E Gastron\u00f4mico Exclusivo"}]},{"@type":"WebSite","@id":"https:\/\/portal135.com.br\/#website","url":"https:\/\/portal135.com.br\/","name":"Portal 135","description":"Portal de Not\u00edcias","publisher":{"@id":"https:\/\/portal135.com.br\/#organization"},"potentialAction":[{"@type":"SearchAction","target":{"@type":"EntryPoint","urlTemplate":"https:\/\/portal135.com.br\/?s={search_term_string}"},"query-input":{"@type":"PropertyValueSpecification","valueRequired":true,"valueName":"search_term_string"}}],"inLanguage":"pt-BR"},{"@type":"Organization","@id":"https:\/\/portal135.com.br\/#organization","name":"Portal 135","url":"https:\/\/portal135.com.br\/","logo":{"@type":"ImageObject","inLanguage":"pt-BR","@id":"https:\/\/portal135.com.br\/#\/schema\/logo\/image\/","url":"https:\/\/portal135.com.br\/wp-content\/uploads\/2024\/09\/1000030041-removebg-preview.png","contentUrl":"https:\/\/portal135.com.br\/wp-content\/uploads\/2024\/09\/1000030041-removebg-preview.png","width":500,"height":500,"caption":"Portal 135"},"image":{"@id":"https:\/\/portal135.com.br\/#\/schema\/logo\/image\/"}},{"@type":"Person","@id":"https:\/\/portal135.com.br\/#\/schema\/person\/98d657cdbd52d9a3cc926f416862beb1","name":"Altair Campos","image":{"@type":"ImageObject","inLanguage":"pt-BR","@id":"https:\/\/secure.gravatar.com\/avatar\/8a9599fdd86ece5ffa51ff6e8fb6144ac80e101aebface28bb54b7872e314373?s=96&d=mm&r=g","url":"https:\/\/secure.gravatar.com\/avatar\/8a9599fdd86ece5ffa51ff6e8fb6144ac80e101aebface28bb54b7872e314373?s=96&d=mm&r=g","contentUrl":"https:\/\/secure.gravatar.com\/avatar\/8a9599fdd86ece5ffa51ff6e8fb6144ac80e101aebface28bb54b7872e314373?s=96&d=mm&r=g","caption":"Altair Campos"},"url":"https:\/\/portal135.com.br\/?author=6"}]}},"_links":{"self":[{"href":"https:\/\/portal135.com.br\/index.php?rest_route=\/wp\/v2\/posts\/1634","targetHints":{"allow":["GET"]}}],"collection":[{"href":"https:\/\/portal135.com.br\/index.php?rest_route=\/wp\/v2\/posts"}],"about":[{"href":"https:\/\/portal135.com.br\/index.php?rest_route=\/wp\/v2\/types\/post"}],"author":[{"embeddable":true,"href":"https:\/\/portal135.com.br\/index.php?rest_route=\/wp\/v2\/users\/6"}],"replies":[{"embeddable":true,"href":"https:\/\/portal135.com.br\/index.php?rest_route=%2Fwp%2Fv2%2Fcomments&post=1634"}],"version-history":[{"count":1,"href":"https:\/\/portal135.com.br\/index.php?rest_route=\/wp\/v2\/posts\/1634\/revisions"}],"predecessor-version":[{"id":1635,"href":"https:\/\/portal135.com.br\/index.php?rest_route=\/wp\/v2\/posts\/1634\/revisions\/1635"}],"wp:featuredmedia":[{"embeddable":true,"href":"https:\/\/portal135.com.br\/index.php?rest_route=\/wp\/v2\/media\/1633"}],"wp:attachment":[{"href":"https:\/\/portal135.com.br\/index.php?rest_route=%2Fwp%2Fv2%2Fmedia&parent=1634"}],"wp:term":[{"taxonomy":"category","embeddable":true,"href":"https:\/\/portal135.com.br\/index.php?rest_route=%2Fwp%2Fv2%2Fcategories&post=1634"},{"taxonomy":"post_tag","embeddable":true,"href":"https:\/\/portal135.com.br\/index.php?rest_route=%2Fwp%2Fv2%2Ftags&post=1634"}],"curies":[{"name":"wp","href":"https:\/\/api.w.org\/{rel}","templated":true}]}}