{"id":1627,"date":"2025-02-18T16:53:24","date_gmt":"2025-02-18T16:53:24","guid":{"rendered":"https:\/\/portal135.com.br\/?p=1627"},"modified":"2025-02-18T16:53:26","modified_gmt":"2025-02-18T16:53:26","slug":"lauana-prado-apresenta-show-de-gravacao-do-projeto-raiz-belo-horizonte-no-mineirao","status":"publish","type":"post","link":"https:\/\/portal135.com.br\/?p=1627","title":{"rendered":"Lauana Prado apresenta show de grava\u00e7\u00e3o do projeto &#8220;Raiz Belo Horizonte&#8221; no Mineir\u00e3o"},"content":{"rendered":"\n<p><strong>Lauana Prado &#8211; @fbattaglin.<\/strong><\/p>\n\n\n\n<p><br><strong><em>Com novo repert\u00f3rio e cenografia, al\u00e9m de in\u00e9dito formato &#8220;open air&#8221;, label promete fazer hist\u00f3ria na capital mineira com registro audiovisual; evento acontece no dia 24 de maio e os ingressos j\u00e1 est\u00e3o \u00e0 venda<\/em><\/strong><\/p>\n\n\n\n<p>Acabou a ansiedade, pois j\u00e1 est\u00e3o abertas as vendas de ingressos para t\u00e3o aguardado show de grava\u00e7\u00e3o do projeto Raiz Belo Horizonte, da cantora Lauana Prado. O evento hist\u00f3rico ser\u00e1 realizado no dia 24 de maio, s\u00e1bado, no Mineir\u00e3o, em Belo Horizonte. Para quem quiser j\u00e1 garantir a presen\u00e7a, basta acessar o site oficial&nbsp;&nbsp;<a href=\"http:\/\/www.lauanapradoraiz.com.br\/\" target=\"_blank\" rel=\"noreferrer noopener\">www.lauanapradoraiz.com.br<\/a>&nbsp;e escolher o setor.&nbsp;<\/p>\n\n\n\n<p>O \u00e1lbum Raiz Belo Horizonte ser\u00e1 a terceira edi\u00e7\u00e3o do Raiz e tem muitas novidades. Este ser\u00e1 o primeiro registro do projeto realizado &#8220;ao ar livre&#8221;, o que refor\u00e7a a grandiosidade da iniciativa que a cada ano tem conquistado ainda mais reconhecimento e f\u00e3s em todo o Brasil. <img decoding=\"async\" src=\"https:\/\/ci3.googleusercontent.com\/meips\/ADKq_NbL2QbUFktyOo-ZAd1CJ4bup2xBLnYFtf73F0IZh0TzPmpKVAW949SdD1uYxEOHPxeFCbfEbcMfxy5WuvCbGr9pm_xqSK7e65jI-40GPFczdFYnCpFFIzOEtOORERZezhD_jyNH1JWNmCNf_Nasj3IJpma3RbV_OIF_lULw_JJU9AiHZBcpayOW0CzRByif1akuCd37NV7lHGSoInkF=s0-d-e1-ft#https:\/\/files.pressmanager.net\/clientes\/67dd844a69e08263976a65f343f9b4e0\/imagens\/2025\/02\/11\/3969ff67aaec69643c3f617c84e9a8a7_medium.jpg\" alt=\"\" width=\"200\"><\/p>\n\n\n\n<p><br>Haver\u00e1 inova\u00e7\u00f5es na cenografia, no roteiro e no repert\u00f3rio do show, al\u00e9m de novas propostas de ingressos, como com a cria\u00e7\u00e3o de setores distintos, j\u00e1 que, anteriormente, o projeto oferecia ingressos apenas para um \u00fanico setor. Agora o p\u00fablico poder\u00e1 escolher entre Pista Raiz, Camarote Bar do Tet\u00e9u e Camarote Open Bar, localizado no anel do est\u00e1dio.&nbsp;<\/p>\n\n\n\n<p><br>Lauana Prado revela que est\u00e1 preparando um novo repert\u00f3rio para essa grava\u00e7\u00e3o, al\u00e9m de m\u00fasicas in\u00e9ditas e as releituras que embalam gera\u00e7\u00f5es. \u201cEu sou apaixonada pelo Raiz, um projeto que nasceu no meu cora\u00e7\u00e3o, que eu me envolvo em cada um dos detalhes. Ele conquistou o Brasil, tinha muita gente ansiosa e eu tamb\u00e9m. Espero todos voc\u00eas para viver esse dia inesquec\u00edvel comigo\u201d, comenta.<\/p>\n\n\n\n<p><br>O repert\u00f3rio deve mesclar can\u00e7\u00f5es in\u00e9ditas e regrava\u00e7\u00f5es, dividindo a narrativa do novo audiovisual em tr\u00eas momentos distintos \u2013 dia, p\u00f4r do sol e noite. \u201cEu fiz quest\u00e3o de trazer 3 tempos, tenho uma hist\u00f3ria para contar em cada um deles, e juntos formam um enredo lindo que com certeza tem tudo para encantar e emocionar o p\u00fablico\u201d, explica Lauana. A grava\u00e7\u00e3o do audiovisual RAIZ Belo Horizonte tamb\u00e9m contar\u00e1 com participa\u00e7\u00f5es especiais que ser\u00e3o anunciadas em breve nas redes sociais da label e da cantora.&nbsp;<\/p>\n\n\n\n<p><br>Os f\u00e3s de Belo Horizonte ter\u00e3o a oportunidade de adquirir o ingresso &#8220;RAIZ VIP EXPERIENCE&#8221;, que proporciona uma s\u00e9rie de benef\u00edcios exclusivos que estar\u00e3o dispon\u00edveis em breve para compra. Entre eles, um convite individual nomeado como &#8220;Convidado da Lauana Prado&#8221;, com transporte exclusivo em van para ida e volta do show, e entrada VIP exclusiva pelo Family &amp; Friends. Al\u00e9m disso, estar\u00e1 garantida uma foto com a cantora, acesso a um espa\u00e7o premium, com open bar e open food, e um Kit Raiz com itens personalizados e exclusivos. Para completar a experi\u00eancia, o atendimento ser\u00e1 personalizado com um servi\u00e7o de concierge, entre outros privil\u00e9gios adicionais.<\/p>\n\n\n\n<p><br>Produzida em parceria entre LP Music Business, GTS Talent, Box e Nenety eventos, a grava\u00e7\u00e3o do Raiz BH conta com o patroc\u00ednio da RAM, a picape oficial da label em 2025, e Betnacional.&nbsp;<\/p>\n\n\n\n<p>Grava\u00e7\u00e3o &#8211; RAIZ Belo Horizonte<br>Data: 24 de maio, s\u00e1bado<br>Hor\u00e1rio: A partir das 13h<br>Local: Mineir\u00e3o &#8211; Av. Ant\u00f4nio Abrah\u00e3o Caram, 1001 &#8211; S\u00e3o Jos\u00e9, Belo Horizonte<\/p>\n\n\n\n<p>Ingressos:&nbsp;<a href=\"https:\/\/lauanapradoraiz.com.br\/\" target=\"_blank\" rel=\"noreferrer noopener\">https:\/\/lauanapradoraiz.com.br\/<\/a><\/p>\n\n\n\n<p>Classifica\u00e7\u00e3o 18 anos<\/p>\n","protected":false},"excerpt":{"rendered":"<p>Lauana Prado &#8211; @fbattaglin. Com novo repert\u00f3rio e cenografia, al\u00e9m de in\u00e9dito formato &#8220;open air&#8221;, label promete fazer hist\u00f3ria na capital mineira com registro audiovisual; evento acontece no dia 24 de maio e os ingressos j\u00e1 est\u00e3o \u00e0 venda Acabou a ansiedade, pois j\u00e1 est\u00e3o abertas as vendas de ingressos para t\u00e3o aguardado show de grava\u00e7\u00e3o do projeto Raiz Belo Horizonte, da cantora Lauana Prado. O evento hist\u00f3rico ser\u00e1 realizado no dia 24 de maio, s\u00e1bado, no Mineir\u00e3o, em Belo Horizonte. Para quem quiser j\u00e1 garantir a presen\u00e7a, basta acessar o site oficial&nbsp;&nbsp;www.lauanapradoraiz.com.br&nbsp;e escolher o setor.&nbsp; O \u00e1lbum Raiz Belo Horizonte ser\u00e1 a terceira edi\u00e7\u00e3o do Raiz e tem muitas novidades. Este ser\u00e1 o primeiro registro do projeto realizado &#8220;ao ar livre&#8221;, o que refor\u00e7a a grandiosidade da iniciativa que a cada ano tem conquistado ainda mais reconhecimento e f\u00e3s em todo o Brasil. Haver\u00e1 inova\u00e7\u00f5es na cenografia, no roteiro e no repert\u00f3rio do show, al\u00e9m de novas propostas de ingressos, como com a cria\u00e7\u00e3o de setores distintos, j\u00e1 que, anteriormente, o projeto oferecia ingressos apenas para um \u00fanico setor. Agora o p\u00fablico poder\u00e1 escolher entre Pista Raiz, Camarote Bar do Tet\u00e9u e Camarote Open Bar, localizado no anel do est\u00e1dio.&nbsp; Lauana Prado revela que est\u00e1 preparando um novo repert\u00f3rio para essa grava\u00e7\u00e3o, al\u00e9m de m\u00fasicas in\u00e9ditas e as releituras que embalam gera\u00e7\u00f5es. \u201cEu sou apaixonada pelo Raiz, um projeto que nasceu no meu cora\u00e7\u00e3o, que eu me envolvo em cada um dos detalhes. Ele conquistou o Brasil, tinha muita gente ansiosa e eu tamb\u00e9m. Espero todos voc\u00eas para viver esse dia inesquec\u00edvel comigo\u201d, comenta. O repert\u00f3rio deve mesclar can\u00e7\u00f5es in\u00e9ditas e regrava\u00e7\u00f5es, dividindo a narrativa do novo audiovisual em tr\u00eas momentos distintos \u2013 dia, p\u00f4r do sol e noite. \u201cEu fiz quest\u00e3o de trazer 3 tempos, tenho uma hist\u00f3ria para contar em cada um deles, e juntos formam um enredo lindo que com certeza tem tudo para encantar e emocionar o p\u00fablico\u201d, explica Lauana. A grava\u00e7\u00e3o do audiovisual RAIZ Belo Horizonte tamb\u00e9m contar\u00e1 com participa\u00e7\u00f5es especiais que ser\u00e3o anunciadas em breve nas redes sociais da label e da cantora.&nbsp; Os f\u00e3s de Belo Horizonte ter\u00e3o a oportunidade de adquirir o ingresso &#8220;RAIZ VIP EXPERIENCE&#8221;, que proporciona uma s\u00e9rie de benef\u00edcios exclusivos que estar\u00e3o dispon\u00edveis em breve para compra. Entre eles, um convite individual nomeado como &#8220;Convidado da Lauana Prado&#8221;, com transporte exclusivo em van para ida e volta do show, e entrada VIP exclusiva pelo Family &amp; Friends. Al\u00e9m disso, estar\u00e1 garantida uma foto com a cantora, acesso a um espa\u00e7o premium, com open bar e open food, e um Kit Raiz com itens personalizados e exclusivos. Para completar a experi\u00eancia, o atendimento ser\u00e1 personalizado com um servi\u00e7o de concierge, entre outros privil\u00e9gios adicionais. Produzida em parceria entre LP Music Business, GTS Talent, Box e Nenety eventos, a grava\u00e7\u00e3o do Raiz BH conta com o patroc\u00ednio da RAM, a picape oficial da label em 2025, e Betnacional.&nbsp; Grava\u00e7\u00e3o &#8211; RAIZ Belo HorizonteData: 24 de maio, s\u00e1badoHor\u00e1rio: A partir das 13hLocal: Mineir\u00e3o &#8211; Av. Ant\u00f4nio Abrah\u00e3o Caram, 1001 &#8211; S\u00e3o Jos\u00e9, Belo Horizonte Ingressos:&nbsp;https:\/\/lauanapradoraiz.com.br\/ Classifica\u00e7\u00e3o 18 anos<\/p>\n","protected":false},"author":5,"featured_media":1628,"comment_status":"open","ping_status":"open","sticky":true,"template":"","format":"standard","meta":{"footnotes":""},"categories":[32,25],"tags":[],"class_list":["post-1627","post","type-post","status-publish","format-standard","has-post-thumbnail","hentry","category-brasil","category-eventos"],"yoast_head":"<!-- This site is optimized with the Yoast SEO plugin v27.3 - https:\/\/yoast.com\/product\/yoast-seo-wordpress\/ -->\n<title>Lauana Prado apresenta show de grava\u00e7\u00e3o do projeto &quot;Raiz Belo Horizonte&quot; no Mineir\u00e3o<\/title>\n<meta name=\"robots\" content=\"index, follow, max-snippet:-1, max-image-preview:large, max-video-preview:-1\" \/>\n<link rel=\"canonical\" href=\"https:\/\/portal135.com.br\/?p=1627\" \/>\n<meta property=\"og:locale\" content=\"pt_BR\" \/>\n<meta property=\"og:type\" content=\"article\" \/>\n<meta property=\"og:title\" content=\"Lauana Prado apresenta show de grava\u00e7\u00e3o do projeto &quot;Raiz Belo Horizonte&quot; no Mineir\u00e3o\" \/>\n<meta property=\"og:description\" content=\"Lauana Prado &#8211; @fbattaglin. Com novo repert\u00f3rio e cenografia, al\u00e9m de in\u00e9dito formato &#8220;open air&#8221;, label promete fazer hist\u00f3ria na capital mineira com registro audiovisual; evento acontece no dia 24 de maio e os ingressos j\u00e1 est\u00e3o \u00e0 venda Acabou a ansiedade, pois j\u00e1 est\u00e3o abertas as vendas de ingressos para t\u00e3o aguardado show de grava\u00e7\u00e3o do projeto Raiz Belo Horizonte, da cantora Lauana Prado. O evento hist\u00f3rico ser\u00e1 realizado no dia 24 de maio, s\u00e1bado, no Mineir\u00e3o, em Belo Horizonte. Para quem quiser j\u00e1 garantir a presen\u00e7a, basta acessar o site oficial&nbsp;&nbsp;www.lauanapradoraiz.com.br&nbsp;e escolher o setor.&nbsp; O \u00e1lbum Raiz Belo Horizonte ser\u00e1 a terceira edi\u00e7\u00e3o do Raiz e tem muitas novidades. Este ser\u00e1 o primeiro registro do projeto realizado &#8220;ao ar livre&#8221;, o que refor\u00e7a a grandiosidade da iniciativa que a cada ano tem conquistado ainda mais reconhecimento e f\u00e3s em todo o Brasil. Haver\u00e1 inova\u00e7\u00f5es na cenografia, no roteiro e no repert\u00f3rio do show, al\u00e9m de novas propostas de ingressos, como com a cria\u00e7\u00e3o de setores distintos, j\u00e1 que, anteriormente, o projeto oferecia ingressos apenas para um \u00fanico setor. Agora o p\u00fablico poder\u00e1 escolher entre Pista Raiz, Camarote Bar do Tet\u00e9u e Camarote Open Bar, localizado no anel do est\u00e1dio.&nbsp; Lauana Prado revela que est\u00e1 preparando um novo repert\u00f3rio para essa grava\u00e7\u00e3o, al\u00e9m de m\u00fasicas in\u00e9ditas e as releituras que embalam gera\u00e7\u00f5es. \u201cEu sou apaixonada pelo Raiz, um projeto que nasceu no meu cora\u00e7\u00e3o, que eu me envolvo em cada um dos detalhes. Ele conquistou o Brasil, tinha muita gente ansiosa e eu tamb\u00e9m. Espero todos voc\u00eas para viver esse dia inesquec\u00edvel comigo\u201d, comenta. O repert\u00f3rio deve mesclar can\u00e7\u00f5es in\u00e9ditas e regrava\u00e7\u00f5es, dividindo a narrativa do novo audiovisual em tr\u00eas momentos distintos \u2013 dia, p\u00f4r do sol e noite. \u201cEu fiz quest\u00e3o de trazer 3 tempos, tenho uma hist\u00f3ria para contar em cada um deles, e juntos formam um enredo lindo que com certeza tem tudo para encantar e emocionar o p\u00fablico\u201d, explica Lauana. A grava\u00e7\u00e3o do audiovisual RAIZ Belo Horizonte tamb\u00e9m contar\u00e1 com participa\u00e7\u00f5es especiais que ser\u00e3o anunciadas em breve nas redes sociais da label e da cantora.&nbsp; Os f\u00e3s de Belo Horizonte ter\u00e3o a oportunidade de adquirir o ingresso &#8220;RAIZ VIP EXPERIENCE&#8221;, que proporciona uma s\u00e9rie de benef\u00edcios exclusivos que estar\u00e3o dispon\u00edveis em breve para compra. Entre eles, um convite individual nomeado como &#8220;Convidado da Lauana Prado&#8221;, com transporte exclusivo em van para ida e volta do show, e entrada VIP exclusiva pelo Family &amp; Friends. Al\u00e9m disso, estar\u00e1 garantida uma foto com a cantora, acesso a um espa\u00e7o premium, com open bar e open food, e um Kit Raiz com itens personalizados e exclusivos. Para completar a experi\u00eancia, o atendimento ser\u00e1 personalizado com um servi\u00e7o de concierge, entre outros privil\u00e9gios adicionais. Produzida em parceria entre LP Music Business, GTS Talent, Box e Nenety eventos, a grava\u00e7\u00e3o do Raiz BH conta com o patroc\u00ednio da RAM, a picape oficial da label em 2025, e Betnacional.&nbsp; Grava\u00e7\u00e3o &#8211; RAIZ Belo HorizonteData: 24 de maio, s\u00e1badoHor\u00e1rio: A partir das 13hLocal: Mineir\u00e3o &#8211; Av. Ant\u00f4nio Abrah\u00e3o Caram, 1001 &#8211; S\u00e3o Jos\u00e9, Belo Horizonte Ingressos:&nbsp;https:\/\/lauanapradoraiz.com.br\/ Classifica\u00e7\u00e3o 18 anos\" \/>\n<meta property=\"og:url\" content=\"https:\/\/portal135.com.br\/?p=1627\" \/>\n<meta property=\"og:site_name\" content=\"Portal 135\" \/>\n<meta property=\"article:published_time\" content=\"2025-02-18T16:53:24+00:00\" \/>\n<meta property=\"article:modified_time\" content=\"2025-02-18T16:53:26+00:00\" \/>\n<meta property=\"og:image\" content=\"https:\/\/portal135.com.br\/wp-content\/uploads\/2025\/02\/creditos-@fbattaglin-7-1.jpg\" \/>\n\t<meta property=\"og:image:width\" content=\"800\" \/>\n\t<meta property=\"og:image:height\" content=\"583\" \/>\n\t<meta property=\"og:image:type\" content=\"image\/jpeg\" \/>\n<meta name=\"author\" content=\"Felipe De Jesus\" \/>\n<meta name=\"twitter:card\" content=\"summary_large_image\" \/>\n<meta name=\"twitter:label1\" content=\"Escrito por\" \/>\n\t<meta name=\"twitter:data1\" content=\"Felipe De Jesus\" \/>\n\t<meta name=\"twitter:label2\" content=\"Est. tempo de leitura\" \/>\n\t<meta name=\"twitter:data2\" content=\"4 minutos\" \/>\n<script type=\"application\/ld+json\" class=\"yoast-schema-graph\">{\"@context\":\"https:\\\/\\\/schema.org\",\"@graph\":[{\"@type\":\"Article\",\"@id\":\"https:\\\/\\\/portal135.com.br\\\/?p=1627#article\",\"isPartOf\":{\"@id\":\"https:\\\/\\\/portal135.com.br\\\/?p=1627\"},\"author\":{\"name\":\"Felipe De Jesus\",\"@id\":\"https:\\\/\\\/portal135.com.br\\\/#\\\/schema\\\/person\\\/8b1047d329adb7f2596093a79f5658e6\"},\"headline\":\"Lauana Prado apresenta show de grava\u00e7\u00e3o do projeto &#8220;Raiz Belo Horizonte&#8221; no Mineir\u00e3o\",\"datePublished\":\"2025-02-18T16:53:24+00:00\",\"dateModified\":\"2025-02-18T16:53:26+00:00\",\"mainEntityOfPage\":{\"@id\":\"https:\\\/\\\/portal135.com.br\\\/?p=1627\"},\"wordCount\":606,\"commentCount\":0,\"publisher\":{\"@id\":\"https:\\\/\\\/portal135.com.br\\\/#organization\"},\"image\":{\"@id\":\"https:\\\/\\\/portal135.com.br\\\/?p=1627#primaryimage\"},\"thumbnailUrl\":\"https:\\\/\\\/portal135.com.br\\\/wp-content\\\/uploads\\\/2025\\\/02\\\/creditos-@fbattaglin-7-1.jpg\",\"articleSection\":[\"Brasil\",\"Eventos\"],\"inLanguage\":\"pt-BR\",\"potentialAction\":[{\"@type\":\"CommentAction\",\"name\":\"Comment\",\"target\":[\"https:\\\/\\\/portal135.com.br\\\/?p=1627#respond\"]}]},{\"@type\":\"WebPage\",\"@id\":\"https:\\\/\\\/portal135.com.br\\\/?p=1627\",\"url\":\"https:\\\/\\\/portal135.com.br\\\/?p=1627\",\"name\":\"Lauana Prado apresenta show de grava\u00e7\u00e3o do projeto \\\"Raiz Belo Horizonte\\\" no Mineir\u00e3o\",\"isPartOf\":{\"@id\":\"https:\\\/\\\/portal135.com.br\\\/#website\"},\"primaryImageOfPage\":{\"@id\":\"https:\\\/\\\/portal135.com.br\\\/?p=1627#primaryimage\"},\"image\":{\"@id\":\"https:\\\/\\\/portal135.com.br\\\/?p=1627#primaryimage\"},\"thumbnailUrl\":\"https:\\\/\\\/portal135.com.br\\\/wp-content\\\/uploads\\\/2025\\\/02\\\/creditos-@fbattaglin-7-1.jpg\",\"datePublished\":\"2025-02-18T16:53:24+00:00\",\"dateModified\":\"2025-02-18T16:53:26+00:00\",\"breadcrumb\":{\"@id\":\"https:\\\/\\\/portal135.com.br\\\/?p=1627#breadcrumb\"},\"inLanguage\":\"pt-BR\",\"potentialAction\":[{\"@type\":\"ReadAction\",\"target\":[\"https:\\\/\\\/portal135.com.br\\\/?p=1627\"]}]},{\"@type\":\"ImageObject\",\"inLanguage\":\"pt-BR\",\"@id\":\"https:\\\/\\\/portal135.com.br\\\/?p=1627#primaryimage\",\"url\":\"https:\\\/\\\/portal135.com.br\\\/wp-content\\\/uploads\\\/2025\\\/02\\\/creditos-@fbattaglin-7-1.jpg\",\"contentUrl\":\"https:\\\/\\\/portal135.com.br\\\/wp-content\\\/uploads\\\/2025\\\/02\\\/creditos-@fbattaglin-7-1.jpg\",\"width\":800,\"height\":583},{\"@type\":\"BreadcrumbList\",\"@id\":\"https:\\\/\\\/portal135.com.br\\\/?p=1627#breadcrumb\",\"itemListElement\":[{\"@type\":\"ListItem\",\"position\":1,\"name\":\"In\u00edcio\",\"item\":\"https:\\\/\\\/portal135.com.br\\\/\"},{\"@type\":\"ListItem\",\"position\":2,\"name\":\"Lauana Prado apresenta show de grava\u00e7\u00e3o do projeto &#8220;Raiz Belo Horizonte&#8221; no Mineir\u00e3o\"}]},{\"@type\":\"WebSite\",\"@id\":\"https:\\\/\\\/portal135.com.br\\\/#website\",\"url\":\"https:\\\/\\\/portal135.com.br\\\/\",\"name\":\"Portal 135\",\"description\":\"Portal de Not\u00edcias\",\"publisher\":{\"@id\":\"https:\\\/\\\/portal135.com.br\\\/#organization\"},\"potentialAction\":[{\"@type\":\"SearchAction\",\"target\":{\"@type\":\"EntryPoint\",\"urlTemplate\":\"https:\\\/\\\/portal135.com.br\\\/?s={search_term_string}\"},\"query-input\":{\"@type\":\"PropertyValueSpecification\",\"valueRequired\":true,\"valueName\":\"search_term_string\"}}],\"inLanguage\":\"pt-BR\"},{\"@type\":\"Organization\",\"@id\":\"https:\\\/\\\/portal135.com.br\\\/#organization\",\"name\":\"Portal 135\",\"url\":\"https:\\\/\\\/portal135.com.br\\\/\",\"logo\":{\"@type\":\"ImageObject\",\"inLanguage\":\"pt-BR\",\"@id\":\"https:\\\/\\\/portal135.com.br\\\/#\\\/schema\\\/logo\\\/image\\\/\",\"url\":\"https:\\\/\\\/portal135.com.br\\\/wp-content\\\/uploads\\\/2024\\\/09\\\/1000030041-removebg-preview.png\",\"contentUrl\":\"https:\\\/\\\/portal135.com.br\\\/wp-content\\\/uploads\\\/2024\\\/09\\\/1000030041-removebg-preview.png\",\"width\":500,\"height\":500,\"caption\":\"Portal 135\"},\"image\":{\"@id\":\"https:\\\/\\\/portal135.com.br\\\/#\\\/schema\\\/logo\\\/image\\\/\"}},{\"@type\":\"Person\",\"@id\":\"https:\\\/\\\/portal135.com.br\\\/#\\\/schema\\\/person\\\/8b1047d329adb7f2596093a79f5658e6\",\"name\":\"Felipe De Jesus\",\"image\":{\"@type\":\"ImageObject\",\"inLanguage\":\"pt-BR\",\"@id\":\"https:\\\/\\\/secure.gravatar.com\\\/avatar\\\/c7bb18151e6c15c2f6c17d6a985b65614e924b0a2109679be31286f997dd99df?s=96&d=mm&r=g\",\"url\":\"https:\\\/\\\/secure.gravatar.com\\\/avatar\\\/c7bb18151e6c15c2f6c17d6a985b65614e924b0a2109679be31286f997dd99df?s=96&d=mm&r=g\",\"contentUrl\":\"https:\\\/\\\/secure.gravatar.com\\\/avatar\\\/c7bb18151e6c15c2f6c17d6a985b65614e924b0a2109679be31286f997dd99df?s=96&d=mm&r=g\",\"caption\":\"Felipe De Jesus\"},\"url\":\"https:\\\/\\\/portal135.com.br\\\/?author=5\"}]}<\/script>\n<!-- \/ Yoast SEO plugin. -->","yoast_head_json":{"title":"Lauana Prado apresenta show de grava\u00e7\u00e3o do projeto \"Raiz Belo Horizonte\" no Mineir\u00e3o","robots":{"index":"index","follow":"follow","max-snippet":"max-snippet:-1","max-image-preview":"max-image-preview:large","max-video-preview":"max-video-preview:-1"},"canonical":"https:\/\/portal135.com.br\/?p=1627","og_locale":"pt_BR","og_type":"article","og_title":"Lauana Prado apresenta show de grava\u00e7\u00e3o do projeto \"Raiz Belo Horizonte\" no Mineir\u00e3o","og_description":"Lauana Prado &#8211; @fbattaglin. Com novo repert\u00f3rio e cenografia, al\u00e9m de in\u00e9dito formato &#8220;open air&#8221;, label promete fazer hist\u00f3ria na capital mineira com registro audiovisual; evento acontece no dia 24 de maio e os ingressos j\u00e1 est\u00e3o \u00e0 venda Acabou a ansiedade, pois j\u00e1 est\u00e3o abertas as vendas de ingressos para t\u00e3o aguardado show de grava\u00e7\u00e3o do projeto Raiz Belo Horizonte, da cantora Lauana Prado. O evento hist\u00f3rico ser\u00e1 realizado no dia 24 de maio, s\u00e1bado, no Mineir\u00e3o, em Belo Horizonte. Para quem quiser j\u00e1 garantir a presen\u00e7a, basta acessar o site oficial&nbsp;&nbsp;www.lauanapradoraiz.com.br&nbsp;e escolher o setor.&nbsp; O \u00e1lbum Raiz Belo Horizonte ser\u00e1 a terceira edi\u00e7\u00e3o do Raiz e tem muitas novidades. Este ser\u00e1 o primeiro registro do projeto realizado &#8220;ao ar livre&#8221;, o que refor\u00e7a a grandiosidade da iniciativa que a cada ano tem conquistado ainda mais reconhecimento e f\u00e3s em todo o Brasil. Haver\u00e1 inova\u00e7\u00f5es na cenografia, no roteiro e no repert\u00f3rio do show, al\u00e9m de novas propostas de ingressos, como com a cria\u00e7\u00e3o de setores distintos, j\u00e1 que, anteriormente, o projeto oferecia ingressos apenas para um \u00fanico setor. Agora o p\u00fablico poder\u00e1 escolher entre Pista Raiz, Camarote Bar do Tet\u00e9u e Camarote Open Bar, localizado no anel do est\u00e1dio.&nbsp; Lauana Prado revela que est\u00e1 preparando um novo repert\u00f3rio para essa grava\u00e7\u00e3o, al\u00e9m de m\u00fasicas in\u00e9ditas e as releituras que embalam gera\u00e7\u00f5es. \u201cEu sou apaixonada pelo Raiz, um projeto que nasceu no meu cora\u00e7\u00e3o, que eu me envolvo em cada um dos detalhes. Ele conquistou o Brasil, tinha muita gente ansiosa e eu tamb\u00e9m. Espero todos voc\u00eas para viver esse dia inesquec\u00edvel comigo\u201d, comenta. O repert\u00f3rio deve mesclar can\u00e7\u00f5es in\u00e9ditas e regrava\u00e7\u00f5es, dividindo a narrativa do novo audiovisual em tr\u00eas momentos distintos \u2013 dia, p\u00f4r do sol e noite. \u201cEu fiz quest\u00e3o de trazer 3 tempos, tenho uma hist\u00f3ria para contar em cada um deles, e juntos formam um enredo lindo que com certeza tem tudo para encantar e emocionar o p\u00fablico\u201d, explica Lauana. A grava\u00e7\u00e3o do audiovisual RAIZ Belo Horizonte tamb\u00e9m contar\u00e1 com participa\u00e7\u00f5es especiais que ser\u00e3o anunciadas em breve nas redes sociais da label e da cantora.&nbsp; Os f\u00e3s de Belo Horizonte ter\u00e3o a oportunidade de adquirir o ingresso &#8220;RAIZ VIP EXPERIENCE&#8221;, que proporciona uma s\u00e9rie de benef\u00edcios exclusivos que estar\u00e3o dispon\u00edveis em breve para compra. Entre eles, um convite individual nomeado como &#8220;Convidado da Lauana Prado&#8221;, com transporte exclusivo em van para ida e volta do show, e entrada VIP exclusiva pelo Family &amp; Friends. Al\u00e9m disso, estar\u00e1 garantida uma foto com a cantora, acesso a um espa\u00e7o premium, com open bar e open food, e um Kit Raiz com itens personalizados e exclusivos. Para completar a experi\u00eancia, o atendimento ser\u00e1 personalizado com um servi\u00e7o de concierge, entre outros privil\u00e9gios adicionais. Produzida em parceria entre LP Music Business, GTS Talent, Box e Nenety eventos, a grava\u00e7\u00e3o do Raiz BH conta com o patroc\u00ednio da RAM, a picape oficial da label em 2025, e Betnacional.&nbsp; Grava\u00e7\u00e3o &#8211; RAIZ Belo HorizonteData: 24 de maio, s\u00e1badoHor\u00e1rio: A partir das 13hLocal: Mineir\u00e3o &#8211; Av. Ant\u00f4nio Abrah\u00e3o Caram, 1001 &#8211; S\u00e3o Jos\u00e9, Belo Horizonte Ingressos:&nbsp;https:\/\/lauanapradoraiz.com.br\/ Classifica\u00e7\u00e3o 18 anos","og_url":"https:\/\/portal135.com.br\/?p=1627","og_site_name":"Portal 135","article_published_time":"2025-02-18T16:53:24+00:00","article_modified_time":"2025-02-18T16:53:26+00:00","og_image":[{"width":800,"height":583,"url":"https:\/\/portal135.com.br\/wp-content\/uploads\/2025\/02\/creditos-@fbattaglin-7-1.jpg","type":"image\/jpeg"}],"author":"Felipe De Jesus","twitter_card":"summary_large_image","twitter_misc":{"Escrito por":"Felipe De Jesus","Est. tempo de leitura":"4 minutos"},"schema":{"@context":"https:\/\/schema.org","@graph":[{"@type":"Article","@id":"https:\/\/portal135.com.br\/?p=1627#article","isPartOf":{"@id":"https:\/\/portal135.com.br\/?p=1627"},"author":{"name":"Felipe De Jesus","@id":"https:\/\/portal135.com.br\/#\/schema\/person\/8b1047d329adb7f2596093a79f5658e6"},"headline":"Lauana Prado apresenta show de grava\u00e7\u00e3o do projeto &#8220;Raiz Belo Horizonte&#8221; no Mineir\u00e3o","datePublished":"2025-02-18T16:53:24+00:00","dateModified":"2025-02-18T16:53:26+00:00","mainEntityOfPage":{"@id":"https:\/\/portal135.com.br\/?p=1627"},"wordCount":606,"commentCount":0,"publisher":{"@id":"https:\/\/portal135.com.br\/#organization"},"image":{"@id":"https:\/\/portal135.com.br\/?p=1627#primaryimage"},"thumbnailUrl":"https:\/\/portal135.com.br\/wp-content\/uploads\/2025\/02\/creditos-@fbattaglin-7-1.jpg","articleSection":["Brasil","Eventos"],"inLanguage":"pt-BR","potentialAction":[{"@type":"CommentAction","name":"Comment","target":["https:\/\/portal135.com.br\/?p=1627#respond"]}]},{"@type":"WebPage","@id":"https:\/\/portal135.com.br\/?p=1627","url":"https:\/\/portal135.com.br\/?p=1627","name":"Lauana Prado apresenta show de grava\u00e7\u00e3o do projeto \"Raiz Belo Horizonte\" no Mineir\u00e3o","isPartOf":{"@id":"https:\/\/portal135.com.br\/#website"},"primaryImageOfPage":{"@id":"https:\/\/portal135.com.br\/?p=1627#primaryimage"},"image":{"@id":"https:\/\/portal135.com.br\/?p=1627#primaryimage"},"thumbnailUrl":"https:\/\/portal135.com.br\/wp-content\/uploads\/2025\/02\/creditos-@fbattaglin-7-1.jpg","datePublished":"2025-02-18T16:53:24+00:00","dateModified":"2025-02-18T16:53:26+00:00","breadcrumb":{"@id":"https:\/\/portal135.com.br\/?p=1627#breadcrumb"},"inLanguage":"pt-BR","potentialAction":[{"@type":"ReadAction","target":["https:\/\/portal135.com.br\/?p=1627"]}]},{"@type":"ImageObject","inLanguage":"pt-BR","@id":"https:\/\/portal135.com.br\/?p=1627#primaryimage","url":"https:\/\/portal135.com.br\/wp-content\/uploads\/2025\/02\/creditos-@fbattaglin-7-1.jpg","contentUrl":"https:\/\/portal135.com.br\/wp-content\/uploads\/2025\/02\/creditos-@fbattaglin-7-1.jpg","width":800,"height":583},{"@type":"BreadcrumbList","@id":"https:\/\/portal135.com.br\/?p=1627#breadcrumb","itemListElement":[{"@type":"ListItem","position":1,"name":"In\u00edcio","item":"https:\/\/portal135.com.br\/"},{"@type":"ListItem","position":2,"name":"Lauana Prado apresenta show de grava\u00e7\u00e3o do projeto &#8220;Raiz Belo Horizonte&#8221; no Mineir\u00e3o"}]},{"@type":"WebSite","@id":"https:\/\/portal135.com.br\/#website","url":"https:\/\/portal135.com.br\/","name":"Portal 135","description":"Portal de Not\u00edcias","publisher":{"@id":"https:\/\/portal135.com.br\/#organization"},"potentialAction":[{"@type":"SearchAction","target":{"@type":"EntryPoint","urlTemplate":"https:\/\/portal135.com.br\/?s={search_term_string}"},"query-input":{"@type":"PropertyValueSpecification","valueRequired":true,"valueName":"search_term_string"}}],"inLanguage":"pt-BR"},{"@type":"Organization","@id":"https:\/\/portal135.com.br\/#organization","name":"Portal 135","url":"https:\/\/portal135.com.br\/","logo":{"@type":"ImageObject","inLanguage":"pt-BR","@id":"https:\/\/portal135.com.br\/#\/schema\/logo\/image\/","url":"https:\/\/portal135.com.br\/wp-content\/uploads\/2024\/09\/1000030041-removebg-preview.png","contentUrl":"https:\/\/portal135.com.br\/wp-content\/uploads\/2024\/09\/1000030041-removebg-preview.png","width":500,"height":500,"caption":"Portal 135"},"image":{"@id":"https:\/\/portal135.com.br\/#\/schema\/logo\/image\/"}},{"@type":"Person","@id":"https:\/\/portal135.com.br\/#\/schema\/person\/8b1047d329adb7f2596093a79f5658e6","name":"Felipe De Jesus","image":{"@type":"ImageObject","inLanguage":"pt-BR","@id":"https:\/\/secure.gravatar.com\/avatar\/c7bb18151e6c15c2f6c17d6a985b65614e924b0a2109679be31286f997dd99df?s=96&d=mm&r=g","url":"https:\/\/secure.gravatar.com\/avatar\/c7bb18151e6c15c2f6c17d6a985b65614e924b0a2109679be31286f997dd99df?s=96&d=mm&r=g","contentUrl":"https:\/\/secure.gravatar.com\/avatar\/c7bb18151e6c15c2f6c17d6a985b65614e924b0a2109679be31286f997dd99df?s=96&d=mm&r=g","caption":"Felipe De Jesus"},"url":"https:\/\/portal135.com.br\/?author=5"}]}},"_links":{"self":[{"href":"https:\/\/portal135.com.br\/index.php?rest_route=\/wp\/v2\/posts\/1627","targetHints":{"allow":["GET"]}}],"collection":[{"href":"https:\/\/portal135.com.br\/index.php?rest_route=\/wp\/v2\/posts"}],"about":[{"href":"https:\/\/portal135.com.br\/index.php?rest_route=\/wp\/v2\/types\/post"}],"author":[{"embeddable":true,"href":"https:\/\/portal135.com.br\/index.php?rest_route=\/wp\/v2\/users\/5"}],"replies":[{"embeddable":true,"href":"https:\/\/portal135.com.br\/index.php?rest_route=%2Fwp%2Fv2%2Fcomments&post=1627"}],"version-history":[{"count":1,"href":"https:\/\/portal135.com.br\/index.php?rest_route=\/wp\/v2\/posts\/1627\/revisions"}],"predecessor-version":[{"id":1629,"href":"https:\/\/portal135.com.br\/index.php?rest_route=\/wp\/v2\/posts\/1627\/revisions\/1629"}],"wp:featuredmedia":[{"embeddable":true,"href":"https:\/\/portal135.com.br\/index.php?rest_route=\/wp\/v2\/media\/1628"}],"wp:attachment":[{"href":"https:\/\/portal135.com.br\/index.php?rest_route=%2Fwp%2Fv2%2Fmedia&parent=1627"}],"wp:term":[{"taxonomy":"category","embeddable":true,"href":"https:\/\/portal135.com.br\/index.php?rest_route=%2Fwp%2Fv2%2Fcategories&post=1627"},{"taxonomy":"post_tag","embeddable":true,"href":"https:\/\/portal135.com.br\/index.php?rest_route=%2Fwp%2Fv2%2Ftags&post=1627"}],"curies":[{"name":"wp","href":"https:\/\/api.w.org\/{rel}","templated":true}]}}