{"id":1483,"date":"2025-01-21T14:48:44","date_gmt":"2025-01-21T14:48:44","guid":{"rendered":"https:\/\/portal135.com.br\/?p=1483"},"modified":"2025-01-21T14:48:44","modified_gmt":"2025-01-21T14:48:44","slug":"duda-estrela-anuncia-turne-pelo-brasil","status":"publish","type":"post","link":"https:\/\/portal135.com.br\/?p=1483","title":{"rendered":"Duda Estrela anuncia turn\u00ea pelo Brasil"},"content":{"rendered":"\n<p class=\"wp-block-paragraph\"><em>Os f\u00e3s de Duda Estrela j\u00e1 podem comemorar. A cantora que explodiu no Brasil com sua passagem pelo programa \u201cCanta Comigo\u201d, anunciou shows pelo Brasil.<\/em><\/p>\n\n\n\n<p class=\"wp-block-paragraph\">Aos 16 anos, <a href=\"https:\/\/www.instagram.com\/dudaestrelacantora\">Duda Estrela<\/a> \u00e9 um exemplo de como o talento e a visibilidade podem convergir de forma explosiva na era digital. Natural de Fortaleza, Cear\u00e1, a cantora ganhou notoriedade ao participar do programa \u201c<strong>Canta Comigo Teen<\/strong>\u201d, da Record, em 2022. Sua performance impressionante, que fez com que 94 jurados aplaudissem em un\u00edssono, marcou o in\u00edcio de uma carreira promissora que rapidamente conquistou o cora\u00e7\u00e3o de f\u00e3s por todo o Brasil.<\/p>\n\n\n\n<p class=\"wp-block-paragraph\">O programa \u201cCanta Comigo Teen\u201d foi o grande palco de revela\u00e7\u00e3o para Duda Estrela, que se destacou n\u00e3o apenas por sua voz potente, mas pela sua presen\u00e7a de palco e emo\u00e7\u00e3o nas interpreta\u00e7\u00f5es. A jovem, que aos 16 anos j\u00e1 exibia uma maturidade art\u00edstica impressionante, foi elogiada por sua habilidade em se conectar com o p\u00fablico e transmitir sentimento atrav\u00e9s de suas can\u00e7\u00f5es. Esse desempenho a colocou definitivamente no radar das grandes gravadoras e empresas do setor musical.<\/p>\n\n\n\n<figure class=\"wp-block-image size-full\"><img decoding=\"async\" src=\"https:\/\/tribunageral.com.br\/wp-content\/uploads\/2025\/01\/8a7a11f4-a93e-4b28-9f23-28bb4fdfc337.jpg\" alt=\"\" class=\"wp-image-2731\" \/><figcaption class=\"wp-element-caption\">Duda Estrela no programa Canta Comigo Teen\/ Divulga\u00e7\u00e3o<\/figcaption><\/figure>\n\n\n\n<p class=\"wp-block-paragraph\">Ap\u00f3s o sucesso no programa, Duda assinou com a empresa <strong>Acertei Produ\u00e7\u00f5es<\/strong>, a mesma respons\u00e1vel pelo gerenciamento de artistas como <strong>Kaka e Pedrinho<\/strong> e o fen\u00f4meno de 2025, <strong>L\u00e9o Foguete<\/strong>. A Acertei Produ\u00e7\u00f5es tem sido um trampolim para a carreira de grandes nomes da m\u00fasica brasileira, e com Duda n\u00e3o foi diferente. A cantora est\u00e1 sendo moldada para grandes parcerias e feats que prometem n\u00e3o s\u00f3 expandir sua carreira, mas consolid\u00e1-la como uma das principais artistas da nova gera\u00e7\u00e3o.<\/p>\n\n\n\n<p class=\"wp-block-paragraph\">Al\u00e9m da visibilidade proporcionada pelo programa, Duda j\u00e1 soma colabora\u00e7\u00f5es de peso com outros artistas renomados. Seu feat com <strong>Solange Almeida<\/strong> na m\u00fasica \u201c<a href=\"https:\/\/www.youtube.com\/watch?v=P1tX8yHHZ7M\">Seu Jeito<\/a>&#8221; ultrapassou 20 milh\u00f5es de visualiza\u00e7\u00f5es, enquanto sua parceria com <strong>MC Bruninho<\/strong> em \u201c<a href=\"https:\/\/www.youtube.com\/watch?v=bORBM39_U4M\">Me Belisca<\/a>\u201d j\u00e1 \u00e9 um sucesso estrondoso, com mais de 50 milh\u00f5es de acessos no YouTube. Esses n\u00fameros refletem a for\u00e7a de seu talento e a conex\u00e3o genu\u00edna que ela tem com seu p\u00fablico.<\/p>\n\n\n\n<figure class=\"wp-block-image size-full\"><img decoding=\"async\" src=\"https:\/\/tribunageral.com.br\/wp-content\/uploads\/2025\/01\/fb102ad0-cda5-4265-8e17-ac1c96eba214.jpg\" alt=\"\" class=\"wp-image-2732\" \/><figcaption class=\"wp-element-caption\">Duda Estrela\/ Divulga\u00e7\u00e3o<\/figcaption><\/figure>\n\n\n\n<p class=\"wp-block-paragraph\">Agora, com sua agenda de shows prestes a come\u00e7ar, Duda Estrela est\u00e1 pronta para levar sua m\u00fasica para diversos cantos do Brasil, continuando a sua jornada de sucesso. Sua ascens\u00e3o \u00e9 um reflexo claro de como os novos talentos est\u00e3o conquistando o cen\u00e1rio musical de maneira r\u00e1pida e sem intermedi\u00e1rios, aproveitando ao m\u00e1ximo as plataformas digitais e a visibilidade que programas como o \u201cCanta Comigo Teen\u201d oferecem.<\/p>\n\n\n\n<p class=\"wp-block-paragraph\">Saiba mais sobre Duda Estrela:<br><a href=\"https:\/\/www.instagram.com\/dudaestrelacantora\">https:\/\/www.instagram.com\/dudaestrelacantora<\/a><\/p>\n","protected":false},"excerpt":{"rendered":"<p>Os f\u00e3s de Duda Estrela j\u00e1 podem comemorar. A cantora que explodiu no Brasil com sua passagem pelo programa \u201cCanta Comigo\u201d, anunciou\u2026<\/p>\n","protected":false},"author":6,"featured_media":1484,"comment_status":"open","ping_status":"open","sticky":false,"template":"","format":"standard","meta":{"footnotes":""},"categories":[26],"tags":[],"class_list":["post-1483","post","type-post","status-publish","format-standard","has-post-thumbnail","hentry","category-famosos"],"_links":{"self":[{"href":"https:\/\/portal135.com.br\/index.php?rest_route=\/wp\/v2\/posts\/1483","targetHints":{"allow":["GET"]}}],"collection":[{"href":"https:\/\/portal135.com.br\/index.php?rest_route=\/wp\/v2\/posts"}],"about":[{"href":"https:\/\/portal135.com.br\/index.php?rest_route=\/wp\/v2\/types\/post"}],"author":[{"embeddable":true,"href":"https:\/\/portal135.com.br\/index.php?rest_route=\/wp\/v2\/users\/6"}],"replies":[{"embeddable":true,"href":"https:\/\/portal135.com.br\/index.php?rest_route=%2Fwp%2Fv2%2Fcomments&post=1483"}],"version-history":[{"count":1,"href":"https:\/\/portal135.com.br\/index.php?rest_route=\/wp\/v2\/posts\/1483\/revisions"}],"predecessor-version":[{"id":1485,"href":"https:\/\/portal135.com.br\/index.php?rest_route=\/wp\/v2\/posts\/1483\/revisions\/1485"}],"wp:featuredmedia":[{"embeddable":true,"href":"https:\/\/portal135.com.br\/index.php?rest_route=\/wp\/v2\/media\/1484"}],"wp:attachment":[{"href":"https:\/\/portal135.com.br\/index.php?rest_route=%2Fwp%2Fv2%2Fmedia&parent=1483"}],"wp:term":[{"taxonomy":"category","embeddable":true,"href":"https:\/\/portal135.com.br\/index.php?rest_route=%2Fwp%2Fv2%2Fcategories&post=1483"},{"taxonomy":"post_tag","embeddable":true,"href":"https:\/\/portal135.com.br\/index.php?rest_route=%2Fwp%2Fv2%2Ftags&post=1483"}],"curies":[{"name":"wp","href":"https:\/\/api.w.org\/{rel}","templated":true}]}}