{"id":1435,"date":"2024-09-19T19:48:00","date_gmt":"2024-09-19T19:48:00","guid":{"rendered":"https:\/\/portal135.com.br\/?p=1435"},"modified":"2025-01-13T19:51:15","modified_gmt":"2025-01-13T19:51:15","slug":"samba-prime-retorna-a-montes-claros-com-grandes-nomes-do-samba-e-pagode","status":"publish","type":"post","link":"https:\/\/portal135.com.br\/?p=1435","title":{"rendered":"Samba Prime retorna a Montes Claros com grandes nomes do samba e pagode"},"content":{"rendered":"\n<p><strong>Akatu &#8211; Divulga\u00e7\u00e3o.<\/strong><\/p>\n\n\n\n<p class=\"has-text-align-center\"><strong><em>Menos \u00e9 Mais, Sorriso Maroto e Akatu s\u00e3o as atra\u00e7\u00f5es do evento<\/em><\/strong><\/p>\n\n\n\n<p>No dia 21 de setembro de 2024, Montes Claros ser\u00e1 novamente a capital do samba e pagode no Brasil com a realiza\u00e7\u00e3o do Samba Prime, um dos mais aguardados festivais do g\u00eanero. O evento ter\u00e1 in\u00edcio \u00e0s 16h00 e acontecer\u00e1 no Parque de Exposi\u00e7\u00f5es, situado na Pra\u00e7a Lindolfo Laughton, 1373 &#8211; Alto S\u00e3o Jo\u00e3o. Menos \u00e9 Mais, Sorriso Maroto e Akatu s\u00e3o as atra\u00e7\u00f5es escaladas para agitar o evento.<\/p>\n\n\n\n<p>O Samba Prime traz uma s\u00e9rie de novidades para esta edi\u00e7\u00e3o, incluindo uma estrutura ampliada com mais bares e banheiros, tudo para garantir maior comodidade ao p\u00fablico. Todos os setores ter\u00e3o acesso \u00e0 frente do palco, permitindo uma experi\u00eancia acess\u00edvel e inclusiva para todos os participantes. Al\u00e9m disso, o evento contar\u00e1 com um mega palco, equipado com o que h\u00e1 de mais moderno em tecnologia de som e luz.<\/p>\n\n\n\n<p>Setores e op\u00e7\u00f5es de ingressos<\/p>\n\n\n\n<p>Os ingressos est\u00e3o dispon\u00edveis em diferentes modalidades para atender a diversos perfis de p\u00fablico:<\/p>\n\n\n\n<p><strong>Espa\u00e7o Prime <\/strong>&#8211; Inclui bebidas como Cerveja Brahma, Vodka Orloff, Ice, e mais.<\/p>\n\n\n\n<p><strong>Valor<\/strong>: R$ 180,00 (8\u00ba Lote).<\/p>\n\n\n\n<p><strong>Espa\u00e7o Golden All Inclusive <\/strong>&#8211; Oferece Open Bar com Cerveja, Whisky Red Label, Vodka Absolut, Gin Beefeater, al\u00e9m de um variado Open Food, incluindo Salgados, Massas, Pizzas, entre outros.<\/p>\n\n\n\n<p><strong>Valor<\/strong>: R$ 400,00 (5\u00ba Lote).<\/p>\n\n\n\n<p>Quem adquiriu o <strong>Espa\u00e7o Prime <\/strong>pode fazer um upgrade para o <strong>Espa\u00e7o Golden<\/strong><\/p>\n\n\n\n<p>comprando o complemento e apresentando ambos os ingressos na entrada.<\/p>\n\n\n\n<p>Facilidades e Compras Antecipadas<\/p>\n\n\n\n<ul class=\"wp-block-list\">\n<li><strong>Estacionamento<\/strong>: <a href=\"https:\/\/centraldoseventos.com.br\/samba-prime-montes-claros-2024---estacionamento-oficial\">Garanta seu estacionamento antecipado<\/a>.<\/li>\n\n\n\n<li><strong>Produtos Officiais Samba Prime<\/strong>: <a href=\"https:\/\/centraldoseventos.com.br\/sambaprimemontesclarosloja\">Adquira antecipadamente<\/a>.<\/li>\n<\/ul>\n\n\n\n<p>Redes Sociais e Contato<\/p>\n\n\n\n<p>Fique por dentro das atualiza\u00e7\u00f5es nas redes sociais:<\/p>\n\n\n\n<ul class=\"wp-block-list\">\n<li><a href=\"https:\/\/instagram.com\/SambaPrimeOficial\">Instagram Oficial<\/a><\/li>\n\n\n\n<li><a href=\"https:\/\/instagram.com\/SambaPrimeMontesClaros\">Instagram Samba Prime Montes Claros<\/a> Para mais informa\u00e7\u00f5es, ligue: (38) 3222-6969.Patroc\u00ednio: Caixa<\/li>\n<\/ul>\n","protected":false},"excerpt":{"rendered":"<p>Akatu &#8211; Divulga\u00e7\u00e3o. Menos \u00e9 Mais, Sorriso Maroto e Akatu s\u00e3o as atra\u00e7\u00f5es do evento No dia 21 de setembro de 2024, Montes Claros ser\u00e1 novamente a capital do samba e pagode no Brasil com a realiza\u00e7\u00e3o do Samba Prime, um dos mais aguardados festivais do g\u00eanero. O evento ter\u00e1 in\u00edcio \u00e0s 16h00 e acontecer\u00e1 no Parque de Exposi\u00e7\u00f5es, situado na Pra\u00e7a Lindolfo Laughton, 1373 &#8211; Alto S\u00e3o Jo\u00e3o. Menos \u00e9 Mais, Sorriso Maroto e Akatu s\u00e3o as atra\u00e7\u00f5es escaladas para agitar o evento. O Samba Prime traz uma s\u00e9rie de novidades para esta edi\u00e7\u00e3o, incluindo uma estrutura ampliada com mais bares e banheiros, tudo para garantir maior comodidade ao p\u00fablico. Todos os setores ter\u00e3o acesso \u00e0 frente do palco, permitindo uma experi\u00eancia acess\u00edvel e inclusiva para todos os participantes. Al\u00e9m disso, o evento contar\u00e1 com um mega palco, equipado com o que h\u00e1 de mais moderno em tecnologia de som e luz. Setores e op\u00e7\u00f5es de ingressos Os ingressos est\u00e3o dispon\u00edveis em diferentes modalidades para atender a diversos perfis de p\u00fablico: Espa\u00e7o Prime &#8211; Inclui bebidas como Cerveja Brahma, Vodka Orloff, Ice, e mais. Valor: R$ 180,00 (8\u00ba Lote). Espa\u00e7o Golden All Inclusive &#8211; Oferece Open Bar com Cerveja, Whisky Red Label, Vodka Absolut, Gin Beefeater, al\u00e9m de um variado Open Food, incluindo Salgados, Massas, Pizzas, entre outros. Valor: R$ 400,00 (5\u00ba Lote). Quem adquiriu o Espa\u00e7o Prime pode fazer um upgrade para o Espa\u00e7o Golden comprando o complemento e apresentando ambos os ingressos na entrada. Facilidades e Compras Antecipadas Redes Sociais e Contato Fique por dentro das atualiza\u00e7\u00f5es nas redes sociais:<\/p>\n","protected":false},"author":5,"featured_media":1436,"comment_status":"open","ping_status":"open","sticky":true,"template":"","format":"standard","meta":{"footnotes":""},"categories":[32,25,26,37],"tags":[],"class_list":["post-1435","post","type-post","status-publish","format-standard","has-post-thumbnail","hentry","category-brasil","category-eventos","category-famosos","category-geral"],"yoast_head":"<!-- This site is optimized with the Yoast SEO plugin v27.3 - https:\/\/yoast.com\/product\/yoast-seo-wordpress\/ -->\n<title>Samba Prime retorna a Montes Claros com grandes nomes do samba e pagode<\/title>\n<meta name=\"robots\" content=\"index, follow, max-snippet:-1, max-image-preview:large, max-video-preview:-1\" \/>\n<link rel=\"canonical\" href=\"https:\/\/portal135.com.br\/?p=1435\" \/>\n<meta property=\"og:locale\" content=\"pt_BR\" \/>\n<meta property=\"og:type\" content=\"article\" \/>\n<meta property=\"og:title\" content=\"Samba Prime retorna a Montes Claros com grandes nomes do samba e pagode\" \/>\n<meta property=\"og:description\" content=\"Akatu &#8211; Divulga\u00e7\u00e3o. Menos \u00e9 Mais, Sorriso Maroto e Akatu s\u00e3o as atra\u00e7\u00f5es do evento No dia 21 de setembro de 2024, Montes Claros ser\u00e1 novamente a capital do samba e pagode no Brasil com a realiza\u00e7\u00e3o do Samba Prime, um dos mais aguardados festivais do g\u00eanero. O evento ter\u00e1 in\u00edcio \u00e0s 16h00 e acontecer\u00e1 no Parque de Exposi\u00e7\u00f5es, situado na Pra\u00e7a Lindolfo Laughton, 1373 &#8211; Alto S\u00e3o Jo\u00e3o. Menos \u00e9 Mais, Sorriso Maroto e Akatu s\u00e3o as atra\u00e7\u00f5es escaladas para agitar o evento. O Samba Prime traz uma s\u00e9rie de novidades para esta edi\u00e7\u00e3o, incluindo uma estrutura ampliada com mais bares e banheiros, tudo para garantir maior comodidade ao p\u00fablico. Todos os setores ter\u00e3o acesso \u00e0 frente do palco, permitindo uma experi\u00eancia acess\u00edvel e inclusiva para todos os participantes. Al\u00e9m disso, o evento contar\u00e1 com um mega palco, equipado com o que h\u00e1 de mais moderno em tecnologia de som e luz. Setores e op\u00e7\u00f5es de ingressos Os ingressos est\u00e3o dispon\u00edveis em diferentes modalidades para atender a diversos perfis de p\u00fablico: Espa\u00e7o Prime &#8211; Inclui bebidas como Cerveja Brahma, Vodka Orloff, Ice, e mais. Valor: R$ 180,00 (8\u00ba Lote). Espa\u00e7o Golden All Inclusive &#8211; Oferece Open Bar com Cerveja, Whisky Red Label, Vodka Absolut, Gin Beefeater, al\u00e9m de um variado Open Food, incluindo Salgados, Massas, Pizzas, entre outros. Valor: R$ 400,00 (5\u00ba Lote). Quem adquiriu o Espa\u00e7o Prime pode fazer um upgrade para o Espa\u00e7o Golden comprando o complemento e apresentando ambos os ingressos na entrada. Facilidades e Compras Antecipadas Redes Sociais e Contato Fique por dentro das atualiza\u00e7\u00f5es nas redes sociais:\" \/>\n<meta property=\"og:url\" content=\"https:\/\/portal135.com.br\/?p=1435\" \/>\n<meta property=\"og:site_name\" content=\"Portal 135\" \/>\n<meta property=\"article:published_time\" content=\"2024-09-19T19:48:00+00:00\" \/>\n<meta property=\"article:modified_time\" content=\"2025-01-13T19:51:15+00:00\" \/>\n<meta property=\"og:image\" content=\"https:\/\/portal135.com.br\/wp-content\/uploads\/2025\/01\/FOTO-VERDE-2-2-1--scaled.jpg\" \/>\n\t<meta property=\"og:image:width\" content=\"2560\" \/>\n\t<meta property=\"og:image:height\" content=\"1825\" \/>\n\t<meta property=\"og:image:type\" content=\"image\/jpeg\" \/>\n<meta name=\"author\" content=\"Felipe De Jesus\" \/>\n<meta name=\"twitter:card\" content=\"summary_large_image\" \/>\n<meta name=\"twitter:label1\" content=\"Escrito por\" \/>\n\t<meta name=\"twitter:data1\" content=\"Felipe De Jesus\" \/>\n\t<meta name=\"twitter:label2\" content=\"Est. tempo de leitura\" \/>\n\t<meta name=\"twitter:data2\" content=\"2 minutos\" \/>\n<script type=\"application\/ld+json\" class=\"yoast-schema-graph\">{\"@context\":\"https:\\\/\\\/schema.org\",\"@graph\":[{\"@type\":\"Article\",\"@id\":\"https:\\\/\\\/portal135.com.br\\\/?p=1435#article\",\"isPartOf\":{\"@id\":\"https:\\\/\\\/portal135.com.br\\\/?p=1435\"},\"author\":{\"name\":\"Felipe De Jesus\",\"@id\":\"https:\\\/\\\/portal135.com.br\\\/#\\\/schema\\\/person\\\/8b1047d329adb7f2596093a79f5658e6\"},\"headline\":\"Samba Prime retorna a Montes Claros com grandes nomes do samba e pagode\",\"datePublished\":\"2024-09-19T19:48:00+00:00\",\"dateModified\":\"2025-01-13T19:51:15+00:00\",\"mainEntityOfPage\":{\"@id\":\"https:\\\/\\\/portal135.com.br\\\/?p=1435\"},\"wordCount\":322,\"commentCount\":0,\"publisher\":{\"@id\":\"https:\\\/\\\/portal135.com.br\\\/#organization\"},\"image\":{\"@id\":\"https:\\\/\\\/portal135.com.br\\\/?p=1435#primaryimage\"},\"thumbnailUrl\":\"https:\\\/\\\/portal135.com.br\\\/wp-content\\\/uploads\\\/2025\\\/01\\\/FOTO-VERDE-2-2-1--scaled.jpg\",\"articleSection\":[\"Brasil\",\"Eventos\",\"Famosos\",\"Geral\"],\"inLanguage\":\"pt-BR\",\"potentialAction\":[{\"@type\":\"CommentAction\",\"name\":\"Comment\",\"target\":[\"https:\\\/\\\/portal135.com.br\\\/?p=1435#respond\"]}]},{\"@type\":\"WebPage\",\"@id\":\"https:\\\/\\\/portal135.com.br\\\/?p=1435\",\"url\":\"https:\\\/\\\/portal135.com.br\\\/?p=1435\",\"name\":\"Samba Prime retorna a Montes Claros com grandes nomes do samba e pagode\",\"isPartOf\":{\"@id\":\"https:\\\/\\\/portal135.com.br\\\/#website\"},\"primaryImageOfPage\":{\"@id\":\"https:\\\/\\\/portal135.com.br\\\/?p=1435#primaryimage\"},\"image\":{\"@id\":\"https:\\\/\\\/portal135.com.br\\\/?p=1435#primaryimage\"},\"thumbnailUrl\":\"https:\\\/\\\/portal135.com.br\\\/wp-content\\\/uploads\\\/2025\\\/01\\\/FOTO-VERDE-2-2-1--scaled.jpg\",\"datePublished\":\"2024-09-19T19:48:00+00:00\",\"dateModified\":\"2025-01-13T19:51:15+00:00\",\"breadcrumb\":{\"@id\":\"https:\\\/\\\/portal135.com.br\\\/?p=1435#breadcrumb\"},\"inLanguage\":\"pt-BR\",\"potentialAction\":[{\"@type\":\"ReadAction\",\"target\":[\"https:\\\/\\\/portal135.com.br\\\/?p=1435\"]}]},{\"@type\":\"ImageObject\",\"inLanguage\":\"pt-BR\",\"@id\":\"https:\\\/\\\/portal135.com.br\\\/?p=1435#primaryimage\",\"url\":\"https:\\\/\\\/portal135.com.br\\\/wp-content\\\/uploads\\\/2025\\\/01\\\/FOTO-VERDE-2-2-1--scaled.jpg\",\"contentUrl\":\"https:\\\/\\\/portal135.com.br\\\/wp-content\\\/uploads\\\/2025\\\/01\\\/FOTO-VERDE-2-2-1--scaled.jpg\",\"width\":2560,\"height\":1825},{\"@type\":\"BreadcrumbList\",\"@id\":\"https:\\\/\\\/portal135.com.br\\\/?p=1435#breadcrumb\",\"itemListElement\":[{\"@type\":\"ListItem\",\"position\":1,\"name\":\"In\u00edcio\",\"item\":\"https:\\\/\\\/portal135.com.br\\\/\"},{\"@type\":\"ListItem\",\"position\":2,\"name\":\"Samba Prime retorna a Montes Claros com grandes nomes do samba e pagode\"}]},{\"@type\":\"WebSite\",\"@id\":\"https:\\\/\\\/portal135.com.br\\\/#website\",\"url\":\"https:\\\/\\\/portal135.com.br\\\/\",\"name\":\"Portal 135\",\"description\":\"Portal de Not\u00edcias\",\"publisher\":{\"@id\":\"https:\\\/\\\/portal135.com.br\\\/#organization\"},\"potentialAction\":[{\"@type\":\"SearchAction\",\"target\":{\"@type\":\"EntryPoint\",\"urlTemplate\":\"https:\\\/\\\/portal135.com.br\\\/?s={search_term_string}\"},\"query-input\":{\"@type\":\"PropertyValueSpecification\",\"valueRequired\":true,\"valueName\":\"search_term_string\"}}],\"inLanguage\":\"pt-BR\"},{\"@type\":\"Organization\",\"@id\":\"https:\\\/\\\/portal135.com.br\\\/#organization\",\"name\":\"Portal 135\",\"url\":\"https:\\\/\\\/portal135.com.br\\\/\",\"logo\":{\"@type\":\"ImageObject\",\"inLanguage\":\"pt-BR\",\"@id\":\"https:\\\/\\\/portal135.com.br\\\/#\\\/schema\\\/logo\\\/image\\\/\",\"url\":\"https:\\\/\\\/portal135.com.br\\\/wp-content\\\/uploads\\\/2024\\\/09\\\/1000030041-removebg-preview.png\",\"contentUrl\":\"https:\\\/\\\/portal135.com.br\\\/wp-content\\\/uploads\\\/2024\\\/09\\\/1000030041-removebg-preview.png\",\"width\":500,\"height\":500,\"caption\":\"Portal 135\"},\"image\":{\"@id\":\"https:\\\/\\\/portal135.com.br\\\/#\\\/schema\\\/logo\\\/image\\\/\"}},{\"@type\":\"Person\",\"@id\":\"https:\\\/\\\/portal135.com.br\\\/#\\\/schema\\\/person\\\/8b1047d329adb7f2596093a79f5658e6\",\"name\":\"Felipe De Jesus\",\"image\":{\"@type\":\"ImageObject\",\"inLanguage\":\"pt-BR\",\"@id\":\"https:\\\/\\\/secure.gravatar.com\\\/avatar\\\/c7bb18151e6c15c2f6c17d6a985b65614e924b0a2109679be31286f997dd99df?s=96&d=mm&r=g\",\"url\":\"https:\\\/\\\/secure.gravatar.com\\\/avatar\\\/c7bb18151e6c15c2f6c17d6a985b65614e924b0a2109679be31286f997dd99df?s=96&d=mm&r=g\",\"contentUrl\":\"https:\\\/\\\/secure.gravatar.com\\\/avatar\\\/c7bb18151e6c15c2f6c17d6a985b65614e924b0a2109679be31286f997dd99df?s=96&d=mm&r=g\",\"caption\":\"Felipe De Jesus\"},\"url\":\"https:\\\/\\\/portal135.com.br\\\/?author=5\"}]}<\/script>\n<!-- \/ Yoast SEO plugin. -->","yoast_head_json":{"title":"Samba Prime retorna a Montes Claros com grandes nomes do samba e pagode","robots":{"index":"index","follow":"follow","max-snippet":"max-snippet:-1","max-image-preview":"max-image-preview:large","max-video-preview":"max-video-preview:-1"},"canonical":"https:\/\/portal135.com.br\/?p=1435","og_locale":"pt_BR","og_type":"article","og_title":"Samba Prime retorna a Montes Claros com grandes nomes do samba e pagode","og_description":"Akatu &#8211; Divulga\u00e7\u00e3o. Menos \u00e9 Mais, Sorriso Maroto e Akatu s\u00e3o as atra\u00e7\u00f5es do evento No dia 21 de setembro de 2024, Montes Claros ser\u00e1 novamente a capital do samba e pagode no Brasil com a realiza\u00e7\u00e3o do Samba Prime, um dos mais aguardados festivais do g\u00eanero. O evento ter\u00e1 in\u00edcio \u00e0s 16h00 e acontecer\u00e1 no Parque de Exposi\u00e7\u00f5es, situado na Pra\u00e7a Lindolfo Laughton, 1373 &#8211; Alto S\u00e3o Jo\u00e3o. Menos \u00e9 Mais, Sorriso Maroto e Akatu s\u00e3o as atra\u00e7\u00f5es escaladas para agitar o evento. O Samba Prime traz uma s\u00e9rie de novidades para esta edi\u00e7\u00e3o, incluindo uma estrutura ampliada com mais bares e banheiros, tudo para garantir maior comodidade ao p\u00fablico. Todos os setores ter\u00e3o acesso \u00e0 frente do palco, permitindo uma experi\u00eancia acess\u00edvel e inclusiva para todos os participantes. Al\u00e9m disso, o evento contar\u00e1 com um mega palco, equipado com o que h\u00e1 de mais moderno em tecnologia de som e luz. Setores e op\u00e7\u00f5es de ingressos Os ingressos est\u00e3o dispon\u00edveis em diferentes modalidades para atender a diversos perfis de p\u00fablico: Espa\u00e7o Prime &#8211; Inclui bebidas como Cerveja Brahma, Vodka Orloff, Ice, e mais. Valor: R$ 180,00 (8\u00ba Lote). Espa\u00e7o Golden All Inclusive &#8211; Oferece Open Bar com Cerveja, Whisky Red Label, Vodka Absolut, Gin Beefeater, al\u00e9m de um variado Open Food, incluindo Salgados, Massas, Pizzas, entre outros. Valor: R$ 400,00 (5\u00ba Lote). Quem adquiriu o Espa\u00e7o Prime pode fazer um upgrade para o Espa\u00e7o Golden comprando o complemento e apresentando ambos os ingressos na entrada. Facilidades e Compras Antecipadas Redes Sociais e Contato Fique por dentro das atualiza\u00e7\u00f5es nas redes sociais:","og_url":"https:\/\/portal135.com.br\/?p=1435","og_site_name":"Portal 135","article_published_time":"2024-09-19T19:48:00+00:00","article_modified_time":"2025-01-13T19:51:15+00:00","og_image":[{"width":2560,"height":1825,"url":"https:\/\/portal135.com.br\/wp-content\/uploads\/2025\/01\/FOTO-VERDE-2-2-1--scaled.jpg","type":"image\/jpeg"}],"author":"Felipe De Jesus","twitter_card":"summary_large_image","twitter_misc":{"Escrito por":"Felipe De Jesus","Est. tempo de leitura":"2 minutos"},"schema":{"@context":"https:\/\/schema.org","@graph":[{"@type":"Article","@id":"https:\/\/portal135.com.br\/?p=1435#article","isPartOf":{"@id":"https:\/\/portal135.com.br\/?p=1435"},"author":{"name":"Felipe De Jesus","@id":"https:\/\/portal135.com.br\/#\/schema\/person\/8b1047d329adb7f2596093a79f5658e6"},"headline":"Samba Prime retorna a Montes Claros com grandes nomes do samba e pagode","datePublished":"2024-09-19T19:48:00+00:00","dateModified":"2025-01-13T19:51:15+00:00","mainEntityOfPage":{"@id":"https:\/\/portal135.com.br\/?p=1435"},"wordCount":322,"commentCount":0,"publisher":{"@id":"https:\/\/portal135.com.br\/#organization"},"image":{"@id":"https:\/\/portal135.com.br\/?p=1435#primaryimage"},"thumbnailUrl":"https:\/\/portal135.com.br\/wp-content\/uploads\/2025\/01\/FOTO-VERDE-2-2-1--scaled.jpg","articleSection":["Brasil","Eventos","Famosos","Geral"],"inLanguage":"pt-BR","potentialAction":[{"@type":"CommentAction","name":"Comment","target":["https:\/\/portal135.com.br\/?p=1435#respond"]}]},{"@type":"WebPage","@id":"https:\/\/portal135.com.br\/?p=1435","url":"https:\/\/portal135.com.br\/?p=1435","name":"Samba Prime retorna a Montes Claros com grandes nomes do samba e pagode","isPartOf":{"@id":"https:\/\/portal135.com.br\/#website"},"primaryImageOfPage":{"@id":"https:\/\/portal135.com.br\/?p=1435#primaryimage"},"image":{"@id":"https:\/\/portal135.com.br\/?p=1435#primaryimage"},"thumbnailUrl":"https:\/\/portal135.com.br\/wp-content\/uploads\/2025\/01\/FOTO-VERDE-2-2-1--scaled.jpg","datePublished":"2024-09-19T19:48:00+00:00","dateModified":"2025-01-13T19:51:15+00:00","breadcrumb":{"@id":"https:\/\/portal135.com.br\/?p=1435#breadcrumb"},"inLanguage":"pt-BR","potentialAction":[{"@type":"ReadAction","target":["https:\/\/portal135.com.br\/?p=1435"]}]},{"@type":"ImageObject","inLanguage":"pt-BR","@id":"https:\/\/portal135.com.br\/?p=1435#primaryimage","url":"https:\/\/portal135.com.br\/wp-content\/uploads\/2025\/01\/FOTO-VERDE-2-2-1--scaled.jpg","contentUrl":"https:\/\/portal135.com.br\/wp-content\/uploads\/2025\/01\/FOTO-VERDE-2-2-1--scaled.jpg","width":2560,"height":1825},{"@type":"BreadcrumbList","@id":"https:\/\/portal135.com.br\/?p=1435#breadcrumb","itemListElement":[{"@type":"ListItem","position":1,"name":"In\u00edcio","item":"https:\/\/portal135.com.br\/"},{"@type":"ListItem","position":2,"name":"Samba Prime retorna a Montes Claros com grandes nomes do samba e pagode"}]},{"@type":"WebSite","@id":"https:\/\/portal135.com.br\/#website","url":"https:\/\/portal135.com.br\/","name":"Portal 135","description":"Portal de Not\u00edcias","publisher":{"@id":"https:\/\/portal135.com.br\/#organization"},"potentialAction":[{"@type":"SearchAction","target":{"@type":"EntryPoint","urlTemplate":"https:\/\/portal135.com.br\/?s={search_term_string}"},"query-input":{"@type":"PropertyValueSpecification","valueRequired":true,"valueName":"search_term_string"}}],"inLanguage":"pt-BR"},{"@type":"Organization","@id":"https:\/\/portal135.com.br\/#organization","name":"Portal 135","url":"https:\/\/portal135.com.br\/","logo":{"@type":"ImageObject","inLanguage":"pt-BR","@id":"https:\/\/portal135.com.br\/#\/schema\/logo\/image\/","url":"https:\/\/portal135.com.br\/wp-content\/uploads\/2024\/09\/1000030041-removebg-preview.png","contentUrl":"https:\/\/portal135.com.br\/wp-content\/uploads\/2024\/09\/1000030041-removebg-preview.png","width":500,"height":500,"caption":"Portal 135"},"image":{"@id":"https:\/\/portal135.com.br\/#\/schema\/logo\/image\/"}},{"@type":"Person","@id":"https:\/\/portal135.com.br\/#\/schema\/person\/8b1047d329adb7f2596093a79f5658e6","name":"Felipe De Jesus","image":{"@type":"ImageObject","inLanguage":"pt-BR","@id":"https:\/\/secure.gravatar.com\/avatar\/c7bb18151e6c15c2f6c17d6a985b65614e924b0a2109679be31286f997dd99df?s=96&d=mm&r=g","url":"https:\/\/secure.gravatar.com\/avatar\/c7bb18151e6c15c2f6c17d6a985b65614e924b0a2109679be31286f997dd99df?s=96&d=mm&r=g","contentUrl":"https:\/\/secure.gravatar.com\/avatar\/c7bb18151e6c15c2f6c17d6a985b65614e924b0a2109679be31286f997dd99df?s=96&d=mm&r=g","caption":"Felipe De Jesus"},"url":"https:\/\/portal135.com.br\/?author=5"}]}},"_links":{"self":[{"href":"https:\/\/portal135.com.br\/index.php?rest_route=\/wp\/v2\/posts\/1435","targetHints":{"allow":["GET"]}}],"collection":[{"href":"https:\/\/portal135.com.br\/index.php?rest_route=\/wp\/v2\/posts"}],"about":[{"href":"https:\/\/portal135.com.br\/index.php?rest_route=\/wp\/v2\/types\/post"}],"author":[{"embeddable":true,"href":"https:\/\/portal135.com.br\/index.php?rest_route=\/wp\/v2\/users\/5"}],"replies":[{"embeddable":true,"href":"https:\/\/portal135.com.br\/index.php?rest_route=%2Fwp%2Fv2%2Fcomments&post=1435"}],"version-history":[{"count":1,"href":"https:\/\/portal135.com.br\/index.php?rest_route=\/wp\/v2\/posts\/1435\/revisions"}],"predecessor-version":[{"id":1437,"href":"https:\/\/portal135.com.br\/index.php?rest_route=\/wp\/v2\/posts\/1435\/revisions\/1437"}],"wp:featuredmedia":[{"embeddable":true,"href":"https:\/\/portal135.com.br\/index.php?rest_route=\/wp\/v2\/media\/1436"}],"wp:attachment":[{"href":"https:\/\/portal135.com.br\/index.php?rest_route=%2Fwp%2Fv2%2Fmedia&parent=1435"}],"wp:term":[{"taxonomy":"category","embeddable":true,"href":"https:\/\/portal135.com.br\/index.php?rest_route=%2Fwp%2Fv2%2Fcategories&post=1435"},{"taxonomy":"post_tag","embeddable":true,"href":"https:\/\/portal135.com.br\/index.php?rest_route=%2Fwp%2Fv2%2Ftags&post=1435"}],"curies":[{"name":"wp","href":"https:\/\/api.w.org\/{rel}","templated":true}]}}