{"id":1397,"date":"2024-12-26T11:38:50","date_gmt":"2024-12-26T11:38:50","guid":{"rendered":"https:\/\/portal135.com.br\/?p=1397"},"modified":"2024-12-26T11:38:50","modified_gmt":"2024-12-26T11:38:50","slug":"balanco-do-sonho-de-natal-de-barbacena-2024-evento-movimenta-r-50-milhoes","status":"publish","type":"post","link":"https:\/\/portal135.com.br\/?p=1397","title":{"rendered":"Balan\u00e7o do Sonho de Natal de Barbacena 2024: evento movimenta R$ 50 milh\u00f5es"},"content":{"rendered":"\n<p><strong>Trenzinho dos Sonhos &#8211; Gabriel Winter\/Prefeitura de Barbacena<\/strong>.<\/p>\n\n\n\n<p class=\"has-text-align-center\"><p class=\"has-text-align-center\" style=\"text-align: center;\"><em><strong>A estimativa \u00e9 que, de 13 a 24 de dezembro, a iniciativa tenha atra\u00eddo um p\u00fablico rotativo de mais de 400 mil pessoas<\/strong><\/em><\/p>\n<p>&nbsp;<\/p><\/p>\n\n\n\n<p>A quarta edi\u00e7\u00e3o do Sonho de Natal de Barbacena trouxe muito encanto e magia para a cidade mineira localizada na regi\u00e3o do Campo das Vertentes. De 13 a 24 de dezembro, a iniciativa, realizada pela prefeitura municipal em parceria com a CDL Barbacena, promoveu uma programa\u00e7\u00e3o diversificada que incluiu espet\u00e1culos teatrais e musicais, Trenzinho dos Sonhos, casa do Papai Noel, as tradicionais decora\u00e7\u00f5es iluminadas, Paradas Natalinas e at\u00e9 uma pista de patina\u00e7\u00e3o no gelo. Tudo isso foi planejado para entreter moradores e turistas, que, al\u00e9m de se contagiarem com o clima natalino, ajudam a movimentar a economia do munic\u00edpio.<\/p>\n\n\n\n<p><img decoding=\"async\" class=\"alignright\" src=\"https:\/\/ci3.googleusercontent.com\/meips\/ADKq_NaNY9Ug5dsWXXcNDc91IcYz_U-sXKKyK5cxhBwvOZSKKXVoT8FFMEUFJguC-0Az2m28Fv0usJ-LSqbxrl3d1-FN1b210in6HKG5pPy1ljKFGOjDJpTa--ubpaY4TUDp2BgfdEB_Dvx9KsEBgaXRVmIxKCuKYwS1RBGVvp9zXsjS8sPq-VI5KCz2G0eAd3bYKbt4xcKw-jFxFEQ-Snzx=s0-d-e1-ft#https:\/\/files.pressmanager.net\/clientes\/67dd844a69e08263976a65f343f9b4e0\/imagens\/2024\/11\/30\/5c7095ae7a18b0af9622d9cd4d3f435b_medium.jpg\" alt=\"\" width=\"200\"><\/p>\n\n\n\n<p>O tema deste ano, &#8220;O Grande Circo de Noel&#8221;, enriqueceu a experi\u00eancia cultural e ampliou o apelo tur\u00edstico de Barbacena, que, desde o ano passado, ficou conhecida como a \u201cCapital Nacional do Natal Pop\u201d. Nesta edi\u00e7\u00e3o, a programa\u00e7\u00e3o foi descentralizada, uma iniciativa in\u00e9dita que incluiu o bairro Pontilh\u00e3o como um dos locais de destaque. De acordo com os organizadores do evento, essa estrat\u00e9gia visou expandir o alcance da iniciativa e beneficiar diferentes \u00e1reas da cidade, movimentando o com\u00e9rcio em diversos pontos.<\/p>\n\n\n\n<p>As Paradas Natalinas agitaram o Centro, levando mais de 150 personagens para as ruas, acompanhados por m\u00fasicas natalinas e at\u00e9 a presen\u00e7a das \u00faltimas tr\u00eas Rainhas das Rosas e Flores, um t\u00edtulo valorizado no munic\u00edpio conhecido como a \u201cCidade das Rosas\u201d. Com a movimenta\u00e7\u00e3o de uma multid\u00e3o, as lojas e barracas tiveram sua demanda aumentada. De acordo com a organiza\u00e7\u00e3o do evento, a estimativa \u00e9 que houve um incremento de 50% no volume de vendas para os comerciantes da regi\u00e3o, sobretudo do segmento de alimentos e bebidas.<\/p>\n\n\n\n<p><img decoding=\"async\" class=\"alignleft\" src=\"https:\/\/ci3.googleusercontent.com\/meips\/ADKq_NYeg6vmzYGV95ZW4DEx5jIY1kEGSPHUqakTVUPjYCdt5Xx4zroefgHUyVUfTpbNEzGIwKnpQWK2lTbe08K_V74Wn1NPMy0j6sTY-seIrYvkFcapnqVfY61Srl3bDuAzvHI7hLMS1fmM-OfDebW4WXOBw03t_yh88dt2H2cyLl-92xAAJlE3bSeyTCqz_VIyCdm-NsCJtWM16ymGmbyp=s0-d-e1-ft#https:\/\/files.pressmanager.net\/clientes\/67dd844a69e08263976a65f343f9b4e0\/imagens\/2024\/12\/16\/b75d22e00bd8651f403a8591898f5421_medium.jpg\" alt=\"\" width=\"200\"><\/p>\n\n\n\n<p>De acordo com Giovane Tavares, assessor de cultura da Prefeitura de Barbacena, a iniciativa gera retornos significativos. \u201cA movimenta\u00e7\u00e3o financeira estimada de R$ 50 milh\u00f5es durante o per\u00edodo do Sonho de Natal \u00e9 um indicador claro do impacto positivo proporcionado pelo evento na economia barbacenense\u201d, disse.<\/p>\n\n\n\n<p>O prefeito Carlos Du celebra que Barbacena agora \u00e9 tamb\u00e9m conhecida como um polo tur\u00edstico no per\u00edodo natalino. &#8220;Criamos o Sonho de Natal para revitalizar nosso com\u00e9rcio no p\u00f3s-pandemia e agora estamos nos tornando refer\u00eancia quando se fala em turismo no per\u00edodo natalino. A cada ano o evento cresce e j\u00e1 estamos pensando nas inova\u00e7\u00f5es de 2025\u201d, conta o gestor municipal, que estima o n\u00famero impressionante de mais de 400 mil pessoas como p\u00fablico rotativo do evento, de 13 a 24 de dezembro. A decora\u00e7\u00e3o e as luzes ficam dispon\u00edveis para a visita\u00e7\u00e3o do p\u00fablico at\u00e9 o dia 06 de janeiro.<\/p>\n\n\n\n<hr class=\"wp-block-separator has-alpha-channel-opacity\"\/>\n\n\n\n<p>Sonho de Natal Barbacena 2024 \u2013 O Grande Circo de Noel<\/p>\n\n\n\n<ul class=\"wp-block-list\">\n<li><strong>Mais informa\u00e7\u00f5es:<\/strong>&nbsp;<a href=\"https:\/\/www.instagram.com\/@visiteBarbacena\" target=\"_blank\" rel=\"noreferrer noopener\">Visite Barbacena no Instagram<\/a><\/li>\n\n\n\n<li><strong>Realiza\u00e7\u00e3o:<\/strong>&nbsp;Prefeitura de Barbacena<\/li>\n\n\n\n<li><strong>Apoio:<\/strong>&nbsp;CDL &#8211; BARBACENA<\/li>\n<\/ul>\n","protected":false},"excerpt":{"rendered":"<p>Trenzinho dos Sonhos &#8211; Gabriel Winter\/Prefeitura de Barbacena. A estimativa \u00e9 que, de 13 a 24 de dezembro, a iniciativa tenha atra\u00eddo um p\u00fablico rotativo de mais de 400 mil pessoas &nbsp; A quarta edi\u00e7\u00e3o do Sonho de Natal de Barbacena trouxe muito encanto e magia para a cidade mineira localizada na regi\u00e3o do Campo das Vertentes. De 13 a 24 de dezembro, a iniciativa, realizada pela prefeitura municipal em parceria com a CDL Barbacena, promoveu uma programa\u00e7\u00e3o diversificada que incluiu espet\u00e1culos teatrais e musicais, Trenzinho dos Sonhos, casa do Papai Noel, as tradicionais decora\u00e7\u00f5es iluminadas, Paradas Natalinas e at\u00e9 uma pista de patina\u00e7\u00e3o no gelo. Tudo isso foi planejado para entreter moradores e turistas, que, al\u00e9m de se contagiarem com o clima natalino, ajudam a movimentar a economia do munic\u00edpio. O tema deste ano, &#8220;O Grande Circo de Noel&#8221;, enriqueceu a experi\u00eancia cultural e ampliou o apelo tur\u00edstico de Barbacena, que, desde o ano passado, ficou conhecida como a \u201cCapital Nacional do Natal Pop\u201d. Nesta edi\u00e7\u00e3o, a programa\u00e7\u00e3o foi descentralizada, uma iniciativa in\u00e9dita que incluiu o bairro Pontilh\u00e3o como um dos locais de destaque. De acordo com os organizadores do evento, essa estrat\u00e9gia visou expandir o alcance da iniciativa e beneficiar diferentes \u00e1reas da cidade, movimentando o com\u00e9rcio em diversos pontos. As Paradas Natalinas agitaram o Centro, levando mais de 150 personagens para as ruas, acompanhados por m\u00fasicas natalinas e at\u00e9 a presen\u00e7a das \u00faltimas tr\u00eas Rainhas das Rosas e Flores, um t\u00edtulo valorizado no munic\u00edpio conhecido como a \u201cCidade das Rosas\u201d. Com a movimenta\u00e7\u00e3o de uma multid\u00e3o, as lojas e barracas tiveram sua demanda aumentada. De acordo com a organiza\u00e7\u00e3o do evento, a estimativa \u00e9 que houve um incremento de 50% no volume de vendas para os comerciantes da regi\u00e3o, sobretudo do segmento de alimentos e bebidas. De acordo com Giovane Tavares, assessor de cultura da Prefeitura de Barbacena, a iniciativa gera retornos significativos. \u201cA movimenta\u00e7\u00e3o financeira estimada de R$ 50 milh\u00f5es durante o per\u00edodo do Sonho de Natal \u00e9 um indicador claro do impacto positivo proporcionado pelo evento na economia barbacenense\u201d, disse. O prefeito Carlos Du celebra que Barbacena agora \u00e9 tamb\u00e9m conhecida como um polo tur\u00edstico no per\u00edodo natalino. &#8220;Criamos o Sonho de Natal para revitalizar nosso com\u00e9rcio no p\u00f3s-pandemia e agora estamos nos tornando refer\u00eancia quando se fala em turismo no per\u00edodo natalino. A cada ano o evento cresce e j\u00e1 estamos pensando nas inova\u00e7\u00f5es de 2025\u201d, conta o gestor municipal, que estima o n\u00famero impressionante de mais de 400 mil pessoas como p\u00fablico rotativo do evento, de 13 a 24 de dezembro. A decora\u00e7\u00e3o e as luzes ficam dispon\u00edveis para a visita\u00e7\u00e3o do p\u00fablico at\u00e9 o dia 06 de janeiro. Sonho de Natal Barbacena 2024 \u2013 O Grande Circo de Noel<\/p>\n","protected":false},"author":5,"featured_media":1398,"comment_status":"open","ping_status":"open","sticky":true,"template":"","format":"standard","meta":{"footnotes":""},"categories":[32],"tags":[],"class_list":["post-1397","post","type-post","status-publish","format-standard","has-post-thumbnail","hentry","category-brasil"],"yoast_head":"<!-- This site is optimized with the Yoast SEO plugin v27.3 - https:\/\/yoast.com\/product\/yoast-seo-wordpress\/ -->\n<title>Balan\u00e7o do Sonho de Natal de Barbacena 2024: evento movimenta R$ 50 milh\u00f5es<\/title>\n<meta name=\"robots\" content=\"index, follow, max-snippet:-1, max-image-preview:large, max-video-preview:-1\" \/>\n<link rel=\"canonical\" href=\"https:\/\/portal135.com.br\/?p=1397\" \/>\n<meta property=\"og:locale\" content=\"pt_BR\" \/>\n<meta property=\"og:type\" content=\"article\" \/>\n<meta property=\"og:title\" content=\"Balan\u00e7o do Sonho de Natal de Barbacena 2024: evento movimenta R$ 50 milh\u00f5es\" \/>\n<meta property=\"og:description\" content=\"Trenzinho dos Sonhos &#8211; Gabriel Winter\/Prefeitura de Barbacena. A estimativa \u00e9 que, de 13 a 24 de dezembro, a iniciativa tenha atra\u00eddo um p\u00fablico rotativo de mais de 400 mil pessoas &nbsp; A quarta edi\u00e7\u00e3o do Sonho de Natal de Barbacena trouxe muito encanto e magia para a cidade mineira localizada na regi\u00e3o do Campo das Vertentes. De 13 a 24 de dezembro, a iniciativa, realizada pela prefeitura municipal em parceria com a CDL Barbacena, promoveu uma programa\u00e7\u00e3o diversificada que incluiu espet\u00e1culos teatrais e musicais, Trenzinho dos Sonhos, casa do Papai Noel, as tradicionais decora\u00e7\u00f5es iluminadas, Paradas Natalinas e at\u00e9 uma pista de patina\u00e7\u00e3o no gelo. Tudo isso foi planejado para entreter moradores e turistas, que, al\u00e9m de se contagiarem com o clima natalino, ajudam a movimentar a economia do munic\u00edpio. O tema deste ano, &#8220;O Grande Circo de Noel&#8221;, enriqueceu a experi\u00eancia cultural e ampliou o apelo tur\u00edstico de Barbacena, que, desde o ano passado, ficou conhecida como a \u201cCapital Nacional do Natal Pop\u201d. Nesta edi\u00e7\u00e3o, a programa\u00e7\u00e3o foi descentralizada, uma iniciativa in\u00e9dita que incluiu o bairro Pontilh\u00e3o como um dos locais de destaque. De acordo com os organizadores do evento, essa estrat\u00e9gia visou expandir o alcance da iniciativa e beneficiar diferentes \u00e1reas da cidade, movimentando o com\u00e9rcio em diversos pontos. As Paradas Natalinas agitaram o Centro, levando mais de 150 personagens para as ruas, acompanhados por m\u00fasicas natalinas e at\u00e9 a presen\u00e7a das \u00faltimas tr\u00eas Rainhas das Rosas e Flores, um t\u00edtulo valorizado no munic\u00edpio conhecido como a \u201cCidade das Rosas\u201d. Com a movimenta\u00e7\u00e3o de uma multid\u00e3o, as lojas e barracas tiveram sua demanda aumentada. De acordo com a organiza\u00e7\u00e3o do evento, a estimativa \u00e9 que houve um incremento de 50% no volume de vendas para os comerciantes da regi\u00e3o, sobretudo do segmento de alimentos e bebidas. De acordo com Giovane Tavares, assessor de cultura da Prefeitura de Barbacena, a iniciativa gera retornos significativos. \u201cA movimenta\u00e7\u00e3o financeira estimada de R$ 50 milh\u00f5es durante o per\u00edodo do Sonho de Natal \u00e9 um indicador claro do impacto positivo proporcionado pelo evento na economia barbacenense\u201d, disse. O prefeito Carlos Du celebra que Barbacena agora \u00e9 tamb\u00e9m conhecida como um polo tur\u00edstico no per\u00edodo natalino. &#8220;Criamos o Sonho de Natal para revitalizar nosso com\u00e9rcio no p\u00f3s-pandemia e agora estamos nos tornando refer\u00eancia quando se fala em turismo no per\u00edodo natalino. A cada ano o evento cresce e j\u00e1 estamos pensando nas inova\u00e7\u00f5es de 2025\u201d, conta o gestor municipal, que estima o n\u00famero impressionante de mais de 400 mil pessoas como p\u00fablico rotativo do evento, de 13 a 24 de dezembro. A decora\u00e7\u00e3o e as luzes ficam dispon\u00edveis para a visita\u00e7\u00e3o do p\u00fablico at\u00e9 o dia 06 de janeiro. Sonho de Natal Barbacena 2024 \u2013 O Grande Circo de Noel\" \/>\n<meta property=\"og:url\" content=\"https:\/\/portal135.com.br\/?p=1397\" \/>\n<meta property=\"og:site_name\" content=\"Portal 135\" \/>\n<meta property=\"article:published_time\" content=\"2024-12-26T11:38:50+00:00\" \/>\n<meta property=\"og:image\" content=\"https:\/\/portal135.com.br\/wp-content\/uploads\/2024\/12\/SNY03019-Copia.jpg\" \/>\n\t<meta property=\"og:image:width\" content=\"800\" \/>\n\t<meta property=\"og:image:height\" content=\"450\" \/>\n\t<meta property=\"og:image:type\" content=\"image\/jpeg\" \/>\n<meta name=\"author\" content=\"Felipe De Jesus\" \/>\n<meta name=\"twitter:card\" content=\"summary_large_image\" \/>\n<meta name=\"twitter:label1\" content=\"Escrito por\" \/>\n\t<meta name=\"twitter:data1\" content=\"Felipe De Jesus\" \/>\n\t<meta name=\"twitter:label2\" content=\"Est. tempo de leitura\" \/>\n\t<meta name=\"twitter:data2\" content=\"4 minutos\" \/>\n<script type=\"application\/ld+json\" class=\"yoast-schema-graph\">{\"@context\":\"https:\\\/\\\/schema.org\",\"@graph\":[{\"@type\":\"Article\",\"@id\":\"https:\\\/\\\/portal135.com.br\\\/?p=1397#article\",\"isPartOf\":{\"@id\":\"https:\\\/\\\/portal135.com.br\\\/?p=1397\"},\"author\":{\"name\":\"Felipe De Jesus\",\"@id\":\"https:\\\/\\\/portal135.com.br\\\/#\\\/schema\\\/person\\\/8b1047d329adb7f2596093a79f5658e6\"},\"headline\":\"Balan\u00e7o do Sonho de Natal de Barbacena 2024: evento movimenta R$ 50 milh\u00f5es\",\"datePublished\":\"2024-12-26T11:38:50+00:00\",\"mainEntityOfPage\":{\"@id\":\"https:\\\/\\\/portal135.com.br\\\/?p=1397\"},\"wordCount\":515,\"commentCount\":0,\"publisher\":{\"@id\":\"https:\\\/\\\/portal135.com.br\\\/#organization\"},\"image\":{\"@id\":\"https:\\\/\\\/portal135.com.br\\\/?p=1397#primaryimage\"},\"thumbnailUrl\":\"https:\\\/\\\/portal135.com.br\\\/wp-content\\\/uploads\\\/2024\\\/12\\\/SNY03019-Copia.jpg\",\"articleSection\":[\"Brasil\"],\"inLanguage\":\"pt-BR\",\"potentialAction\":[{\"@type\":\"CommentAction\",\"name\":\"Comment\",\"target\":[\"https:\\\/\\\/portal135.com.br\\\/?p=1397#respond\"]}]},{\"@type\":\"WebPage\",\"@id\":\"https:\\\/\\\/portal135.com.br\\\/?p=1397\",\"url\":\"https:\\\/\\\/portal135.com.br\\\/?p=1397\",\"name\":\"Balan\u00e7o do Sonho de Natal de Barbacena 2024: evento movimenta R$ 50 milh\u00f5es\",\"isPartOf\":{\"@id\":\"https:\\\/\\\/portal135.com.br\\\/#website\"},\"primaryImageOfPage\":{\"@id\":\"https:\\\/\\\/portal135.com.br\\\/?p=1397#primaryimage\"},\"image\":{\"@id\":\"https:\\\/\\\/portal135.com.br\\\/?p=1397#primaryimage\"},\"thumbnailUrl\":\"https:\\\/\\\/portal135.com.br\\\/wp-content\\\/uploads\\\/2024\\\/12\\\/SNY03019-Copia.jpg\",\"datePublished\":\"2024-12-26T11:38:50+00:00\",\"breadcrumb\":{\"@id\":\"https:\\\/\\\/portal135.com.br\\\/?p=1397#breadcrumb\"},\"inLanguage\":\"pt-BR\",\"potentialAction\":[{\"@type\":\"ReadAction\",\"target\":[\"https:\\\/\\\/portal135.com.br\\\/?p=1397\"]}]},{\"@type\":\"ImageObject\",\"inLanguage\":\"pt-BR\",\"@id\":\"https:\\\/\\\/portal135.com.br\\\/?p=1397#primaryimage\",\"url\":\"https:\\\/\\\/portal135.com.br\\\/wp-content\\\/uploads\\\/2024\\\/12\\\/SNY03019-Copia.jpg\",\"contentUrl\":\"https:\\\/\\\/portal135.com.br\\\/wp-content\\\/uploads\\\/2024\\\/12\\\/SNY03019-Copia.jpg\",\"width\":800,\"height\":450},{\"@type\":\"BreadcrumbList\",\"@id\":\"https:\\\/\\\/portal135.com.br\\\/?p=1397#breadcrumb\",\"itemListElement\":[{\"@type\":\"ListItem\",\"position\":1,\"name\":\"In\u00edcio\",\"item\":\"https:\\\/\\\/portal135.com.br\\\/\"},{\"@type\":\"ListItem\",\"position\":2,\"name\":\"Balan\u00e7o do Sonho de Natal de Barbacena 2024: evento movimenta R$ 50 milh\u00f5es\"}]},{\"@type\":\"WebSite\",\"@id\":\"https:\\\/\\\/portal135.com.br\\\/#website\",\"url\":\"https:\\\/\\\/portal135.com.br\\\/\",\"name\":\"Portal 135\",\"description\":\"Portal de Not\u00edcias\",\"publisher\":{\"@id\":\"https:\\\/\\\/portal135.com.br\\\/#organization\"},\"potentialAction\":[{\"@type\":\"SearchAction\",\"target\":{\"@type\":\"EntryPoint\",\"urlTemplate\":\"https:\\\/\\\/portal135.com.br\\\/?s={search_term_string}\"},\"query-input\":{\"@type\":\"PropertyValueSpecification\",\"valueRequired\":true,\"valueName\":\"search_term_string\"}}],\"inLanguage\":\"pt-BR\"},{\"@type\":\"Organization\",\"@id\":\"https:\\\/\\\/portal135.com.br\\\/#organization\",\"name\":\"Portal 135\",\"url\":\"https:\\\/\\\/portal135.com.br\\\/\",\"logo\":{\"@type\":\"ImageObject\",\"inLanguage\":\"pt-BR\",\"@id\":\"https:\\\/\\\/portal135.com.br\\\/#\\\/schema\\\/logo\\\/image\\\/\",\"url\":\"https:\\\/\\\/portal135.com.br\\\/wp-content\\\/uploads\\\/2024\\\/09\\\/1000030041-removebg-preview.png\",\"contentUrl\":\"https:\\\/\\\/portal135.com.br\\\/wp-content\\\/uploads\\\/2024\\\/09\\\/1000030041-removebg-preview.png\",\"width\":500,\"height\":500,\"caption\":\"Portal 135\"},\"image\":{\"@id\":\"https:\\\/\\\/portal135.com.br\\\/#\\\/schema\\\/logo\\\/image\\\/\"}},{\"@type\":\"Person\",\"@id\":\"https:\\\/\\\/portal135.com.br\\\/#\\\/schema\\\/person\\\/8b1047d329adb7f2596093a79f5658e6\",\"name\":\"Felipe De Jesus\",\"image\":{\"@type\":\"ImageObject\",\"inLanguage\":\"pt-BR\",\"@id\":\"https:\\\/\\\/secure.gravatar.com\\\/avatar\\\/c7bb18151e6c15c2f6c17d6a985b65614e924b0a2109679be31286f997dd99df?s=96&d=mm&r=g\",\"url\":\"https:\\\/\\\/secure.gravatar.com\\\/avatar\\\/c7bb18151e6c15c2f6c17d6a985b65614e924b0a2109679be31286f997dd99df?s=96&d=mm&r=g\",\"contentUrl\":\"https:\\\/\\\/secure.gravatar.com\\\/avatar\\\/c7bb18151e6c15c2f6c17d6a985b65614e924b0a2109679be31286f997dd99df?s=96&d=mm&r=g\",\"caption\":\"Felipe De Jesus\"},\"url\":\"https:\\\/\\\/portal135.com.br\\\/?author=5\"}]}<\/script>\n<!-- \/ Yoast SEO plugin. -->","yoast_head_json":{"title":"Balan\u00e7o do Sonho de Natal de Barbacena 2024: evento movimenta R$ 50 milh\u00f5es","robots":{"index":"index","follow":"follow","max-snippet":"max-snippet:-1","max-image-preview":"max-image-preview:large","max-video-preview":"max-video-preview:-1"},"canonical":"https:\/\/portal135.com.br\/?p=1397","og_locale":"pt_BR","og_type":"article","og_title":"Balan\u00e7o do Sonho de Natal de Barbacena 2024: evento movimenta R$ 50 milh\u00f5es","og_description":"Trenzinho dos Sonhos &#8211; Gabriel Winter\/Prefeitura de Barbacena. A estimativa \u00e9 que, de 13 a 24 de dezembro, a iniciativa tenha atra\u00eddo um p\u00fablico rotativo de mais de 400 mil pessoas &nbsp; A quarta edi\u00e7\u00e3o do Sonho de Natal de Barbacena trouxe muito encanto e magia para a cidade mineira localizada na regi\u00e3o do Campo das Vertentes. De 13 a 24 de dezembro, a iniciativa, realizada pela prefeitura municipal em parceria com a CDL Barbacena, promoveu uma programa\u00e7\u00e3o diversificada que incluiu espet\u00e1culos teatrais e musicais, Trenzinho dos Sonhos, casa do Papai Noel, as tradicionais decora\u00e7\u00f5es iluminadas, Paradas Natalinas e at\u00e9 uma pista de patina\u00e7\u00e3o no gelo. Tudo isso foi planejado para entreter moradores e turistas, que, al\u00e9m de se contagiarem com o clima natalino, ajudam a movimentar a economia do munic\u00edpio. O tema deste ano, &#8220;O Grande Circo de Noel&#8221;, enriqueceu a experi\u00eancia cultural e ampliou o apelo tur\u00edstico de Barbacena, que, desde o ano passado, ficou conhecida como a \u201cCapital Nacional do Natal Pop\u201d. Nesta edi\u00e7\u00e3o, a programa\u00e7\u00e3o foi descentralizada, uma iniciativa in\u00e9dita que incluiu o bairro Pontilh\u00e3o como um dos locais de destaque. De acordo com os organizadores do evento, essa estrat\u00e9gia visou expandir o alcance da iniciativa e beneficiar diferentes \u00e1reas da cidade, movimentando o com\u00e9rcio em diversos pontos. As Paradas Natalinas agitaram o Centro, levando mais de 150 personagens para as ruas, acompanhados por m\u00fasicas natalinas e at\u00e9 a presen\u00e7a das \u00faltimas tr\u00eas Rainhas das Rosas e Flores, um t\u00edtulo valorizado no munic\u00edpio conhecido como a \u201cCidade das Rosas\u201d. Com a movimenta\u00e7\u00e3o de uma multid\u00e3o, as lojas e barracas tiveram sua demanda aumentada. De acordo com a organiza\u00e7\u00e3o do evento, a estimativa \u00e9 que houve um incremento de 50% no volume de vendas para os comerciantes da regi\u00e3o, sobretudo do segmento de alimentos e bebidas. De acordo com Giovane Tavares, assessor de cultura da Prefeitura de Barbacena, a iniciativa gera retornos significativos. \u201cA movimenta\u00e7\u00e3o financeira estimada de R$ 50 milh\u00f5es durante o per\u00edodo do Sonho de Natal \u00e9 um indicador claro do impacto positivo proporcionado pelo evento na economia barbacenense\u201d, disse. O prefeito Carlos Du celebra que Barbacena agora \u00e9 tamb\u00e9m conhecida como um polo tur\u00edstico no per\u00edodo natalino. &#8220;Criamos o Sonho de Natal para revitalizar nosso com\u00e9rcio no p\u00f3s-pandemia e agora estamos nos tornando refer\u00eancia quando se fala em turismo no per\u00edodo natalino. A cada ano o evento cresce e j\u00e1 estamos pensando nas inova\u00e7\u00f5es de 2025\u201d, conta o gestor municipal, que estima o n\u00famero impressionante de mais de 400 mil pessoas como p\u00fablico rotativo do evento, de 13 a 24 de dezembro. A decora\u00e7\u00e3o e as luzes ficam dispon\u00edveis para a visita\u00e7\u00e3o do p\u00fablico at\u00e9 o dia 06 de janeiro. Sonho de Natal Barbacena 2024 \u2013 O Grande Circo de Noel","og_url":"https:\/\/portal135.com.br\/?p=1397","og_site_name":"Portal 135","article_published_time":"2024-12-26T11:38:50+00:00","og_image":[{"width":800,"height":450,"url":"https:\/\/portal135.com.br\/wp-content\/uploads\/2024\/12\/SNY03019-Copia.jpg","type":"image\/jpeg"}],"author":"Felipe De Jesus","twitter_card":"summary_large_image","twitter_misc":{"Escrito por":"Felipe De Jesus","Est. tempo de leitura":"4 minutos"},"schema":{"@context":"https:\/\/schema.org","@graph":[{"@type":"Article","@id":"https:\/\/portal135.com.br\/?p=1397#article","isPartOf":{"@id":"https:\/\/portal135.com.br\/?p=1397"},"author":{"name":"Felipe De Jesus","@id":"https:\/\/portal135.com.br\/#\/schema\/person\/8b1047d329adb7f2596093a79f5658e6"},"headline":"Balan\u00e7o do Sonho de Natal de Barbacena 2024: evento movimenta R$ 50 milh\u00f5es","datePublished":"2024-12-26T11:38:50+00:00","mainEntityOfPage":{"@id":"https:\/\/portal135.com.br\/?p=1397"},"wordCount":515,"commentCount":0,"publisher":{"@id":"https:\/\/portal135.com.br\/#organization"},"image":{"@id":"https:\/\/portal135.com.br\/?p=1397#primaryimage"},"thumbnailUrl":"https:\/\/portal135.com.br\/wp-content\/uploads\/2024\/12\/SNY03019-Copia.jpg","articleSection":["Brasil"],"inLanguage":"pt-BR","potentialAction":[{"@type":"CommentAction","name":"Comment","target":["https:\/\/portal135.com.br\/?p=1397#respond"]}]},{"@type":"WebPage","@id":"https:\/\/portal135.com.br\/?p=1397","url":"https:\/\/portal135.com.br\/?p=1397","name":"Balan\u00e7o do Sonho de Natal de Barbacena 2024: evento movimenta R$ 50 milh\u00f5es","isPartOf":{"@id":"https:\/\/portal135.com.br\/#website"},"primaryImageOfPage":{"@id":"https:\/\/portal135.com.br\/?p=1397#primaryimage"},"image":{"@id":"https:\/\/portal135.com.br\/?p=1397#primaryimage"},"thumbnailUrl":"https:\/\/portal135.com.br\/wp-content\/uploads\/2024\/12\/SNY03019-Copia.jpg","datePublished":"2024-12-26T11:38:50+00:00","breadcrumb":{"@id":"https:\/\/portal135.com.br\/?p=1397#breadcrumb"},"inLanguage":"pt-BR","potentialAction":[{"@type":"ReadAction","target":["https:\/\/portal135.com.br\/?p=1397"]}]},{"@type":"ImageObject","inLanguage":"pt-BR","@id":"https:\/\/portal135.com.br\/?p=1397#primaryimage","url":"https:\/\/portal135.com.br\/wp-content\/uploads\/2024\/12\/SNY03019-Copia.jpg","contentUrl":"https:\/\/portal135.com.br\/wp-content\/uploads\/2024\/12\/SNY03019-Copia.jpg","width":800,"height":450},{"@type":"BreadcrumbList","@id":"https:\/\/portal135.com.br\/?p=1397#breadcrumb","itemListElement":[{"@type":"ListItem","position":1,"name":"In\u00edcio","item":"https:\/\/portal135.com.br\/"},{"@type":"ListItem","position":2,"name":"Balan\u00e7o do Sonho de Natal de Barbacena 2024: evento movimenta R$ 50 milh\u00f5es"}]},{"@type":"WebSite","@id":"https:\/\/portal135.com.br\/#website","url":"https:\/\/portal135.com.br\/","name":"Portal 135","description":"Portal de Not\u00edcias","publisher":{"@id":"https:\/\/portal135.com.br\/#organization"},"potentialAction":[{"@type":"SearchAction","target":{"@type":"EntryPoint","urlTemplate":"https:\/\/portal135.com.br\/?s={search_term_string}"},"query-input":{"@type":"PropertyValueSpecification","valueRequired":true,"valueName":"search_term_string"}}],"inLanguage":"pt-BR"},{"@type":"Organization","@id":"https:\/\/portal135.com.br\/#organization","name":"Portal 135","url":"https:\/\/portal135.com.br\/","logo":{"@type":"ImageObject","inLanguage":"pt-BR","@id":"https:\/\/portal135.com.br\/#\/schema\/logo\/image\/","url":"https:\/\/portal135.com.br\/wp-content\/uploads\/2024\/09\/1000030041-removebg-preview.png","contentUrl":"https:\/\/portal135.com.br\/wp-content\/uploads\/2024\/09\/1000030041-removebg-preview.png","width":500,"height":500,"caption":"Portal 135"},"image":{"@id":"https:\/\/portal135.com.br\/#\/schema\/logo\/image\/"}},{"@type":"Person","@id":"https:\/\/portal135.com.br\/#\/schema\/person\/8b1047d329adb7f2596093a79f5658e6","name":"Felipe De Jesus","image":{"@type":"ImageObject","inLanguage":"pt-BR","@id":"https:\/\/secure.gravatar.com\/avatar\/c7bb18151e6c15c2f6c17d6a985b65614e924b0a2109679be31286f997dd99df?s=96&d=mm&r=g","url":"https:\/\/secure.gravatar.com\/avatar\/c7bb18151e6c15c2f6c17d6a985b65614e924b0a2109679be31286f997dd99df?s=96&d=mm&r=g","contentUrl":"https:\/\/secure.gravatar.com\/avatar\/c7bb18151e6c15c2f6c17d6a985b65614e924b0a2109679be31286f997dd99df?s=96&d=mm&r=g","caption":"Felipe De Jesus"},"url":"https:\/\/portal135.com.br\/?author=5"}]}},"_links":{"self":[{"href":"https:\/\/portal135.com.br\/index.php?rest_route=\/wp\/v2\/posts\/1397","targetHints":{"allow":["GET"]}}],"collection":[{"href":"https:\/\/portal135.com.br\/index.php?rest_route=\/wp\/v2\/posts"}],"about":[{"href":"https:\/\/portal135.com.br\/index.php?rest_route=\/wp\/v2\/types\/post"}],"author":[{"embeddable":true,"href":"https:\/\/portal135.com.br\/index.php?rest_route=\/wp\/v2\/users\/5"}],"replies":[{"embeddable":true,"href":"https:\/\/portal135.com.br\/index.php?rest_route=%2Fwp%2Fv2%2Fcomments&post=1397"}],"version-history":[{"count":1,"href":"https:\/\/portal135.com.br\/index.php?rest_route=\/wp\/v2\/posts\/1397\/revisions"}],"predecessor-version":[{"id":1399,"href":"https:\/\/portal135.com.br\/index.php?rest_route=\/wp\/v2\/posts\/1397\/revisions\/1399"}],"wp:featuredmedia":[{"embeddable":true,"href":"https:\/\/portal135.com.br\/index.php?rest_route=\/wp\/v2\/media\/1398"}],"wp:attachment":[{"href":"https:\/\/portal135.com.br\/index.php?rest_route=%2Fwp%2Fv2%2Fmedia&parent=1397"}],"wp:term":[{"taxonomy":"category","embeddable":true,"href":"https:\/\/portal135.com.br\/index.php?rest_route=%2Fwp%2Fv2%2Fcategories&post=1397"},{"taxonomy":"post_tag","embeddable":true,"href":"https:\/\/portal135.com.br\/index.php?rest_route=%2Fwp%2Fv2%2Ftags&post=1397"}],"curies":[{"name":"wp","href":"https:\/\/api.w.org\/{rel}","templated":true}]}}