{"id":1243,"date":"2024-10-28T18:42:29","date_gmt":"2024-10-28T18:42:29","guid":{"rendered":"https:\/\/portal135.com.br\/?p=1243"},"modified":"2024-10-28T18:42:30","modified_gmt":"2024-10-28T18:42:30","slug":"thiaguinho-confirma-edicao-da-tardezinha-para-julho-de-2025-em-bh","status":"publish","type":"post","link":"https:\/\/portal135.com.br\/?p=1243","title":{"rendered":"Thiaguinho confirma edi\u00e7\u00e3o da Tardezinha para julho de 2025 em BH"},"content":{"rendered":"\n<p><strong>Thiaguinho no Mineir\u00e3o lotado durante a \u00faltima edi\u00e7\u00e3o da Tardezinha em BH &#8211; Bruno Soares\/Divulga\u00e7\u00e3o.<\/strong><\/p>\n\n\n\n<p class=\"has-text-align-center\"><p class=\"has-text-align-center\" style=\"text-align: center;\"><em><strong>A festa ser\u00e1 realizada dentro do Mineir\u00e3o e a pr\u00e9-venda de ingressos ser\u00e1 iniciada em 05 de novembro exclusivamente para clientes pessoa f\u00edsica Bradesco e portadores dos cart\u00f5es de cr\u00e9dito Bradesco, Bradescard, Next e Digio<\/strong><\/em><\/p>\n<p>&nbsp;<\/p><\/p>\n\n\n\n<p class=\"pk-dropcap pk-dropcap-borders\"><strong>T<\/strong>hiaguinho anunciou que Belo Horizonte ser\u00e1 uma das 26 cidades a receber a turn\u00ea comemorativa dos 10 anos do projeto &#8216;Tardezinha&#8217; em 2025. O show, que promete trazer uma experi\u00eancia \u00fanica em clima de p\u00f4r do sol, acontecer\u00e1 no Mineir\u00e3o no dia 5 de julho de 2025 (s\u00e1bado). A pr\u00e9-venda dos ingressos ser\u00e1 iniciada em 5 de novembro exclusivamente para clientes pessoa f\u00edsica Bradesco, portadores dos cart\u00f5es de cr\u00e9dito Bradesco, Bradescard, Next e Digio, atrav\u00e9s da plataforma oficial de vendas, Bilheteria Digital, com parcelamento em at\u00e9 3 vezes sem juros.<\/p>\n\n\n\n<p class=\"has-text-align-center\"><img decoding=\"async\" class=\"alignright\" src=\"https:\/\/ci3.googleusercontent.com\/meips\/ADKq_NaotfhPj4JkDawH-fB7IEHVsthtwWgXdz-TxcQVt6HqElTHQRJLzJaxPGYH95VO2Y6Htw69JUTOeyWZ6U-OJLIRVNAQ5orpBI19wyVgvh3Q240D_7qFs7TwSDCi6pGRemuZ-9H8_mvp9ZkHGcopaFj7_b6uL9Ztmh74Gsh9cwkuiTWv5Ay_FhjeFmAHqA-7BA3av86SlvxlQRhDd1_z=s0-d-e1-ft#https:\/\/files.pressmanager.net\/clientes\/67dd844a69e08263976a65f343f9b4e0\/imagens\/2024\/10\/28\/51c60b64c9cf235ed8b0f9de0ea56173_medium.jpg\" width=\"150\"><\/p>\n\n\n\n<p>A turn\u00ea &#8216;Tardezinha&#8217; 2025 ganhar\u00e1 uma roupagem especial, com uma megaestrutura e convidados de peso, prometendo encantar o p\u00fablico com os maiores sucessos da carreira de Thiaguinho e do pagode. Al\u00e9m de Belo Horizonte, a lista de cidades confirmadas inclui grandes capitais brasileiras como S\u00e3o Paulo, Rio de Janeiro, Salvador e Curitiba, bem como destinos internacionais como Lisboa, Miami e Sydney. A turn\u00ea tamb\u00e9m passar\u00e1 por cidades menores, como Ribeir\u00e3o Preto e Londrina, mostrando a abrang\u00eancia e o sucesso do evento.<\/p>\n\n\n\n<p>A &#8216;Tardezinha&#8217;, projeto idealizado por Thiaguinho, se consolidou como um dos eventos musicais mais aguardados do pa\u00eds, combinando a energia vibrante do pagode com a atmosfera envolvente de um p\u00f4r do sol inesquec\u00edvel. Em cada edi\u00e7\u00e3o, o cantor re\u00fane uma legi\u00e3o de f\u00e3s para celebrar os grandes sucessos de sua carreira e do g\u00eanero, transformando o palco em um verdadeiro espet\u00e1culo de som e emo\u00e7\u00e3o. Com uma d\u00e9cada de hist\u00f3ria, a &#8216;Tardezinha&#8217; se destaca n\u00e3o apenas pela qualidade musical, mas tamb\u00e9m pela capacidade de criar uma conex\u00e3o \u00fanica entre artista e p\u00fablico, tornando cada apresenta\u00e7\u00e3o uma experi\u00eancia memor\u00e1vel.<\/p>\n\n\n\n<p>\u201cA gente n\u00e3o faz pensando em n\u00fameros, faz pensando no prazer das pessoas, mas 10 anos \u00e9 um n\u00famero muito bonito\u201d, comentou Thiaguinho, destacando o marco significativo do projeto, que vai embalar o p\u00fablico com sucessos como \u2018T\u00e1 Vendo Aquela Lua\u2019, \u2018Ousadia &amp; Alegria\u2019, \u2018Ainda Bem\u2019 e \u2018Caraca, Muleke!\u2019, al\u00e9m de cl\u00e1ssicos do pagode.<\/p>\n\n\n\n<p><strong>Servi\u00e7o:<\/strong><\/p>\n\n\n\n<p><strong>Data:<\/strong>&nbsp;5 de julho de 2025 (s\u00e1bado)<\/p>\n\n\n\n<p><strong>Local:<\/strong>&nbsp;Mineir\u00e3o, Belo Horizonte<\/p>\n\n\n\n<p><strong>Pr\u00e9-venda:<\/strong>&nbsp;A pr\u00e9-venda dos ingressos ser\u00e1 iniciada em 5 de novembro exclusivamente para clientes pessoa f\u00edsica Bradesco, portadores dos cart\u00f5es de cr\u00e9dito Bradesco, Bradescard, Next e Digio, atrav\u00e9s da plataforma oficial de vendas, Bilheteria Digital, com parcelamento em at\u00e9 3 vezes sem juros.<\/p>\n\n\n\n<p>&nbsp;<\/p>\n","protected":false},"excerpt":{"rendered":"<p>Thiaguinho no Mineir\u00e3o lotado durante a \u00faltima edi\u00e7\u00e3o da Tardezinha em BH &#8211; Bruno Soares\/Divulga\u00e7\u00e3o. A festa ser\u00e1 realizada dentro do Mineir\u00e3o e a pr\u00e9-venda de ingressos ser\u00e1 iniciada em 05 de novembro exclusivamente para clientes pessoa f\u00edsica Bradesco e portadores dos cart\u00f5es de cr\u00e9dito Bradesco, Bradescard, Next e Digio &nbsp; Thiaguinho anunciou que Belo Horizonte ser\u00e1 uma das 26 cidades a receber a turn\u00ea comemorativa dos 10 anos do projeto &#8216;Tardezinha&#8217; em 2025. O show, que promete trazer uma experi\u00eancia \u00fanica em clima de p\u00f4r do sol, acontecer\u00e1 no Mineir\u00e3o no dia 5 de julho de 2025 (s\u00e1bado). A pr\u00e9-venda dos ingressos ser\u00e1 iniciada em 5 de novembro exclusivamente para clientes pessoa f\u00edsica Bradesco, portadores dos cart\u00f5es de cr\u00e9dito Bradesco, Bradescard, Next e Digio, atrav\u00e9s da plataforma oficial de vendas, Bilheteria Digital, com parcelamento em at\u00e9 3 vezes sem juros. A turn\u00ea &#8216;Tardezinha&#8217; 2025 ganhar\u00e1 uma roupagem especial, com uma megaestrutura e convidados de peso, prometendo encantar o p\u00fablico com os maiores sucessos da carreira de Thiaguinho e do pagode. Al\u00e9m de Belo Horizonte, a lista de cidades confirmadas inclui grandes capitais brasileiras como S\u00e3o Paulo, Rio de Janeiro, Salvador e Curitiba, bem como destinos internacionais como Lisboa, Miami e Sydney. A turn\u00ea tamb\u00e9m passar\u00e1 por cidades menores, como Ribeir\u00e3o Preto e Londrina, mostrando a abrang\u00eancia e o sucesso do evento. A &#8216;Tardezinha&#8217;, projeto idealizado por Thiaguinho, se consolidou como um dos eventos musicais mais aguardados do pa\u00eds, combinando a energia vibrante do pagode com a atmosfera envolvente de um p\u00f4r do sol inesquec\u00edvel. Em cada edi\u00e7\u00e3o, o cantor re\u00fane uma legi\u00e3o de f\u00e3s para celebrar os grandes sucessos de sua carreira e do g\u00eanero, transformando o palco em um verdadeiro espet\u00e1culo de som e emo\u00e7\u00e3o. Com uma d\u00e9cada de hist\u00f3ria, a &#8216;Tardezinha&#8217; se destaca n\u00e3o apenas pela qualidade musical, mas tamb\u00e9m pela capacidade de criar uma conex\u00e3o \u00fanica entre artista e p\u00fablico, tornando cada apresenta\u00e7\u00e3o uma experi\u00eancia memor\u00e1vel. \u201cA gente n\u00e3o faz pensando em n\u00fameros, faz pensando no prazer das pessoas, mas 10 anos \u00e9 um n\u00famero muito bonito\u201d, comentou Thiaguinho, destacando o marco significativo do projeto, que vai embalar o p\u00fablico com sucessos como \u2018T\u00e1 Vendo Aquela Lua\u2019, \u2018Ousadia &amp; Alegria\u2019, \u2018Ainda Bem\u2019 e \u2018Caraca, Muleke!\u2019, al\u00e9m de cl\u00e1ssicos do pagode. Servi\u00e7o: Data:&nbsp;5 de julho de 2025 (s\u00e1bado) Local:&nbsp;Mineir\u00e3o, Belo Horizonte Pr\u00e9-venda:&nbsp;A pr\u00e9-venda dos ingressos ser\u00e1 iniciada em 5 de novembro exclusivamente para clientes pessoa f\u00edsica Bradesco, portadores dos cart\u00f5es de cr\u00e9dito Bradesco, Bradescard, Next e Digio, atrav\u00e9s da plataforma oficial de vendas, Bilheteria Digital, com parcelamento em at\u00e9 3 vezes sem juros. &nbsp;<\/p>\n","protected":false},"author":5,"featured_media":1244,"comment_status":"open","ping_status":"open","sticky":true,"template":"","format":"standard","meta":{"footnotes":""},"categories":[32,24,25,26],"tags":[],"class_list":["post-1243","post","type-post","status-publish","format-standard","has-post-thumbnail","hentry","category-brasil","category-destaques-da-semana","category-eventos","category-famosos"],"yoast_head":"<!-- This site is optimized with the Yoast SEO plugin v27.3 - https:\/\/yoast.com\/product\/yoast-seo-wordpress\/ -->\n<title>Thiaguinho confirma edi\u00e7\u00e3o da Tardezinha para julho de 2025 em BH<\/title>\n<meta name=\"robots\" content=\"index, follow, max-snippet:-1, max-image-preview:large, max-video-preview:-1\" \/>\n<link rel=\"canonical\" href=\"https:\/\/portal135.com.br\/?p=1243\" \/>\n<meta property=\"og:locale\" content=\"pt_BR\" \/>\n<meta property=\"og:type\" content=\"article\" \/>\n<meta property=\"og:title\" content=\"Thiaguinho confirma edi\u00e7\u00e3o da Tardezinha para julho de 2025 em BH\" \/>\n<meta property=\"og:description\" content=\"Thiaguinho no Mineir\u00e3o lotado durante a \u00faltima edi\u00e7\u00e3o da Tardezinha em BH &#8211; Bruno Soares\/Divulga\u00e7\u00e3o. A festa ser\u00e1 realizada dentro do Mineir\u00e3o e a pr\u00e9-venda de ingressos ser\u00e1 iniciada em 05 de novembro exclusivamente para clientes pessoa f\u00edsica Bradesco e portadores dos cart\u00f5es de cr\u00e9dito Bradesco, Bradescard, Next e Digio &nbsp; Thiaguinho anunciou que Belo Horizonte ser\u00e1 uma das 26 cidades a receber a turn\u00ea comemorativa dos 10 anos do projeto &#8216;Tardezinha&#8217; em 2025. O show, que promete trazer uma experi\u00eancia \u00fanica em clima de p\u00f4r do sol, acontecer\u00e1 no Mineir\u00e3o no dia 5 de julho de 2025 (s\u00e1bado). A pr\u00e9-venda dos ingressos ser\u00e1 iniciada em 5 de novembro exclusivamente para clientes pessoa f\u00edsica Bradesco, portadores dos cart\u00f5es de cr\u00e9dito Bradesco, Bradescard, Next e Digio, atrav\u00e9s da plataforma oficial de vendas, Bilheteria Digital, com parcelamento em at\u00e9 3 vezes sem juros. A turn\u00ea &#8216;Tardezinha&#8217; 2025 ganhar\u00e1 uma roupagem especial, com uma megaestrutura e convidados de peso, prometendo encantar o p\u00fablico com os maiores sucessos da carreira de Thiaguinho e do pagode. Al\u00e9m de Belo Horizonte, a lista de cidades confirmadas inclui grandes capitais brasileiras como S\u00e3o Paulo, Rio de Janeiro, Salvador e Curitiba, bem como destinos internacionais como Lisboa, Miami e Sydney. A turn\u00ea tamb\u00e9m passar\u00e1 por cidades menores, como Ribeir\u00e3o Preto e Londrina, mostrando a abrang\u00eancia e o sucesso do evento. A &#8216;Tardezinha&#8217;, projeto idealizado por Thiaguinho, se consolidou como um dos eventos musicais mais aguardados do pa\u00eds, combinando a energia vibrante do pagode com a atmosfera envolvente de um p\u00f4r do sol inesquec\u00edvel. Em cada edi\u00e7\u00e3o, o cantor re\u00fane uma legi\u00e3o de f\u00e3s para celebrar os grandes sucessos de sua carreira e do g\u00eanero, transformando o palco em um verdadeiro espet\u00e1culo de som e emo\u00e7\u00e3o. Com uma d\u00e9cada de hist\u00f3ria, a &#8216;Tardezinha&#8217; se destaca n\u00e3o apenas pela qualidade musical, mas tamb\u00e9m pela capacidade de criar uma conex\u00e3o \u00fanica entre artista e p\u00fablico, tornando cada apresenta\u00e7\u00e3o uma experi\u00eancia memor\u00e1vel. \u201cA gente n\u00e3o faz pensando em n\u00fameros, faz pensando no prazer das pessoas, mas 10 anos \u00e9 um n\u00famero muito bonito\u201d, comentou Thiaguinho, destacando o marco significativo do projeto, que vai embalar o p\u00fablico com sucessos como \u2018T\u00e1 Vendo Aquela Lua\u2019, \u2018Ousadia &amp; Alegria\u2019, \u2018Ainda Bem\u2019 e \u2018Caraca, Muleke!\u2019, al\u00e9m de cl\u00e1ssicos do pagode. Servi\u00e7o: Data:&nbsp;5 de julho de 2025 (s\u00e1bado) Local:&nbsp;Mineir\u00e3o, Belo Horizonte Pr\u00e9-venda:&nbsp;A pr\u00e9-venda dos ingressos ser\u00e1 iniciada em 5 de novembro exclusivamente para clientes pessoa f\u00edsica Bradesco, portadores dos cart\u00f5es de cr\u00e9dito Bradesco, Bradescard, Next e Digio, atrav\u00e9s da plataforma oficial de vendas, Bilheteria Digital, com parcelamento em at\u00e9 3 vezes sem juros. &nbsp;\" \/>\n<meta property=\"og:url\" content=\"https:\/\/portal135.com.br\/?p=1243\" \/>\n<meta property=\"og:site_name\" content=\"Portal 135\" \/>\n<meta property=\"article:published_time\" content=\"2024-10-28T18:42:29+00:00\" \/>\n<meta property=\"article:modified_time\" content=\"2024-10-28T18:42:30+00:00\" \/>\n<meta property=\"og:image\" content=\"https:\/\/portal135.com.br\/wp-content\/uploads\/2024\/10\/foto00001.jpg\" \/>\n\t<meta property=\"og:image:width\" content=\"1600\" \/>\n\t<meta property=\"og:image:height\" content=\"937\" \/>\n\t<meta property=\"og:image:type\" content=\"image\/jpeg\" \/>\n<meta name=\"author\" content=\"Felipe De Jesus\" \/>\n<meta name=\"twitter:card\" content=\"summary_large_image\" \/>\n<meta name=\"twitter:label1\" content=\"Escrito por\" \/>\n\t<meta name=\"twitter:data1\" content=\"Felipe De Jesus\" \/>\n\t<meta name=\"twitter:label2\" content=\"Est. tempo de leitura\" \/>\n\t<meta name=\"twitter:data2\" content=\"3 minutos\" \/>\n<script type=\"application\/ld+json\" class=\"yoast-schema-graph\">{\"@context\":\"https:\\\/\\\/schema.org\",\"@graph\":[{\"@type\":\"Article\",\"@id\":\"https:\\\/\\\/portal135.com.br\\\/?p=1243#article\",\"isPartOf\":{\"@id\":\"https:\\\/\\\/portal135.com.br\\\/?p=1243\"},\"author\":{\"name\":\"Felipe De Jesus\",\"@id\":\"https:\\\/\\\/portal135.com.br\\\/#\\\/schema\\\/person\\\/8b1047d329adb7f2596093a79f5658e6\"},\"headline\":\"Thiaguinho confirma edi\u00e7\u00e3o da Tardezinha para julho de 2025 em BH\",\"datePublished\":\"2024-10-28T18:42:29+00:00\",\"dateModified\":\"2024-10-28T18:42:30+00:00\",\"mainEntityOfPage\":{\"@id\":\"https:\\\/\\\/portal135.com.br\\\/?p=1243\"},\"wordCount\":487,\"commentCount\":0,\"publisher\":{\"@id\":\"https:\\\/\\\/portal135.com.br\\\/#organization\"},\"image\":{\"@id\":\"https:\\\/\\\/portal135.com.br\\\/?p=1243#primaryimage\"},\"thumbnailUrl\":\"https:\\\/\\\/portal135.com.br\\\/wp-content\\\/uploads\\\/2024\\\/10\\\/foto00001.jpg\",\"articleSection\":[\"Brasil\",\"Destaques da semana\",\"Eventos\",\"Famosos\"],\"inLanguage\":\"pt-BR\",\"potentialAction\":[{\"@type\":\"CommentAction\",\"name\":\"Comment\",\"target\":[\"https:\\\/\\\/portal135.com.br\\\/?p=1243#respond\"]}]},{\"@type\":\"WebPage\",\"@id\":\"https:\\\/\\\/portal135.com.br\\\/?p=1243\",\"url\":\"https:\\\/\\\/portal135.com.br\\\/?p=1243\",\"name\":\"Thiaguinho confirma edi\u00e7\u00e3o da Tardezinha para julho de 2025 em BH\",\"isPartOf\":{\"@id\":\"https:\\\/\\\/portal135.com.br\\\/#website\"},\"primaryImageOfPage\":{\"@id\":\"https:\\\/\\\/portal135.com.br\\\/?p=1243#primaryimage\"},\"image\":{\"@id\":\"https:\\\/\\\/portal135.com.br\\\/?p=1243#primaryimage\"},\"thumbnailUrl\":\"https:\\\/\\\/portal135.com.br\\\/wp-content\\\/uploads\\\/2024\\\/10\\\/foto00001.jpg\",\"datePublished\":\"2024-10-28T18:42:29+00:00\",\"dateModified\":\"2024-10-28T18:42:30+00:00\",\"breadcrumb\":{\"@id\":\"https:\\\/\\\/portal135.com.br\\\/?p=1243#breadcrumb\"},\"inLanguage\":\"pt-BR\",\"potentialAction\":[{\"@type\":\"ReadAction\",\"target\":[\"https:\\\/\\\/portal135.com.br\\\/?p=1243\"]}]},{\"@type\":\"ImageObject\",\"inLanguage\":\"pt-BR\",\"@id\":\"https:\\\/\\\/portal135.com.br\\\/?p=1243#primaryimage\",\"url\":\"https:\\\/\\\/portal135.com.br\\\/wp-content\\\/uploads\\\/2024\\\/10\\\/foto00001.jpg\",\"contentUrl\":\"https:\\\/\\\/portal135.com.br\\\/wp-content\\\/uploads\\\/2024\\\/10\\\/foto00001.jpg\",\"width\":1600,\"height\":937},{\"@type\":\"BreadcrumbList\",\"@id\":\"https:\\\/\\\/portal135.com.br\\\/?p=1243#breadcrumb\",\"itemListElement\":[{\"@type\":\"ListItem\",\"position\":1,\"name\":\"In\u00edcio\",\"item\":\"https:\\\/\\\/portal135.com.br\\\/\"},{\"@type\":\"ListItem\",\"position\":2,\"name\":\"Thiaguinho confirma edi\u00e7\u00e3o da Tardezinha para julho de 2025 em BH\"}]},{\"@type\":\"WebSite\",\"@id\":\"https:\\\/\\\/portal135.com.br\\\/#website\",\"url\":\"https:\\\/\\\/portal135.com.br\\\/\",\"name\":\"Portal 135\",\"description\":\"Portal de Not\u00edcias\",\"publisher\":{\"@id\":\"https:\\\/\\\/portal135.com.br\\\/#organization\"},\"potentialAction\":[{\"@type\":\"SearchAction\",\"target\":{\"@type\":\"EntryPoint\",\"urlTemplate\":\"https:\\\/\\\/portal135.com.br\\\/?s={search_term_string}\"},\"query-input\":{\"@type\":\"PropertyValueSpecification\",\"valueRequired\":true,\"valueName\":\"search_term_string\"}}],\"inLanguage\":\"pt-BR\"},{\"@type\":\"Organization\",\"@id\":\"https:\\\/\\\/portal135.com.br\\\/#organization\",\"name\":\"Portal 135\",\"url\":\"https:\\\/\\\/portal135.com.br\\\/\",\"logo\":{\"@type\":\"ImageObject\",\"inLanguage\":\"pt-BR\",\"@id\":\"https:\\\/\\\/portal135.com.br\\\/#\\\/schema\\\/logo\\\/image\\\/\",\"url\":\"https:\\\/\\\/portal135.com.br\\\/wp-content\\\/uploads\\\/2024\\\/09\\\/1000030041-removebg-preview.png\",\"contentUrl\":\"https:\\\/\\\/portal135.com.br\\\/wp-content\\\/uploads\\\/2024\\\/09\\\/1000030041-removebg-preview.png\",\"width\":500,\"height\":500,\"caption\":\"Portal 135\"},\"image\":{\"@id\":\"https:\\\/\\\/portal135.com.br\\\/#\\\/schema\\\/logo\\\/image\\\/\"}},{\"@type\":\"Person\",\"@id\":\"https:\\\/\\\/portal135.com.br\\\/#\\\/schema\\\/person\\\/8b1047d329adb7f2596093a79f5658e6\",\"name\":\"Felipe De Jesus\",\"image\":{\"@type\":\"ImageObject\",\"inLanguage\":\"pt-BR\",\"@id\":\"https:\\\/\\\/secure.gravatar.com\\\/avatar\\\/c7bb18151e6c15c2f6c17d6a985b65614e924b0a2109679be31286f997dd99df?s=96&d=mm&r=g\",\"url\":\"https:\\\/\\\/secure.gravatar.com\\\/avatar\\\/c7bb18151e6c15c2f6c17d6a985b65614e924b0a2109679be31286f997dd99df?s=96&d=mm&r=g\",\"contentUrl\":\"https:\\\/\\\/secure.gravatar.com\\\/avatar\\\/c7bb18151e6c15c2f6c17d6a985b65614e924b0a2109679be31286f997dd99df?s=96&d=mm&r=g\",\"caption\":\"Felipe De Jesus\"},\"url\":\"https:\\\/\\\/portal135.com.br\\\/?author=5\"}]}<\/script>\n<!-- \/ Yoast SEO plugin. -->","yoast_head_json":{"title":"Thiaguinho confirma edi\u00e7\u00e3o da Tardezinha para julho de 2025 em BH","robots":{"index":"index","follow":"follow","max-snippet":"max-snippet:-1","max-image-preview":"max-image-preview:large","max-video-preview":"max-video-preview:-1"},"canonical":"https:\/\/portal135.com.br\/?p=1243","og_locale":"pt_BR","og_type":"article","og_title":"Thiaguinho confirma edi\u00e7\u00e3o da Tardezinha para julho de 2025 em BH","og_description":"Thiaguinho no Mineir\u00e3o lotado durante a \u00faltima edi\u00e7\u00e3o da Tardezinha em BH &#8211; Bruno Soares\/Divulga\u00e7\u00e3o. A festa ser\u00e1 realizada dentro do Mineir\u00e3o e a pr\u00e9-venda de ingressos ser\u00e1 iniciada em 05 de novembro exclusivamente para clientes pessoa f\u00edsica Bradesco e portadores dos cart\u00f5es de cr\u00e9dito Bradesco, Bradescard, Next e Digio &nbsp; Thiaguinho anunciou que Belo Horizonte ser\u00e1 uma das 26 cidades a receber a turn\u00ea comemorativa dos 10 anos do projeto &#8216;Tardezinha&#8217; em 2025. O show, que promete trazer uma experi\u00eancia \u00fanica em clima de p\u00f4r do sol, acontecer\u00e1 no Mineir\u00e3o no dia 5 de julho de 2025 (s\u00e1bado). A pr\u00e9-venda dos ingressos ser\u00e1 iniciada em 5 de novembro exclusivamente para clientes pessoa f\u00edsica Bradesco, portadores dos cart\u00f5es de cr\u00e9dito Bradesco, Bradescard, Next e Digio, atrav\u00e9s da plataforma oficial de vendas, Bilheteria Digital, com parcelamento em at\u00e9 3 vezes sem juros. A turn\u00ea &#8216;Tardezinha&#8217; 2025 ganhar\u00e1 uma roupagem especial, com uma megaestrutura e convidados de peso, prometendo encantar o p\u00fablico com os maiores sucessos da carreira de Thiaguinho e do pagode. Al\u00e9m de Belo Horizonte, a lista de cidades confirmadas inclui grandes capitais brasileiras como S\u00e3o Paulo, Rio de Janeiro, Salvador e Curitiba, bem como destinos internacionais como Lisboa, Miami e Sydney. A turn\u00ea tamb\u00e9m passar\u00e1 por cidades menores, como Ribeir\u00e3o Preto e Londrina, mostrando a abrang\u00eancia e o sucesso do evento. A &#8216;Tardezinha&#8217;, projeto idealizado por Thiaguinho, se consolidou como um dos eventos musicais mais aguardados do pa\u00eds, combinando a energia vibrante do pagode com a atmosfera envolvente de um p\u00f4r do sol inesquec\u00edvel. Em cada edi\u00e7\u00e3o, o cantor re\u00fane uma legi\u00e3o de f\u00e3s para celebrar os grandes sucessos de sua carreira e do g\u00eanero, transformando o palco em um verdadeiro espet\u00e1culo de som e emo\u00e7\u00e3o. Com uma d\u00e9cada de hist\u00f3ria, a &#8216;Tardezinha&#8217; se destaca n\u00e3o apenas pela qualidade musical, mas tamb\u00e9m pela capacidade de criar uma conex\u00e3o \u00fanica entre artista e p\u00fablico, tornando cada apresenta\u00e7\u00e3o uma experi\u00eancia memor\u00e1vel. \u201cA gente n\u00e3o faz pensando em n\u00fameros, faz pensando no prazer das pessoas, mas 10 anos \u00e9 um n\u00famero muito bonito\u201d, comentou Thiaguinho, destacando o marco significativo do projeto, que vai embalar o p\u00fablico com sucessos como \u2018T\u00e1 Vendo Aquela Lua\u2019, \u2018Ousadia &amp; Alegria\u2019, \u2018Ainda Bem\u2019 e \u2018Caraca, Muleke!\u2019, al\u00e9m de cl\u00e1ssicos do pagode. Servi\u00e7o: Data:&nbsp;5 de julho de 2025 (s\u00e1bado) Local:&nbsp;Mineir\u00e3o, Belo Horizonte Pr\u00e9-venda:&nbsp;A pr\u00e9-venda dos ingressos ser\u00e1 iniciada em 5 de novembro exclusivamente para clientes pessoa f\u00edsica Bradesco, portadores dos cart\u00f5es de cr\u00e9dito Bradesco, Bradescard, Next e Digio, atrav\u00e9s da plataforma oficial de vendas, Bilheteria Digital, com parcelamento em at\u00e9 3 vezes sem juros. &nbsp;","og_url":"https:\/\/portal135.com.br\/?p=1243","og_site_name":"Portal 135","article_published_time":"2024-10-28T18:42:29+00:00","article_modified_time":"2024-10-28T18:42:30+00:00","og_image":[{"width":1600,"height":937,"url":"https:\/\/portal135.com.br\/wp-content\/uploads\/2024\/10\/foto00001.jpg","type":"image\/jpeg"}],"author":"Felipe De Jesus","twitter_card":"summary_large_image","twitter_misc":{"Escrito por":"Felipe De Jesus","Est. tempo de leitura":"3 minutos"},"schema":{"@context":"https:\/\/schema.org","@graph":[{"@type":"Article","@id":"https:\/\/portal135.com.br\/?p=1243#article","isPartOf":{"@id":"https:\/\/portal135.com.br\/?p=1243"},"author":{"name":"Felipe De Jesus","@id":"https:\/\/portal135.com.br\/#\/schema\/person\/8b1047d329adb7f2596093a79f5658e6"},"headline":"Thiaguinho confirma edi\u00e7\u00e3o da Tardezinha para julho de 2025 em BH","datePublished":"2024-10-28T18:42:29+00:00","dateModified":"2024-10-28T18:42:30+00:00","mainEntityOfPage":{"@id":"https:\/\/portal135.com.br\/?p=1243"},"wordCount":487,"commentCount":0,"publisher":{"@id":"https:\/\/portal135.com.br\/#organization"},"image":{"@id":"https:\/\/portal135.com.br\/?p=1243#primaryimage"},"thumbnailUrl":"https:\/\/portal135.com.br\/wp-content\/uploads\/2024\/10\/foto00001.jpg","articleSection":["Brasil","Destaques da semana","Eventos","Famosos"],"inLanguage":"pt-BR","potentialAction":[{"@type":"CommentAction","name":"Comment","target":["https:\/\/portal135.com.br\/?p=1243#respond"]}]},{"@type":"WebPage","@id":"https:\/\/portal135.com.br\/?p=1243","url":"https:\/\/portal135.com.br\/?p=1243","name":"Thiaguinho confirma edi\u00e7\u00e3o da Tardezinha para julho de 2025 em BH","isPartOf":{"@id":"https:\/\/portal135.com.br\/#website"},"primaryImageOfPage":{"@id":"https:\/\/portal135.com.br\/?p=1243#primaryimage"},"image":{"@id":"https:\/\/portal135.com.br\/?p=1243#primaryimage"},"thumbnailUrl":"https:\/\/portal135.com.br\/wp-content\/uploads\/2024\/10\/foto00001.jpg","datePublished":"2024-10-28T18:42:29+00:00","dateModified":"2024-10-28T18:42:30+00:00","breadcrumb":{"@id":"https:\/\/portal135.com.br\/?p=1243#breadcrumb"},"inLanguage":"pt-BR","potentialAction":[{"@type":"ReadAction","target":["https:\/\/portal135.com.br\/?p=1243"]}]},{"@type":"ImageObject","inLanguage":"pt-BR","@id":"https:\/\/portal135.com.br\/?p=1243#primaryimage","url":"https:\/\/portal135.com.br\/wp-content\/uploads\/2024\/10\/foto00001.jpg","contentUrl":"https:\/\/portal135.com.br\/wp-content\/uploads\/2024\/10\/foto00001.jpg","width":1600,"height":937},{"@type":"BreadcrumbList","@id":"https:\/\/portal135.com.br\/?p=1243#breadcrumb","itemListElement":[{"@type":"ListItem","position":1,"name":"In\u00edcio","item":"https:\/\/portal135.com.br\/"},{"@type":"ListItem","position":2,"name":"Thiaguinho confirma edi\u00e7\u00e3o da Tardezinha para julho de 2025 em BH"}]},{"@type":"WebSite","@id":"https:\/\/portal135.com.br\/#website","url":"https:\/\/portal135.com.br\/","name":"Portal 135","description":"Portal de Not\u00edcias","publisher":{"@id":"https:\/\/portal135.com.br\/#organization"},"potentialAction":[{"@type":"SearchAction","target":{"@type":"EntryPoint","urlTemplate":"https:\/\/portal135.com.br\/?s={search_term_string}"},"query-input":{"@type":"PropertyValueSpecification","valueRequired":true,"valueName":"search_term_string"}}],"inLanguage":"pt-BR"},{"@type":"Organization","@id":"https:\/\/portal135.com.br\/#organization","name":"Portal 135","url":"https:\/\/portal135.com.br\/","logo":{"@type":"ImageObject","inLanguage":"pt-BR","@id":"https:\/\/portal135.com.br\/#\/schema\/logo\/image\/","url":"https:\/\/portal135.com.br\/wp-content\/uploads\/2024\/09\/1000030041-removebg-preview.png","contentUrl":"https:\/\/portal135.com.br\/wp-content\/uploads\/2024\/09\/1000030041-removebg-preview.png","width":500,"height":500,"caption":"Portal 135"},"image":{"@id":"https:\/\/portal135.com.br\/#\/schema\/logo\/image\/"}},{"@type":"Person","@id":"https:\/\/portal135.com.br\/#\/schema\/person\/8b1047d329adb7f2596093a79f5658e6","name":"Felipe De Jesus","image":{"@type":"ImageObject","inLanguage":"pt-BR","@id":"https:\/\/secure.gravatar.com\/avatar\/c7bb18151e6c15c2f6c17d6a985b65614e924b0a2109679be31286f997dd99df?s=96&d=mm&r=g","url":"https:\/\/secure.gravatar.com\/avatar\/c7bb18151e6c15c2f6c17d6a985b65614e924b0a2109679be31286f997dd99df?s=96&d=mm&r=g","contentUrl":"https:\/\/secure.gravatar.com\/avatar\/c7bb18151e6c15c2f6c17d6a985b65614e924b0a2109679be31286f997dd99df?s=96&d=mm&r=g","caption":"Felipe De Jesus"},"url":"https:\/\/portal135.com.br\/?author=5"}]}},"_links":{"self":[{"href":"https:\/\/portal135.com.br\/index.php?rest_route=\/wp\/v2\/posts\/1243","targetHints":{"allow":["GET"]}}],"collection":[{"href":"https:\/\/portal135.com.br\/index.php?rest_route=\/wp\/v2\/posts"}],"about":[{"href":"https:\/\/portal135.com.br\/index.php?rest_route=\/wp\/v2\/types\/post"}],"author":[{"embeddable":true,"href":"https:\/\/portal135.com.br\/index.php?rest_route=\/wp\/v2\/users\/5"}],"replies":[{"embeddable":true,"href":"https:\/\/portal135.com.br\/index.php?rest_route=%2Fwp%2Fv2%2Fcomments&post=1243"}],"version-history":[{"count":1,"href":"https:\/\/portal135.com.br\/index.php?rest_route=\/wp\/v2\/posts\/1243\/revisions"}],"predecessor-version":[{"id":1245,"href":"https:\/\/portal135.com.br\/index.php?rest_route=\/wp\/v2\/posts\/1243\/revisions\/1245"}],"wp:featuredmedia":[{"embeddable":true,"href":"https:\/\/portal135.com.br\/index.php?rest_route=\/wp\/v2\/media\/1244"}],"wp:attachment":[{"href":"https:\/\/portal135.com.br\/index.php?rest_route=%2Fwp%2Fv2%2Fmedia&parent=1243"}],"wp:term":[{"taxonomy":"category","embeddable":true,"href":"https:\/\/portal135.com.br\/index.php?rest_route=%2Fwp%2Fv2%2Fcategories&post=1243"},{"taxonomy":"post_tag","embeddable":true,"href":"https:\/\/portal135.com.br\/index.php?rest_route=%2Fwp%2Fv2%2Ftags&post=1243"}],"curies":[{"name":"wp","href":"https:\/\/api.w.org\/{rel}","templated":true}]}}