{"id":1206,"date":"2024-10-14T13:34:05","date_gmt":"2024-10-14T13:34:05","guid":{"rendered":"https:\/\/portal135.com.br\/?p=1206"},"modified":"2024-10-14T13:34:06","modified_gmt":"2024-10-14T13:34:06","slug":"rainha-das-rosas-e-flores-de-barbacena-2024-e-coroada","status":"publish","type":"post","link":"https:\/\/portal135.com.br\/?p=1206","title":{"rendered":"Rainha das Rosas e Flores de Barbacena 2024 \u00e9 coroada"},"content":{"rendered":"\n<p><strong>Kamilly Sarah &#8211; Giancarlo C\u00e1ssio.<\/strong><\/p>\n\n\n\n<p class=\"has-text-align-center\"><strong><em>A jovem Kamilly Sarah promete reinado intenso e representa nova era para tradicional celebra\u00e7\u00e3o mineira<\/em><\/strong><\/p>\n\n\n\n<p>&nbsp;No \u00faltimo s\u00e1bado (12), Barbacena viveu um momento memor\u00e1vel durante a 52\u00aa Festa das Rosas e Flores, uma iniciativa da Prefeitura de Barbacena em parceria com o Sindicato Rural de Barbacena. O evento de coroa\u00e7\u00e3o da nova Rainha, realizado no Parque de Exposi\u00e7\u00f5es Senador Bias Fortes, foi marcado por muita beleza e emo\u00e7\u00e3o, com os desfiles e a avalia\u00e7\u00e3o das 15 princesas candidatas ao novo reinado.<\/p>\n\n\n\n<p class=\"has-text-align-center\"><img decoding=\"async\" width=\"300\" src=\"https:\/\/ci3.googleusercontent.com\/meips\/ADKq_Naa3MUmI29v-nyx-27BLh2mzYuswU_MT5HmkwRyS_jlHyMonwSTFNBDdsvHwEepJV7Nc9o75bbVAJxNOal0PwZosycKJSobp1SiJHeDq-nGgeEcv_iZMyREFBWJHh0P8TvuWcLWSC-iBvb3nfUmgsGC3P8gaICPL7ALxeF1dXIEUcPM-AF6N18xaOwDlK_kIu5RW3IFhppt2EbPN4mj=s0-d-e1-ft#https:\/\/files.pressmanager.net\/clientes\/67dd844a69e08263976a65f343f9b4e0\/imagens\/2024\/10\/14\/8588119ca7254737a7b6cb863070e100_medium.jpg\" alt=\"\"><\/p>\n\n\n\n<p>O evento foi um verdadeiro espet\u00e1culo. A atmosfera era de pura celebra\u00e7\u00e3o, com as torcidas calorosas das candidatas. Vestindo camisas com fotos das princesas, familiares e amigos agitavam faixas, tocavam apitos e at\u00e9 soltavam bolinhas de sab\u00e3o, tudo para apoiar suas favoritas enquanto elas desfilavam pela passarela.<\/p>\n\n\n\n<p>Antes de cada desfile, um v\u00eddeo de apresenta\u00e7\u00e3o individual era exibido no tel\u00e3o, permitindo que os jurados e o p\u00fablico conhecessem melhor cada princesa. &#8220;A nossa inten\u00e7\u00e3o \u00e9 destacar n\u00e3o apenas a beleza, mas tamb\u00e9m a personalidade, as ra\u00edzes e os sonhos de cada princesa&#8221;, explica Alexandre Braga, Diretor de Cultura, Desporto e Turismo da Prefeitura de Barbacena.<\/p>\n\n\n\n<p>Ap\u00f3s os desfiles e avalia\u00e7\u00f5es por parte dos jurados,&nbsp;<a href=\"https:\/\/www.instagram.com\/kamillysarah.ndias?igsh=MXFmbzF2OWJ2N2hiYw==\" target=\"_blank\" rel=\"noreferrer noopener\">Kamilly Sarah<\/a>, com 18 anos, representante da Rosa Ambience e patrocinada pela Deligeli Sorvetes, foi eleita a nova Rainha das Rosas e Flores de Barbacena para o ano de 2024. &#8220;A Festa das Rosas e Flores \u00e9 o evento m\u00e1ximo da beleza barbacenense. \u00c9 hist\u00f3ria, \u00e9 tradi\u00e7\u00e3o, mas tamb\u00e9m \u00e9 evolu\u00e7\u00e3o. Este ano, marcamos um cap\u00edtulo especial que representa verdadeiramente toda a diversidade e beleza de Barbacena&#8221;, destaca Alexandre Braga.<\/p>\n\n\n\n<p>A rec\u00e9m-coroada Rainha Kamilly Sarah foi ovacionada pelo p\u00fablico e o an\u00fancio do seu reinado teve efeitos pirot\u00e9cnicos e chuva de papel picado. Ainda no palco, ela recebeu a imprensa presente com l\u00e1grimas de emo\u00e7\u00e3o e felicidade. &#8220;\u00c9 um mix de sentimentos, meu cora\u00e7\u00e3o est\u00e1 mega acelerado. Estou muito feliz e orgulhosa por toda a trajet\u00f3ria at\u00e9 aqui. Agrade\u00e7o imensamente pelo apoio de todos. Prometo que ser\u00e1 um reinado intenso, assim como a Kamilly \u00e9. Estou pronta para representar Barbacena com todo o meu cora\u00e7\u00e3o. Como primeira rainha negra em mais de 50 edi\u00e7\u00f5es da festa, espero inspirar outras jovens a seguirem seus sonhos&#8221;, disse.<\/p>\n\n\n\n<p>A Rainha das Rosas e Flores \u00e9 uma figura emblem\u00e1tica e central na tradicional Festa das Rosas e Flores de Barbacena. &#8220;Eleita anualmente, a Rainha n\u00e3o \u00e9 apenas um s\u00edmbolo de beleza, mas tamb\u00e9m uma embaixadora da cultura e da identidade da cidade. Seu papel vai al\u00e9m da representa\u00e7\u00e3o est\u00e9tica; ela se torna a face da festa, participando ativamente de eventos promocionais, a\u00e7\u00f5es sociais e culturais ao longo do ano. A Rainha personifica a conex\u00e3o entre a comunidade e sua heran\u00e7a flor\u00edstica, inspirando orgulho local e atraindo aten\u00e7\u00e3o para a import\u00e2ncia econ\u00f4mica e cultural na regi\u00e3o. A escolha da Rainha \u00e9 um momento aguardado por toda a comunidade, pois representa n\u00e3o apenas a coroa\u00e7\u00e3o de uma jovem, mas a renova\u00e7\u00e3o do compromisso da cidade com suas ra\u00edzes e tradi\u00e7\u00f5es, ao mesmo tempo em que abra\u00e7a a diversidade e a evolu\u00e7\u00e3o social&#8221;, finaliza o Diretor de Cultura, Desporto e Turismo da Prefeitura de Barbacena.<\/p>\n\n\n\n<p><strong>52\u00aa&nbsp;Festa&nbsp;das&nbsp;Rosas&nbsp;e&nbsp;Flores&nbsp;de Barbacena<\/strong><\/p>\n\n\n\n<p><strong>Realiza\u00e7\u00e3o:<\/strong>&nbsp;Prefeitura de Barbacena e Sindicato Rural de Barbacena<\/p>\n","protected":false},"excerpt":{"rendered":"<p>Kamilly Sarah &#8211; Giancarlo C\u00e1ssio. A jovem Kamilly Sarah promete reinado intenso e representa nova era para tradicional celebra\u00e7\u00e3o mineira &nbsp;No \u00faltimo s\u00e1bado (12), Barbacena viveu um momento memor\u00e1vel durante a 52\u00aa Festa das Rosas e Flores, uma iniciativa da Prefeitura de Barbacena em parceria com o Sindicato Rural de Barbacena. O evento de coroa\u00e7\u00e3o da nova Rainha, realizado no Parque de Exposi\u00e7\u00f5es Senador Bias Fortes, foi marcado por muita beleza e emo\u00e7\u00e3o, com os desfiles e a avalia\u00e7\u00e3o das 15 princesas candidatas ao novo reinado. O evento foi um verdadeiro espet\u00e1culo. A atmosfera era de pura celebra\u00e7\u00e3o, com as torcidas calorosas das candidatas. Vestindo camisas com fotos das princesas, familiares e amigos agitavam faixas, tocavam apitos e at\u00e9 soltavam bolinhas de sab\u00e3o, tudo para apoiar suas favoritas enquanto elas desfilavam pela passarela. Antes de cada desfile, um v\u00eddeo de apresenta\u00e7\u00e3o individual era exibido no tel\u00e3o, permitindo que os jurados e o p\u00fablico conhecessem melhor cada princesa. &#8220;A nossa inten\u00e7\u00e3o \u00e9 destacar n\u00e3o apenas a beleza, mas tamb\u00e9m a personalidade, as ra\u00edzes e os sonhos de cada princesa&#8221;, explica Alexandre Braga, Diretor de Cultura, Desporto e Turismo da Prefeitura de Barbacena. Ap\u00f3s os desfiles e avalia\u00e7\u00f5es por parte dos jurados,&nbsp;Kamilly Sarah, com 18 anos, representante da Rosa Ambience e patrocinada pela Deligeli Sorvetes, foi eleita a nova Rainha das Rosas e Flores de Barbacena para o ano de 2024. &#8220;A Festa das Rosas e Flores \u00e9 o evento m\u00e1ximo da beleza barbacenense. \u00c9 hist\u00f3ria, \u00e9 tradi\u00e7\u00e3o, mas tamb\u00e9m \u00e9 evolu\u00e7\u00e3o. Este ano, marcamos um cap\u00edtulo especial que representa verdadeiramente toda a diversidade e beleza de Barbacena&#8221;, destaca Alexandre Braga. A rec\u00e9m-coroada Rainha Kamilly Sarah foi ovacionada pelo p\u00fablico e o an\u00fancio do seu reinado teve efeitos pirot\u00e9cnicos e chuva de papel picado. Ainda no palco, ela recebeu a imprensa presente com l\u00e1grimas de emo\u00e7\u00e3o e felicidade. &#8220;\u00c9 um mix de sentimentos, meu cora\u00e7\u00e3o est\u00e1 mega acelerado. Estou muito feliz e orgulhosa por toda a trajet\u00f3ria at\u00e9 aqui. Agrade\u00e7o imensamente pelo apoio de todos. Prometo que ser\u00e1 um reinado intenso, assim como a Kamilly \u00e9. Estou pronta para representar Barbacena com todo o meu cora\u00e7\u00e3o. Como primeira rainha negra em mais de 50 edi\u00e7\u00f5es da festa, espero inspirar outras jovens a seguirem seus sonhos&#8221;, disse. A Rainha das Rosas e Flores \u00e9 uma figura emblem\u00e1tica e central na tradicional Festa das Rosas e Flores de Barbacena. &#8220;Eleita anualmente, a Rainha n\u00e3o \u00e9 apenas um s\u00edmbolo de beleza, mas tamb\u00e9m uma embaixadora da cultura e da identidade da cidade. Seu papel vai al\u00e9m da representa\u00e7\u00e3o est\u00e9tica; ela se torna a face da festa, participando ativamente de eventos promocionais, a\u00e7\u00f5es sociais e culturais ao longo do ano. A Rainha personifica a conex\u00e3o entre a comunidade e sua heran\u00e7a flor\u00edstica, inspirando orgulho local e atraindo aten\u00e7\u00e3o para a import\u00e2ncia econ\u00f4mica e cultural na regi\u00e3o. A escolha da Rainha \u00e9 um momento aguardado por toda a comunidade, pois representa n\u00e3o apenas a coroa\u00e7\u00e3o de uma jovem, mas a renova\u00e7\u00e3o do compromisso da cidade com suas ra\u00edzes e tradi\u00e7\u00f5es, ao mesmo tempo em que abra\u00e7a a diversidade e a evolu\u00e7\u00e3o social&#8221;, finaliza o Diretor de Cultura, Desporto e Turismo da Prefeitura de Barbacena. 52\u00aa&nbsp;Festa&nbsp;das&nbsp;Rosas&nbsp;e&nbsp;Flores&nbsp;de Barbacena Realiza\u00e7\u00e3o:&nbsp;Prefeitura de Barbacena e Sindicato Rural de Barbacena<\/p>\n","protected":false},"author":5,"featured_media":1207,"comment_status":"open","ping_status":"open","sticky":true,"template":"","format":"standard","meta":{"footnotes":""},"categories":[32],"tags":[],"class_list":["post-1206","post","type-post","status-publish","format-standard","has-post-thumbnail","hentry","category-brasil"],"yoast_head":"<!-- This site is optimized with the Yoast SEO plugin v27.3 - https:\/\/yoast.com\/product\/yoast-seo-wordpress\/ -->\n<title>Rainha das Rosas e Flores de Barbacena 2024 \u00e9 coroada<\/title>\n<meta name=\"robots\" content=\"index, follow, max-snippet:-1, max-image-preview:large, max-video-preview:-1\" \/>\n<link rel=\"canonical\" href=\"https:\/\/portal135.com.br\/?p=1206\" \/>\n<meta property=\"og:locale\" content=\"pt_BR\" \/>\n<meta property=\"og:type\" content=\"article\" \/>\n<meta property=\"og:title\" content=\"Rainha das Rosas e Flores de Barbacena 2024 \u00e9 coroada\" \/>\n<meta property=\"og:description\" content=\"Kamilly Sarah &#8211; Giancarlo C\u00e1ssio. A jovem Kamilly Sarah promete reinado intenso e representa nova era para tradicional celebra\u00e7\u00e3o mineira &nbsp;No \u00faltimo s\u00e1bado (12), Barbacena viveu um momento memor\u00e1vel durante a 52\u00aa Festa das Rosas e Flores, uma iniciativa da Prefeitura de Barbacena em parceria com o Sindicato Rural de Barbacena. O evento de coroa\u00e7\u00e3o da nova Rainha, realizado no Parque de Exposi\u00e7\u00f5es Senador Bias Fortes, foi marcado por muita beleza e emo\u00e7\u00e3o, com os desfiles e a avalia\u00e7\u00e3o das 15 princesas candidatas ao novo reinado. O evento foi um verdadeiro espet\u00e1culo. A atmosfera era de pura celebra\u00e7\u00e3o, com as torcidas calorosas das candidatas. Vestindo camisas com fotos das princesas, familiares e amigos agitavam faixas, tocavam apitos e at\u00e9 soltavam bolinhas de sab\u00e3o, tudo para apoiar suas favoritas enquanto elas desfilavam pela passarela. Antes de cada desfile, um v\u00eddeo de apresenta\u00e7\u00e3o individual era exibido no tel\u00e3o, permitindo que os jurados e o p\u00fablico conhecessem melhor cada princesa. &#8220;A nossa inten\u00e7\u00e3o \u00e9 destacar n\u00e3o apenas a beleza, mas tamb\u00e9m a personalidade, as ra\u00edzes e os sonhos de cada princesa&#8221;, explica Alexandre Braga, Diretor de Cultura, Desporto e Turismo da Prefeitura de Barbacena. Ap\u00f3s os desfiles e avalia\u00e7\u00f5es por parte dos jurados,&nbsp;Kamilly Sarah, com 18 anos, representante da Rosa Ambience e patrocinada pela Deligeli Sorvetes, foi eleita a nova Rainha das Rosas e Flores de Barbacena para o ano de 2024. &#8220;A Festa das Rosas e Flores \u00e9 o evento m\u00e1ximo da beleza barbacenense. \u00c9 hist\u00f3ria, \u00e9 tradi\u00e7\u00e3o, mas tamb\u00e9m \u00e9 evolu\u00e7\u00e3o. Este ano, marcamos um cap\u00edtulo especial que representa verdadeiramente toda a diversidade e beleza de Barbacena&#8221;, destaca Alexandre Braga. A rec\u00e9m-coroada Rainha Kamilly Sarah foi ovacionada pelo p\u00fablico e o an\u00fancio do seu reinado teve efeitos pirot\u00e9cnicos e chuva de papel picado. Ainda no palco, ela recebeu a imprensa presente com l\u00e1grimas de emo\u00e7\u00e3o e felicidade. &#8220;\u00c9 um mix de sentimentos, meu cora\u00e7\u00e3o est\u00e1 mega acelerado. Estou muito feliz e orgulhosa por toda a trajet\u00f3ria at\u00e9 aqui. Agrade\u00e7o imensamente pelo apoio de todos. Prometo que ser\u00e1 um reinado intenso, assim como a Kamilly \u00e9. Estou pronta para representar Barbacena com todo o meu cora\u00e7\u00e3o. Como primeira rainha negra em mais de 50 edi\u00e7\u00f5es da festa, espero inspirar outras jovens a seguirem seus sonhos&#8221;, disse. A Rainha das Rosas e Flores \u00e9 uma figura emblem\u00e1tica e central na tradicional Festa das Rosas e Flores de Barbacena. &#8220;Eleita anualmente, a Rainha n\u00e3o \u00e9 apenas um s\u00edmbolo de beleza, mas tamb\u00e9m uma embaixadora da cultura e da identidade da cidade. Seu papel vai al\u00e9m da representa\u00e7\u00e3o est\u00e9tica; ela se torna a face da festa, participando ativamente de eventos promocionais, a\u00e7\u00f5es sociais e culturais ao longo do ano. A Rainha personifica a conex\u00e3o entre a comunidade e sua heran\u00e7a flor\u00edstica, inspirando orgulho local e atraindo aten\u00e7\u00e3o para a import\u00e2ncia econ\u00f4mica e cultural na regi\u00e3o. A escolha da Rainha \u00e9 um momento aguardado por toda a comunidade, pois representa n\u00e3o apenas a coroa\u00e7\u00e3o de uma jovem, mas a renova\u00e7\u00e3o do compromisso da cidade com suas ra\u00edzes e tradi\u00e7\u00f5es, ao mesmo tempo em que abra\u00e7a a diversidade e a evolu\u00e7\u00e3o social&#8221;, finaliza o Diretor de Cultura, Desporto e Turismo da Prefeitura de Barbacena. 52\u00aa&nbsp;Festa&nbsp;das&nbsp;Rosas&nbsp;e&nbsp;Flores&nbsp;de Barbacena Realiza\u00e7\u00e3o:&nbsp;Prefeitura de Barbacena e Sindicato Rural de Barbacena\" \/>\n<meta property=\"og:url\" content=\"https:\/\/portal135.com.br\/?p=1206\" \/>\n<meta property=\"og:site_name\" content=\"Portal 135\" \/>\n<meta property=\"article:published_time\" content=\"2024-10-14T13:34:05+00:00\" \/>\n<meta property=\"article:modified_time\" content=\"2024-10-14T13:34:06+00:00\" \/>\n<meta property=\"og:image\" content=\"https:\/\/portal135.com.br\/wp-content\/uploads\/2024\/10\/DSC03932-1.jpg\" \/>\n\t<meta property=\"og:image:width\" content=\"1742\" \/>\n\t<meta property=\"og:image:height\" content=\"923\" \/>\n\t<meta property=\"og:image:type\" content=\"image\/jpeg\" \/>\n<meta name=\"author\" content=\"Felipe De Jesus\" \/>\n<meta name=\"twitter:card\" content=\"summary_large_image\" \/>\n<meta name=\"twitter:label1\" content=\"Escrito por\" \/>\n\t<meta name=\"twitter:data1\" content=\"Felipe De Jesus\" \/>\n\t<meta name=\"twitter:label2\" content=\"Est. tempo de leitura\" \/>\n\t<meta name=\"twitter:data2\" content=\"4 minutos\" \/>\n<script type=\"application\/ld+json\" class=\"yoast-schema-graph\">{\"@context\":\"https:\\\/\\\/schema.org\",\"@graph\":[{\"@type\":\"Article\",\"@id\":\"https:\\\/\\\/portal135.com.br\\\/?p=1206#article\",\"isPartOf\":{\"@id\":\"https:\\\/\\\/portal135.com.br\\\/?p=1206\"},\"author\":{\"name\":\"Felipe De Jesus\",\"@id\":\"https:\\\/\\\/portal135.com.br\\\/#\\\/schema\\\/person\\\/8b1047d329adb7f2596093a79f5658e6\"},\"headline\":\"Rainha das Rosas e Flores de Barbacena 2024 \u00e9 coroada\",\"datePublished\":\"2024-10-14T13:34:05+00:00\",\"dateModified\":\"2024-10-14T13:34:06+00:00\",\"mainEntityOfPage\":{\"@id\":\"https:\\\/\\\/portal135.com.br\\\/?p=1206\"},\"wordCount\":606,\"commentCount\":0,\"publisher\":{\"@id\":\"https:\\\/\\\/portal135.com.br\\\/#organization\"},\"image\":{\"@id\":\"https:\\\/\\\/portal135.com.br\\\/?p=1206#primaryimage\"},\"thumbnailUrl\":\"https:\\\/\\\/portal135.com.br\\\/wp-content\\\/uploads\\\/2024\\\/10\\\/DSC03932-1.jpg\",\"articleSection\":[\"Brasil\"],\"inLanguage\":\"pt-BR\",\"potentialAction\":[{\"@type\":\"CommentAction\",\"name\":\"Comment\",\"target\":[\"https:\\\/\\\/portal135.com.br\\\/?p=1206#respond\"]}]},{\"@type\":\"WebPage\",\"@id\":\"https:\\\/\\\/portal135.com.br\\\/?p=1206\",\"url\":\"https:\\\/\\\/portal135.com.br\\\/?p=1206\",\"name\":\"Rainha das Rosas e Flores de Barbacena 2024 \u00e9 coroada\",\"isPartOf\":{\"@id\":\"https:\\\/\\\/portal135.com.br\\\/#website\"},\"primaryImageOfPage\":{\"@id\":\"https:\\\/\\\/portal135.com.br\\\/?p=1206#primaryimage\"},\"image\":{\"@id\":\"https:\\\/\\\/portal135.com.br\\\/?p=1206#primaryimage\"},\"thumbnailUrl\":\"https:\\\/\\\/portal135.com.br\\\/wp-content\\\/uploads\\\/2024\\\/10\\\/DSC03932-1.jpg\",\"datePublished\":\"2024-10-14T13:34:05+00:00\",\"dateModified\":\"2024-10-14T13:34:06+00:00\",\"breadcrumb\":{\"@id\":\"https:\\\/\\\/portal135.com.br\\\/?p=1206#breadcrumb\"},\"inLanguage\":\"pt-BR\",\"potentialAction\":[{\"@type\":\"ReadAction\",\"target\":[\"https:\\\/\\\/portal135.com.br\\\/?p=1206\"]}]},{\"@type\":\"ImageObject\",\"inLanguage\":\"pt-BR\",\"@id\":\"https:\\\/\\\/portal135.com.br\\\/?p=1206#primaryimage\",\"url\":\"https:\\\/\\\/portal135.com.br\\\/wp-content\\\/uploads\\\/2024\\\/10\\\/DSC03932-1.jpg\",\"contentUrl\":\"https:\\\/\\\/portal135.com.br\\\/wp-content\\\/uploads\\\/2024\\\/10\\\/DSC03932-1.jpg\",\"width\":1742,\"height\":923},{\"@type\":\"BreadcrumbList\",\"@id\":\"https:\\\/\\\/portal135.com.br\\\/?p=1206#breadcrumb\",\"itemListElement\":[{\"@type\":\"ListItem\",\"position\":1,\"name\":\"In\u00edcio\",\"item\":\"https:\\\/\\\/portal135.com.br\\\/\"},{\"@type\":\"ListItem\",\"position\":2,\"name\":\"Rainha das Rosas e Flores de Barbacena 2024 \u00e9 coroada\"}]},{\"@type\":\"WebSite\",\"@id\":\"https:\\\/\\\/portal135.com.br\\\/#website\",\"url\":\"https:\\\/\\\/portal135.com.br\\\/\",\"name\":\"Portal 135\",\"description\":\"Portal de Not\u00edcias\",\"publisher\":{\"@id\":\"https:\\\/\\\/portal135.com.br\\\/#organization\"},\"potentialAction\":[{\"@type\":\"SearchAction\",\"target\":{\"@type\":\"EntryPoint\",\"urlTemplate\":\"https:\\\/\\\/portal135.com.br\\\/?s={search_term_string}\"},\"query-input\":{\"@type\":\"PropertyValueSpecification\",\"valueRequired\":true,\"valueName\":\"search_term_string\"}}],\"inLanguage\":\"pt-BR\"},{\"@type\":\"Organization\",\"@id\":\"https:\\\/\\\/portal135.com.br\\\/#organization\",\"name\":\"Portal 135\",\"url\":\"https:\\\/\\\/portal135.com.br\\\/\",\"logo\":{\"@type\":\"ImageObject\",\"inLanguage\":\"pt-BR\",\"@id\":\"https:\\\/\\\/portal135.com.br\\\/#\\\/schema\\\/logo\\\/image\\\/\",\"url\":\"https:\\\/\\\/portal135.com.br\\\/wp-content\\\/uploads\\\/2024\\\/09\\\/1000030041-removebg-preview.png\",\"contentUrl\":\"https:\\\/\\\/portal135.com.br\\\/wp-content\\\/uploads\\\/2024\\\/09\\\/1000030041-removebg-preview.png\",\"width\":500,\"height\":500,\"caption\":\"Portal 135\"},\"image\":{\"@id\":\"https:\\\/\\\/portal135.com.br\\\/#\\\/schema\\\/logo\\\/image\\\/\"}},{\"@type\":\"Person\",\"@id\":\"https:\\\/\\\/portal135.com.br\\\/#\\\/schema\\\/person\\\/8b1047d329adb7f2596093a79f5658e6\",\"name\":\"Felipe De Jesus\",\"image\":{\"@type\":\"ImageObject\",\"inLanguage\":\"pt-BR\",\"@id\":\"https:\\\/\\\/secure.gravatar.com\\\/avatar\\\/c7bb18151e6c15c2f6c17d6a985b65614e924b0a2109679be31286f997dd99df?s=96&d=mm&r=g\",\"url\":\"https:\\\/\\\/secure.gravatar.com\\\/avatar\\\/c7bb18151e6c15c2f6c17d6a985b65614e924b0a2109679be31286f997dd99df?s=96&d=mm&r=g\",\"contentUrl\":\"https:\\\/\\\/secure.gravatar.com\\\/avatar\\\/c7bb18151e6c15c2f6c17d6a985b65614e924b0a2109679be31286f997dd99df?s=96&d=mm&r=g\",\"caption\":\"Felipe De Jesus\"},\"url\":\"https:\\\/\\\/portal135.com.br\\\/?author=5\"}]}<\/script>\n<!-- \/ Yoast SEO plugin. -->","yoast_head_json":{"title":"Rainha das Rosas e Flores de Barbacena 2024 \u00e9 coroada","robots":{"index":"index","follow":"follow","max-snippet":"max-snippet:-1","max-image-preview":"max-image-preview:large","max-video-preview":"max-video-preview:-1"},"canonical":"https:\/\/portal135.com.br\/?p=1206","og_locale":"pt_BR","og_type":"article","og_title":"Rainha das Rosas e Flores de Barbacena 2024 \u00e9 coroada","og_description":"Kamilly Sarah &#8211; Giancarlo C\u00e1ssio. A jovem Kamilly Sarah promete reinado intenso e representa nova era para tradicional celebra\u00e7\u00e3o mineira &nbsp;No \u00faltimo s\u00e1bado (12), Barbacena viveu um momento memor\u00e1vel durante a 52\u00aa Festa das Rosas e Flores, uma iniciativa da Prefeitura de Barbacena em parceria com o Sindicato Rural de Barbacena. O evento de coroa\u00e7\u00e3o da nova Rainha, realizado no Parque de Exposi\u00e7\u00f5es Senador Bias Fortes, foi marcado por muita beleza e emo\u00e7\u00e3o, com os desfiles e a avalia\u00e7\u00e3o das 15 princesas candidatas ao novo reinado. O evento foi um verdadeiro espet\u00e1culo. A atmosfera era de pura celebra\u00e7\u00e3o, com as torcidas calorosas das candidatas. Vestindo camisas com fotos das princesas, familiares e amigos agitavam faixas, tocavam apitos e at\u00e9 soltavam bolinhas de sab\u00e3o, tudo para apoiar suas favoritas enquanto elas desfilavam pela passarela. Antes de cada desfile, um v\u00eddeo de apresenta\u00e7\u00e3o individual era exibido no tel\u00e3o, permitindo que os jurados e o p\u00fablico conhecessem melhor cada princesa. &#8220;A nossa inten\u00e7\u00e3o \u00e9 destacar n\u00e3o apenas a beleza, mas tamb\u00e9m a personalidade, as ra\u00edzes e os sonhos de cada princesa&#8221;, explica Alexandre Braga, Diretor de Cultura, Desporto e Turismo da Prefeitura de Barbacena. Ap\u00f3s os desfiles e avalia\u00e7\u00f5es por parte dos jurados,&nbsp;Kamilly Sarah, com 18 anos, representante da Rosa Ambience e patrocinada pela Deligeli Sorvetes, foi eleita a nova Rainha das Rosas e Flores de Barbacena para o ano de 2024. &#8220;A Festa das Rosas e Flores \u00e9 o evento m\u00e1ximo da beleza barbacenense. \u00c9 hist\u00f3ria, \u00e9 tradi\u00e7\u00e3o, mas tamb\u00e9m \u00e9 evolu\u00e7\u00e3o. Este ano, marcamos um cap\u00edtulo especial que representa verdadeiramente toda a diversidade e beleza de Barbacena&#8221;, destaca Alexandre Braga. A rec\u00e9m-coroada Rainha Kamilly Sarah foi ovacionada pelo p\u00fablico e o an\u00fancio do seu reinado teve efeitos pirot\u00e9cnicos e chuva de papel picado. Ainda no palco, ela recebeu a imprensa presente com l\u00e1grimas de emo\u00e7\u00e3o e felicidade. &#8220;\u00c9 um mix de sentimentos, meu cora\u00e7\u00e3o est\u00e1 mega acelerado. Estou muito feliz e orgulhosa por toda a trajet\u00f3ria at\u00e9 aqui. Agrade\u00e7o imensamente pelo apoio de todos. Prometo que ser\u00e1 um reinado intenso, assim como a Kamilly \u00e9. Estou pronta para representar Barbacena com todo o meu cora\u00e7\u00e3o. Como primeira rainha negra em mais de 50 edi\u00e7\u00f5es da festa, espero inspirar outras jovens a seguirem seus sonhos&#8221;, disse. A Rainha das Rosas e Flores \u00e9 uma figura emblem\u00e1tica e central na tradicional Festa das Rosas e Flores de Barbacena. &#8220;Eleita anualmente, a Rainha n\u00e3o \u00e9 apenas um s\u00edmbolo de beleza, mas tamb\u00e9m uma embaixadora da cultura e da identidade da cidade. Seu papel vai al\u00e9m da representa\u00e7\u00e3o est\u00e9tica; ela se torna a face da festa, participando ativamente de eventos promocionais, a\u00e7\u00f5es sociais e culturais ao longo do ano. A Rainha personifica a conex\u00e3o entre a comunidade e sua heran\u00e7a flor\u00edstica, inspirando orgulho local e atraindo aten\u00e7\u00e3o para a import\u00e2ncia econ\u00f4mica e cultural na regi\u00e3o. A escolha da Rainha \u00e9 um momento aguardado por toda a comunidade, pois representa n\u00e3o apenas a coroa\u00e7\u00e3o de uma jovem, mas a renova\u00e7\u00e3o do compromisso da cidade com suas ra\u00edzes e tradi\u00e7\u00f5es, ao mesmo tempo em que abra\u00e7a a diversidade e a evolu\u00e7\u00e3o social&#8221;, finaliza o Diretor de Cultura, Desporto e Turismo da Prefeitura de Barbacena. 52\u00aa&nbsp;Festa&nbsp;das&nbsp;Rosas&nbsp;e&nbsp;Flores&nbsp;de Barbacena Realiza\u00e7\u00e3o:&nbsp;Prefeitura de Barbacena e Sindicato Rural de Barbacena","og_url":"https:\/\/portal135.com.br\/?p=1206","og_site_name":"Portal 135","article_published_time":"2024-10-14T13:34:05+00:00","article_modified_time":"2024-10-14T13:34:06+00:00","og_image":[{"width":1742,"height":923,"url":"https:\/\/portal135.com.br\/wp-content\/uploads\/2024\/10\/DSC03932-1.jpg","type":"image\/jpeg"}],"author":"Felipe De Jesus","twitter_card":"summary_large_image","twitter_misc":{"Escrito por":"Felipe De Jesus","Est. tempo de leitura":"4 minutos"},"schema":{"@context":"https:\/\/schema.org","@graph":[{"@type":"Article","@id":"https:\/\/portal135.com.br\/?p=1206#article","isPartOf":{"@id":"https:\/\/portal135.com.br\/?p=1206"},"author":{"name":"Felipe De Jesus","@id":"https:\/\/portal135.com.br\/#\/schema\/person\/8b1047d329adb7f2596093a79f5658e6"},"headline":"Rainha das Rosas e Flores de Barbacena 2024 \u00e9 coroada","datePublished":"2024-10-14T13:34:05+00:00","dateModified":"2024-10-14T13:34:06+00:00","mainEntityOfPage":{"@id":"https:\/\/portal135.com.br\/?p=1206"},"wordCount":606,"commentCount":0,"publisher":{"@id":"https:\/\/portal135.com.br\/#organization"},"image":{"@id":"https:\/\/portal135.com.br\/?p=1206#primaryimage"},"thumbnailUrl":"https:\/\/portal135.com.br\/wp-content\/uploads\/2024\/10\/DSC03932-1.jpg","articleSection":["Brasil"],"inLanguage":"pt-BR","potentialAction":[{"@type":"CommentAction","name":"Comment","target":["https:\/\/portal135.com.br\/?p=1206#respond"]}]},{"@type":"WebPage","@id":"https:\/\/portal135.com.br\/?p=1206","url":"https:\/\/portal135.com.br\/?p=1206","name":"Rainha das Rosas e Flores de Barbacena 2024 \u00e9 coroada","isPartOf":{"@id":"https:\/\/portal135.com.br\/#website"},"primaryImageOfPage":{"@id":"https:\/\/portal135.com.br\/?p=1206#primaryimage"},"image":{"@id":"https:\/\/portal135.com.br\/?p=1206#primaryimage"},"thumbnailUrl":"https:\/\/portal135.com.br\/wp-content\/uploads\/2024\/10\/DSC03932-1.jpg","datePublished":"2024-10-14T13:34:05+00:00","dateModified":"2024-10-14T13:34:06+00:00","breadcrumb":{"@id":"https:\/\/portal135.com.br\/?p=1206#breadcrumb"},"inLanguage":"pt-BR","potentialAction":[{"@type":"ReadAction","target":["https:\/\/portal135.com.br\/?p=1206"]}]},{"@type":"ImageObject","inLanguage":"pt-BR","@id":"https:\/\/portal135.com.br\/?p=1206#primaryimage","url":"https:\/\/portal135.com.br\/wp-content\/uploads\/2024\/10\/DSC03932-1.jpg","contentUrl":"https:\/\/portal135.com.br\/wp-content\/uploads\/2024\/10\/DSC03932-1.jpg","width":1742,"height":923},{"@type":"BreadcrumbList","@id":"https:\/\/portal135.com.br\/?p=1206#breadcrumb","itemListElement":[{"@type":"ListItem","position":1,"name":"In\u00edcio","item":"https:\/\/portal135.com.br\/"},{"@type":"ListItem","position":2,"name":"Rainha das Rosas e Flores de Barbacena 2024 \u00e9 coroada"}]},{"@type":"WebSite","@id":"https:\/\/portal135.com.br\/#website","url":"https:\/\/portal135.com.br\/","name":"Portal 135","description":"Portal de Not\u00edcias","publisher":{"@id":"https:\/\/portal135.com.br\/#organization"},"potentialAction":[{"@type":"SearchAction","target":{"@type":"EntryPoint","urlTemplate":"https:\/\/portal135.com.br\/?s={search_term_string}"},"query-input":{"@type":"PropertyValueSpecification","valueRequired":true,"valueName":"search_term_string"}}],"inLanguage":"pt-BR"},{"@type":"Organization","@id":"https:\/\/portal135.com.br\/#organization","name":"Portal 135","url":"https:\/\/portal135.com.br\/","logo":{"@type":"ImageObject","inLanguage":"pt-BR","@id":"https:\/\/portal135.com.br\/#\/schema\/logo\/image\/","url":"https:\/\/portal135.com.br\/wp-content\/uploads\/2024\/09\/1000030041-removebg-preview.png","contentUrl":"https:\/\/portal135.com.br\/wp-content\/uploads\/2024\/09\/1000030041-removebg-preview.png","width":500,"height":500,"caption":"Portal 135"},"image":{"@id":"https:\/\/portal135.com.br\/#\/schema\/logo\/image\/"}},{"@type":"Person","@id":"https:\/\/portal135.com.br\/#\/schema\/person\/8b1047d329adb7f2596093a79f5658e6","name":"Felipe De Jesus","image":{"@type":"ImageObject","inLanguage":"pt-BR","@id":"https:\/\/secure.gravatar.com\/avatar\/c7bb18151e6c15c2f6c17d6a985b65614e924b0a2109679be31286f997dd99df?s=96&d=mm&r=g","url":"https:\/\/secure.gravatar.com\/avatar\/c7bb18151e6c15c2f6c17d6a985b65614e924b0a2109679be31286f997dd99df?s=96&d=mm&r=g","contentUrl":"https:\/\/secure.gravatar.com\/avatar\/c7bb18151e6c15c2f6c17d6a985b65614e924b0a2109679be31286f997dd99df?s=96&d=mm&r=g","caption":"Felipe De Jesus"},"url":"https:\/\/portal135.com.br\/?author=5"}]}},"_links":{"self":[{"href":"https:\/\/portal135.com.br\/index.php?rest_route=\/wp\/v2\/posts\/1206","targetHints":{"allow":["GET"]}}],"collection":[{"href":"https:\/\/portal135.com.br\/index.php?rest_route=\/wp\/v2\/posts"}],"about":[{"href":"https:\/\/portal135.com.br\/index.php?rest_route=\/wp\/v2\/types\/post"}],"author":[{"embeddable":true,"href":"https:\/\/portal135.com.br\/index.php?rest_route=\/wp\/v2\/users\/5"}],"replies":[{"embeddable":true,"href":"https:\/\/portal135.com.br\/index.php?rest_route=%2Fwp%2Fv2%2Fcomments&post=1206"}],"version-history":[{"count":1,"href":"https:\/\/portal135.com.br\/index.php?rest_route=\/wp\/v2\/posts\/1206\/revisions"}],"predecessor-version":[{"id":1208,"href":"https:\/\/portal135.com.br\/index.php?rest_route=\/wp\/v2\/posts\/1206\/revisions\/1208"}],"wp:featuredmedia":[{"embeddable":true,"href":"https:\/\/portal135.com.br\/index.php?rest_route=\/wp\/v2\/media\/1207"}],"wp:attachment":[{"href":"https:\/\/portal135.com.br\/index.php?rest_route=%2Fwp%2Fv2%2Fmedia&parent=1206"}],"wp:term":[{"taxonomy":"category","embeddable":true,"href":"https:\/\/portal135.com.br\/index.php?rest_route=%2Fwp%2Fv2%2Fcategories&post=1206"},{"taxonomy":"post_tag","embeddable":true,"href":"https:\/\/portal135.com.br\/index.php?rest_route=%2Fwp%2Fv2%2Ftags&post=1206"}],"curies":[{"name":"wp","href":"https:\/\/api.w.org\/{rel}","templated":true}]}}