{"id":1187,"date":"2024-10-09T12:27:36","date_gmt":"2024-10-09T12:27:36","guid":{"rendered":"https:\/\/portal135.com.br\/?p=1187"},"modified":"2024-10-09T12:27:36","modified_gmt":"2024-10-09T12:27:36","slug":"ensaios-da-anitta-cantora-anuncia-data-em-bh-para-a-temporada-pre-carnaval-2025","status":"publish","type":"post","link":"https:\/\/portal135.com.br\/?p=1187","title":{"rendered":"&#8220;Ensaios da Anitta&#8221;: cantora anuncia data em BH para a temporada pr\u00e9-carnaval 2025"},"content":{"rendered":"\n<p><strong>Anitta &#8211; Lude Richele.<\/strong><\/p>\n\n\n\n<p class=\"has-text-align-center\"><strong><em>Com o tema &#8220;Maratona de Joga\u00e7\u00e3o&#8221;, shows da folia far\u00e3o homenagem ao mundo dos esportes e capital mineira vai sediar a folia em 1\u00ba de fevereiro de 2025<\/em><\/strong><\/p>\n\n\n\n<p>Belo Horizonte se prepara para receber, pela segunda vez, um dos eventos mais aguardados do pr\u00e9-carnaval: os &#8220;Ensaios da Anitta&#8221;. A capital mineira ser\u00e1 palco da folia no dia 1\u00ba de fevereiro de 2025, s\u00e1bado, a partir das 14h, na Esplanada do Mineir\u00e3o (Av. Ant\u00f4nio Abrah\u00e3o Caram, 1001 &#8211; S\u00e3o Jos\u00e9), trazendo toda a energia e irrever\u00eancia da cantora Anitta para os f\u00e3s mineiros.<\/p>\n\n\n\n<p class=\"has-text-align-center\"><img decoding=\"async\" width=\"200\" src=\"https:\/\/ci3.googleusercontent.com\/meips\/ADKq_NYTEDLmi_AwLEwE6QCjNQyNb-E7ZYLSlNpWIeBFPyvYUhLdmN6xlLDAg_jQ0J4forHW6hKTLsIysUyJ2Vhl8WKEkPw904mO7nDzwhnqnWn1eP4zvbtkl1y_twU9JsKzaIrpTwTP1bsriLsRIJYc2R2AV7jx2Msd6sqSP7EmUzqf6b9sZuHdsGufPkU1M3OYQBMqULYWs7XJFLNb2mq8=s0-d-e1-ft#https:\/\/files.pressmanager.net\/clientes\/67dd844a69e08263976a65f343f9b4e0\/imagens\/2024\/10\/08\/67b240a7f5de6568ea33c72c3906d62f_medium.jpg\" alt=\"\"><\/p>\n\n\n\n<p>Neste ano, a temporada pr\u00e9-carnavalesca da artista carioca vem com o tema \u201cMaratona de Joga\u00e7\u00e3o\u201d, que celebra o universo esportivo. Anitta promete encantar o p\u00fablico com fantasias inspiradas em diversas modalidades esportivas, destacando a import\u00e2ncia sociocultural do esporte.<\/p>\n\n\n\n<p>\u201cCarnaval \u00e9 minha \u00e9poca preferida do ano. E tamb\u00e9m \u00e9 um momento de grande aten\u00e7\u00e3o nacional e internacional. \u00c9 por isso que sempre aproveito a ocasi\u00e3o para falar de coisas que s\u00e3o importantes para mim. Meu carnaval j\u00e1 homenageou mulheres incr\u00edveis da hist\u00f3ria, causas ambientais, tecnologia\u2026 Agora \u00e9 a vez dos esportes. T\u00f4 feliz e animada pra cair na estrada novamente\u201d, afirma Anitta.<\/p>\n\n\n\n<p>O evento, conhecido por seu formato \u00fanico com palco de 360 graus, garante uma proximidade especial entre a cantora e o p\u00fablico. Al\u00e9m disso, os &#8220;Ensaios da Anitta&#8221; s\u00e3o marcados por um line up diversificado, recebendo convidados de diversos g\u00eaneros musicais, como pop, funk, trap, rap, sertanejo, piseiro, brega, ax\u00e9 e outros.<\/p>\n\n\n\n<p>O evento contar\u00e1 com diferentes setores para atender a todos os p\u00fablicos: a Pista, onde as bebidas ser\u00e3o vendidas \u00e0 parte; o Espa\u00e7o Beats, que oferecer\u00e1 open bar de BEATS, cerveja, refrigerante e \u00e1gua; e o Camarote, com open bar de gin, vodka, BEATS, whisky, cerveja, energ\u00e9tico, refrigerante e \u00e1gua. A venda dos ingressos para os &#8220;Ensaios da Anitta&#8221; em Belo Horizonte come\u00e7ar\u00e1 no dia 9 de outubro por meio do site:&nbsp;<a href=\"https:\/\/embedstore.ingresse.com\/tickets\/www.ingresse.com\/event\/76416?passkey=imprensa\" target=\"_blank\" rel=\"noreferrer noopener\">clique aqui.<\/a><\/p>\n\n\n\n<p><strong>Servi\u00e7o<\/strong><\/p>\n\n\n\n<p><strong>Evento:<\/strong>&nbsp;Ensaios da Anitta<br><strong>Data:<\/strong>&nbsp;1\u00ba de fevereiro de 2025, s\u00e1bado<br><strong>Local:<\/strong>&nbsp;na Esplanada do Mineir\u00e3o (Av. Ant\u00f4nio Abrah\u00e3o Caram, 1001 &#8211; S\u00e3o Jos\u00e9)<\/p>\n\n\n\n<p><strong>Hor\u00e1rio de Abertura dos Port\u00f5es:<\/strong>&nbsp;14h<\/p>\n\n\n\n<p><strong>Setores e Ingressos:<\/strong><\/p>\n\n\n\n<ul class=\"wp-block-list\">\n<li><strong>Pista:<\/strong>\u00a0Bebidas vendidas \u00e0 parte<\/li>\n\n\n\n<li><strong>Espa\u00e7o Beats:<\/strong>\u00a0Open bar de BEATS, cerveja, refrigerante e \u00e1gua<\/li>\n\n\n\n<li><strong>Camarote:<\/strong>\u00a0Open bar de gin, vodka, BEATS, whisky, cerveja, energ\u00e9tico, refrigerante e \u00e1gua<\/li>\n<\/ul>\n\n\n\n<p>Vendas partir de 9 de outubro por meio do site:<\/p>\n\n\n\n<p><strong>Vendas online:<\/strong>&nbsp;<a href=\"https:\/\/embedstore.ingresse.com\/tickets\/www.ingresse.com\/event\/76416?passkey=imprensa\" target=\"_blank\" rel=\"noreferrer noopener\">https:\/\/embedstore.ingresse.com\/tickets\/www.ingresse.com\/event\/76416?passkey=imprensa<\/a><\/p>\n\n\n\n<p><strong>Produ\u00e7\u00e3o local em BH:<\/strong>&nbsp;2Liv<\/p>\n","protected":false},"excerpt":{"rendered":"<p>Anitta &#8211; Lude Richele. Com o tema &#8220;Maratona de Joga\u00e7\u00e3o&#8221;, shows da folia far\u00e3o homenagem ao mundo dos esportes e capital mineira vai sediar a folia em 1\u00ba de fevereiro de 2025 Belo Horizonte se prepara para receber, pela segunda vez, um dos eventos mais aguardados do pr\u00e9-carnaval: os &#8220;Ensaios da Anitta&#8221;. A capital mineira ser\u00e1 palco da folia no dia 1\u00ba de fevereiro de 2025, s\u00e1bado, a partir das 14h, na Esplanada do Mineir\u00e3o (Av. Ant\u00f4nio Abrah\u00e3o Caram, 1001 &#8211; S\u00e3o Jos\u00e9), trazendo toda a energia e irrever\u00eancia da cantora Anitta para os f\u00e3s mineiros. Neste ano, a temporada pr\u00e9-carnavalesca da artista carioca vem com o tema \u201cMaratona de Joga\u00e7\u00e3o\u201d, que celebra o universo esportivo. Anitta promete encantar o p\u00fablico com fantasias inspiradas em diversas modalidades esportivas, destacando a import\u00e2ncia sociocultural do esporte. \u201cCarnaval \u00e9 minha \u00e9poca preferida do ano. E tamb\u00e9m \u00e9 um momento de grande aten\u00e7\u00e3o nacional e internacional. \u00c9 por isso que sempre aproveito a ocasi\u00e3o para falar de coisas que s\u00e3o importantes para mim. Meu carnaval j\u00e1 homenageou mulheres incr\u00edveis da hist\u00f3ria, causas ambientais, tecnologia\u2026 Agora \u00e9 a vez dos esportes. T\u00f4 feliz e animada pra cair na estrada novamente\u201d, afirma Anitta. O evento, conhecido por seu formato \u00fanico com palco de 360 graus, garante uma proximidade especial entre a cantora e o p\u00fablico. Al\u00e9m disso, os &#8220;Ensaios da Anitta&#8221; s\u00e3o marcados por um line up diversificado, recebendo convidados de diversos g\u00eaneros musicais, como pop, funk, trap, rap, sertanejo, piseiro, brega, ax\u00e9 e outros. O evento contar\u00e1 com diferentes setores para atender a todos os p\u00fablicos: a Pista, onde as bebidas ser\u00e3o vendidas \u00e0 parte; o Espa\u00e7o Beats, que oferecer\u00e1 open bar de BEATS, cerveja, refrigerante e \u00e1gua; e o Camarote, com open bar de gin, vodka, BEATS, whisky, cerveja, energ\u00e9tico, refrigerante e \u00e1gua. A venda dos ingressos para os &#8220;Ensaios da Anitta&#8221; em Belo Horizonte come\u00e7ar\u00e1 no dia 9 de outubro por meio do site:&nbsp;clique aqui. Servi\u00e7o Evento:&nbsp;Ensaios da AnittaData:&nbsp;1\u00ba de fevereiro de 2025, s\u00e1badoLocal:&nbsp;na Esplanada do Mineir\u00e3o (Av. Ant\u00f4nio Abrah\u00e3o Caram, 1001 &#8211; S\u00e3o Jos\u00e9) Hor\u00e1rio de Abertura dos Port\u00f5es:&nbsp;14h Setores e Ingressos: Vendas partir de 9 de outubro por meio do site: Vendas online:&nbsp;https:\/\/embedstore.ingresse.com\/tickets\/www.ingresse.com\/event\/76416?passkey=imprensa Produ\u00e7\u00e3o local em BH:&nbsp;2Liv<\/p>\n","protected":false},"author":5,"featured_media":1188,"comment_status":"open","ping_status":"open","sticky":true,"template":"","format":"standard","meta":{"footnotes":""},"categories":[32,25],"tags":[],"class_list":["post-1187","post","type-post","status-publish","format-standard","has-post-thumbnail","hentry","category-brasil","category-eventos"],"yoast_head":"<!-- This site is optimized with the Yoast SEO plugin v27.3 - https:\/\/yoast.com\/product\/yoast-seo-wordpress\/ -->\n<title>&quot;Ensaios da Anitta&quot;: cantora anuncia data em BH para a temporada pr\u00e9-carnaval 2025<\/title>\n<meta name=\"robots\" content=\"index, follow, max-snippet:-1, max-image-preview:large, max-video-preview:-1\" \/>\n<link rel=\"canonical\" href=\"https:\/\/portal135.com.br\/?p=1187\" \/>\n<meta property=\"og:locale\" content=\"pt_BR\" \/>\n<meta property=\"og:type\" content=\"article\" \/>\n<meta property=\"og:title\" content=\"&quot;Ensaios da Anitta&quot;: cantora anuncia data em BH para a temporada pr\u00e9-carnaval 2025\" \/>\n<meta property=\"og:description\" content=\"Anitta &#8211; Lude Richele. Com o tema &#8220;Maratona de Joga\u00e7\u00e3o&#8221;, shows da folia far\u00e3o homenagem ao mundo dos esportes e capital mineira vai sediar a folia em 1\u00ba de fevereiro de 2025 Belo Horizonte se prepara para receber, pela segunda vez, um dos eventos mais aguardados do pr\u00e9-carnaval: os &#8220;Ensaios da Anitta&#8221;. A capital mineira ser\u00e1 palco da folia no dia 1\u00ba de fevereiro de 2025, s\u00e1bado, a partir das 14h, na Esplanada do Mineir\u00e3o (Av. Ant\u00f4nio Abrah\u00e3o Caram, 1001 &#8211; S\u00e3o Jos\u00e9), trazendo toda a energia e irrever\u00eancia da cantora Anitta para os f\u00e3s mineiros. Neste ano, a temporada pr\u00e9-carnavalesca da artista carioca vem com o tema \u201cMaratona de Joga\u00e7\u00e3o\u201d, que celebra o universo esportivo. Anitta promete encantar o p\u00fablico com fantasias inspiradas em diversas modalidades esportivas, destacando a import\u00e2ncia sociocultural do esporte. \u201cCarnaval \u00e9 minha \u00e9poca preferida do ano. E tamb\u00e9m \u00e9 um momento de grande aten\u00e7\u00e3o nacional e internacional. \u00c9 por isso que sempre aproveito a ocasi\u00e3o para falar de coisas que s\u00e3o importantes para mim. Meu carnaval j\u00e1 homenageou mulheres incr\u00edveis da hist\u00f3ria, causas ambientais, tecnologia\u2026 Agora \u00e9 a vez dos esportes. T\u00f4 feliz e animada pra cair na estrada novamente\u201d, afirma Anitta. O evento, conhecido por seu formato \u00fanico com palco de 360 graus, garante uma proximidade especial entre a cantora e o p\u00fablico. Al\u00e9m disso, os &#8220;Ensaios da Anitta&#8221; s\u00e3o marcados por um line up diversificado, recebendo convidados de diversos g\u00eaneros musicais, como pop, funk, trap, rap, sertanejo, piseiro, brega, ax\u00e9 e outros. O evento contar\u00e1 com diferentes setores para atender a todos os p\u00fablicos: a Pista, onde as bebidas ser\u00e3o vendidas \u00e0 parte; o Espa\u00e7o Beats, que oferecer\u00e1 open bar de BEATS, cerveja, refrigerante e \u00e1gua; e o Camarote, com open bar de gin, vodka, BEATS, whisky, cerveja, energ\u00e9tico, refrigerante e \u00e1gua. A venda dos ingressos para os &#8220;Ensaios da Anitta&#8221; em Belo Horizonte come\u00e7ar\u00e1 no dia 9 de outubro por meio do site:&nbsp;clique aqui. Servi\u00e7o Evento:&nbsp;Ensaios da AnittaData:&nbsp;1\u00ba de fevereiro de 2025, s\u00e1badoLocal:&nbsp;na Esplanada do Mineir\u00e3o (Av. Ant\u00f4nio Abrah\u00e3o Caram, 1001 &#8211; S\u00e3o Jos\u00e9) Hor\u00e1rio de Abertura dos Port\u00f5es:&nbsp;14h Setores e Ingressos: Vendas partir de 9 de outubro por meio do site: Vendas online:&nbsp;https:\/\/embedstore.ingresse.com\/tickets\/www.ingresse.com\/event\/76416?passkey=imprensa Produ\u00e7\u00e3o local em BH:&nbsp;2Liv\" \/>\n<meta property=\"og:url\" content=\"https:\/\/portal135.com.br\/?p=1187\" \/>\n<meta property=\"og:site_name\" content=\"Portal 135\" \/>\n<meta property=\"article:published_time\" content=\"2024-10-09T12:27:36+00:00\" \/>\n<meta property=\"og:image\" content=\"https:\/\/portal135.com.br\/wp-content\/uploads\/2024\/10\/Creditos-Iude-Richele-2-web-2.jpg\" \/>\n\t<meta property=\"og:image:width\" content=\"800\" \/>\n\t<meta property=\"og:image:height\" content=\"576\" \/>\n\t<meta property=\"og:image:type\" content=\"image\/jpeg\" \/>\n<meta name=\"author\" content=\"Felipe De Jesus\" \/>\n<meta name=\"twitter:card\" content=\"summary_large_image\" \/>\n<meta name=\"twitter:label1\" content=\"Escrito por\" \/>\n\t<meta name=\"twitter:data1\" content=\"Felipe De Jesus\" \/>\n\t<meta name=\"twitter:label2\" content=\"Est. tempo de leitura\" \/>\n\t<meta name=\"twitter:data2\" content=\"3 minutos\" \/>\n<script type=\"application\/ld+json\" class=\"yoast-schema-graph\">{\"@context\":\"https:\\\/\\\/schema.org\",\"@graph\":[{\"@type\":\"Article\",\"@id\":\"https:\\\/\\\/portal135.com.br\\\/?p=1187#article\",\"isPartOf\":{\"@id\":\"https:\\\/\\\/portal135.com.br\\\/?p=1187\"},\"author\":{\"name\":\"Felipe De Jesus\",\"@id\":\"https:\\\/\\\/portal135.com.br\\\/#\\\/schema\\\/person\\\/8b1047d329adb7f2596093a79f5658e6\"},\"headline\":\"&#8220;Ensaios da Anitta&#8221;: cantora anuncia data em BH para a temporada pr\u00e9-carnaval 2025\",\"datePublished\":\"2024-10-09T12:27:36+00:00\",\"mainEntityOfPage\":{\"@id\":\"https:\\\/\\\/portal135.com.br\\\/?p=1187\"},\"wordCount\":456,\"commentCount\":0,\"publisher\":{\"@id\":\"https:\\\/\\\/portal135.com.br\\\/#organization\"},\"image\":{\"@id\":\"https:\\\/\\\/portal135.com.br\\\/?p=1187#primaryimage\"},\"thumbnailUrl\":\"https:\\\/\\\/portal135.com.br\\\/wp-content\\\/uploads\\\/2024\\\/10\\\/Creditos-Iude-Richele-2-web-2.jpg\",\"articleSection\":[\"Brasil\",\"Eventos\"],\"inLanguage\":\"pt-BR\",\"potentialAction\":[{\"@type\":\"CommentAction\",\"name\":\"Comment\",\"target\":[\"https:\\\/\\\/portal135.com.br\\\/?p=1187#respond\"]}]},{\"@type\":\"WebPage\",\"@id\":\"https:\\\/\\\/portal135.com.br\\\/?p=1187\",\"url\":\"https:\\\/\\\/portal135.com.br\\\/?p=1187\",\"name\":\"\\\"Ensaios da Anitta\\\": cantora anuncia data em BH para a temporada pr\u00e9-carnaval 2025\",\"isPartOf\":{\"@id\":\"https:\\\/\\\/portal135.com.br\\\/#website\"},\"primaryImageOfPage\":{\"@id\":\"https:\\\/\\\/portal135.com.br\\\/?p=1187#primaryimage\"},\"image\":{\"@id\":\"https:\\\/\\\/portal135.com.br\\\/?p=1187#primaryimage\"},\"thumbnailUrl\":\"https:\\\/\\\/portal135.com.br\\\/wp-content\\\/uploads\\\/2024\\\/10\\\/Creditos-Iude-Richele-2-web-2.jpg\",\"datePublished\":\"2024-10-09T12:27:36+00:00\",\"breadcrumb\":{\"@id\":\"https:\\\/\\\/portal135.com.br\\\/?p=1187#breadcrumb\"},\"inLanguage\":\"pt-BR\",\"potentialAction\":[{\"@type\":\"ReadAction\",\"target\":[\"https:\\\/\\\/portal135.com.br\\\/?p=1187\"]}]},{\"@type\":\"ImageObject\",\"inLanguage\":\"pt-BR\",\"@id\":\"https:\\\/\\\/portal135.com.br\\\/?p=1187#primaryimage\",\"url\":\"https:\\\/\\\/portal135.com.br\\\/wp-content\\\/uploads\\\/2024\\\/10\\\/Creditos-Iude-Richele-2-web-2.jpg\",\"contentUrl\":\"https:\\\/\\\/portal135.com.br\\\/wp-content\\\/uploads\\\/2024\\\/10\\\/Creditos-Iude-Richele-2-web-2.jpg\",\"width\":800,\"height\":576},{\"@type\":\"BreadcrumbList\",\"@id\":\"https:\\\/\\\/portal135.com.br\\\/?p=1187#breadcrumb\",\"itemListElement\":[{\"@type\":\"ListItem\",\"position\":1,\"name\":\"In\u00edcio\",\"item\":\"https:\\\/\\\/portal135.com.br\\\/\"},{\"@type\":\"ListItem\",\"position\":2,\"name\":\"&#8220;Ensaios da Anitta&#8221;: cantora anuncia data em BH para a temporada pr\u00e9-carnaval 2025\"}]},{\"@type\":\"WebSite\",\"@id\":\"https:\\\/\\\/portal135.com.br\\\/#website\",\"url\":\"https:\\\/\\\/portal135.com.br\\\/\",\"name\":\"Portal 135\",\"description\":\"Portal de Not\u00edcias\",\"publisher\":{\"@id\":\"https:\\\/\\\/portal135.com.br\\\/#organization\"},\"potentialAction\":[{\"@type\":\"SearchAction\",\"target\":{\"@type\":\"EntryPoint\",\"urlTemplate\":\"https:\\\/\\\/portal135.com.br\\\/?s={search_term_string}\"},\"query-input\":{\"@type\":\"PropertyValueSpecification\",\"valueRequired\":true,\"valueName\":\"search_term_string\"}}],\"inLanguage\":\"pt-BR\"},{\"@type\":\"Organization\",\"@id\":\"https:\\\/\\\/portal135.com.br\\\/#organization\",\"name\":\"Portal 135\",\"url\":\"https:\\\/\\\/portal135.com.br\\\/\",\"logo\":{\"@type\":\"ImageObject\",\"inLanguage\":\"pt-BR\",\"@id\":\"https:\\\/\\\/portal135.com.br\\\/#\\\/schema\\\/logo\\\/image\\\/\",\"url\":\"https:\\\/\\\/portal135.com.br\\\/wp-content\\\/uploads\\\/2024\\\/09\\\/1000030041-removebg-preview.png\",\"contentUrl\":\"https:\\\/\\\/portal135.com.br\\\/wp-content\\\/uploads\\\/2024\\\/09\\\/1000030041-removebg-preview.png\",\"width\":500,\"height\":500,\"caption\":\"Portal 135\"},\"image\":{\"@id\":\"https:\\\/\\\/portal135.com.br\\\/#\\\/schema\\\/logo\\\/image\\\/\"}},{\"@type\":\"Person\",\"@id\":\"https:\\\/\\\/portal135.com.br\\\/#\\\/schema\\\/person\\\/8b1047d329adb7f2596093a79f5658e6\",\"name\":\"Felipe De Jesus\",\"image\":{\"@type\":\"ImageObject\",\"inLanguage\":\"pt-BR\",\"@id\":\"https:\\\/\\\/secure.gravatar.com\\\/avatar\\\/c7bb18151e6c15c2f6c17d6a985b65614e924b0a2109679be31286f997dd99df?s=96&d=mm&r=g\",\"url\":\"https:\\\/\\\/secure.gravatar.com\\\/avatar\\\/c7bb18151e6c15c2f6c17d6a985b65614e924b0a2109679be31286f997dd99df?s=96&d=mm&r=g\",\"contentUrl\":\"https:\\\/\\\/secure.gravatar.com\\\/avatar\\\/c7bb18151e6c15c2f6c17d6a985b65614e924b0a2109679be31286f997dd99df?s=96&d=mm&r=g\",\"caption\":\"Felipe De Jesus\"},\"url\":\"https:\\\/\\\/portal135.com.br\\\/?author=5\"}]}<\/script>\n<!-- \/ Yoast SEO plugin. -->","yoast_head_json":{"title":"\"Ensaios da Anitta\": cantora anuncia data em BH para a temporada pr\u00e9-carnaval 2025","robots":{"index":"index","follow":"follow","max-snippet":"max-snippet:-1","max-image-preview":"max-image-preview:large","max-video-preview":"max-video-preview:-1"},"canonical":"https:\/\/portal135.com.br\/?p=1187","og_locale":"pt_BR","og_type":"article","og_title":"\"Ensaios da Anitta\": cantora anuncia data em BH para a temporada pr\u00e9-carnaval 2025","og_description":"Anitta &#8211; Lude Richele. Com o tema &#8220;Maratona de Joga\u00e7\u00e3o&#8221;, shows da folia far\u00e3o homenagem ao mundo dos esportes e capital mineira vai sediar a folia em 1\u00ba de fevereiro de 2025 Belo Horizonte se prepara para receber, pela segunda vez, um dos eventos mais aguardados do pr\u00e9-carnaval: os &#8220;Ensaios da Anitta&#8221;. A capital mineira ser\u00e1 palco da folia no dia 1\u00ba de fevereiro de 2025, s\u00e1bado, a partir das 14h, na Esplanada do Mineir\u00e3o (Av. Ant\u00f4nio Abrah\u00e3o Caram, 1001 &#8211; S\u00e3o Jos\u00e9), trazendo toda a energia e irrever\u00eancia da cantora Anitta para os f\u00e3s mineiros. Neste ano, a temporada pr\u00e9-carnavalesca da artista carioca vem com o tema \u201cMaratona de Joga\u00e7\u00e3o\u201d, que celebra o universo esportivo. Anitta promete encantar o p\u00fablico com fantasias inspiradas em diversas modalidades esportivas, destacando a import\u00e2ncia sociocultural do esporte. \u201cCarnaval \u00e9 minha \u00e9poca preferida do ano. E tamb\u00e9m \u00e9 um momento de grande aten\u00e7\u00e3o nacional e internacional. \u00c9 por isso que sempre aproveito a ocasi\u00e3o para falar de coisas que s\u00e3o importantes para mim. Meu carnaval j\u00e1 homenageou mulheres incr\u00edveis da hist\u00f3ria, causas ambientais, tecnologia\u2026 Agora \u00e9 a vez dos esportes. T\u00f4 feliz e animada pra cair na estrada novamente\u201d, afirma Anitta. O evento, conhecido por seu formato \u00fanico com palco de 360 graus, garante uma proximidade especial entre a cantora e o p\u00fablico. Al\u00e9m disso, os &#8220;Ensaios da Anitta&#8221; s\u00e3o marcados por um line up diversificado, recebendo convidados de diversos g\u00eaneros musicais, como pop, funk, trap, rap, sertanejo, piseiro, brega, ax\u00e9 e outros. O evento contar\u00e1 com diferentes setores para atender a todos os p\u00fablicos: a Pista, onde as bebidas ser\u00e3o vendidas \u00e0 parte; o Espa\u00e7o Beats, que oferecer\u00e1 open bar de BEATS, cerveja, refrigerante e \u00e1gua; e o Camarote, com open bar de gin, vodka, BEATS, whisky, cerveja, energ\u00e9tico, refrigerante e \u00e1gua. A venda dos ingressos para os &#8220;Ensaios da Anitta&#8221; em Belo Horizonte come\u00e7ar\u00e1 no dia 9 de outubro por meio do site:&nbsp;clique aqui. Servi\u00e7o Evento:&nbsp;Ensaios da AnittaData:&nbsp;1\u00ba de fevereiro de 2025, s\u00e1badoLocal:&nbsp;na Esplanada do Mineir\u00e3o (Av. Ant\u00f4nio Abrah\u00e3o Caram, 1001 &#8211; S\u00e3o Jos\u00e9) Hor\u00e1rio de Abertura dos Port\u00f5es:&nbsp;14h Setores e Ingressos: Vendas partir de 9 de outubro por meio do site: Vendas online:&nbsp;https:\/\/embedstore.ingresse.com\/tickets\/www.ingresse.com\/event\/76416?passkey=imprensa Produ\u00e7\u00e3o local em BH:&nbsp;2Liv","og_url":"https:\/\/portal135.com.br\/?p=1187","og_site_name":"Portal 135","article_published_time":"2024-10-09T12:27:36+00:00","og_image":[{"width":800,"height":576,"url":"https:\/\/portal135.com.br\/wp-content\/uploads\/2024\/10\/Creditos-Iude-Richele-2-web-2.jpg","type":"image\/jpeg"}],"author":"Felipe De Jesus","twitter_card":"summary_large_image","twitter_misc":{"Escrito por":"Felipe De Jesus","Est. tempo de leitura":"3 minutos"},"schema":{"@context":"https:\/\/schema.org","@graph":[{"@type":"Article","@id":"https:\/\/portal135.com.br\/?p=1187#article","isPartOf":{"@id":"https:\/\/portal135.com.br\/?p=1187"},"author":{"name":"Felipe De Jesus","@id":"https:\/\/portal135.com.br\/#\/schema\/person\/8b1047d329adb7f2596093a79f5658e6"},"headline":"&#8220;Ensaios da Anitta&#8221;: cantora anuncia data em BH para a temporada pr\u00e9-carnaval 2025","datePublished":"2024-10-09T12:27:36+00:00","mainEntityOfPage":{"@id":"https:\/\/portal135.com.br\/?p=1187"},"wordCount":456,"commentCount":0,"publisher":{"@id":"https:\/\/portal135.com.br\/#organization"},"image":{"@id":"https:\/\/portal135.com.br\/?p=1187#primaryimage"},"thumbnailUrl":"https:\/\/portal135.com.br\/wp-content\/uploads\/2024\/10\/Creditos-Iude-Richele-2-web-2.jpg","articleSection":["Brasil","Eventos"],"inLanguage":"pt-BR","potentialAction":[{"@type":"CommentAction","name":"Comment","target":["https:\/\/portal135.com.br\/?p=1187#respond"]}]},{"@type":"WebPage","@id":"https:\/\/portal135.com.br\/?p=1187","url":"https:\/\/portal135.com.br\/?p=1187","name":"\"Ensaios da Anitta\": cantora anuncia data em BH para a temporada pr\u00e9-carnaval 2025","isPartOf":{"@id":"https:\/\/portal135.com.br\/#website"},"primaryImageOfPage":{"@id":"https:\/\/portal135.com.br\/?p=1187#primaryimage"},"image":{"@id":"https:\/\/portal135.com.br\/?p=1187#primaryimage"},"thumbnailUrl":"https:\/\/portal135.com.br\/wp-content\/uploads\/2024\/10\/Creditos-Iude-Richele-2-web-2.jpg","datePublished":"2024-10-09T12:27:36+00:00","breadcrumb":{"@id":"https:\/\/portal135.com.br\/?p=1187#breadcrumb"},"inLanguage":"pt-BR","potentialAction":[{"@type":"ReadAction","target":["https:\/\/portal135.com.br\/?p=1187"]}]},{"@type":"ImageObject","inLanguage":"pt-BR","@id":"https:\/\/portal135.com.br\/?p=1187#primaryimage","url":"https:\/\/portal135.com.br\/wp-content\/uploads\/2024\/10\/Creditos-Iude-Richele-2-web-2.jpg","contentUrl":"https:\/\/portal135.com.br\/wp-content\/uploads\/2024\/10\/Creditos-Iude-Richele-2-web-2.jpg","width":800,"height":576},{"@type":"BreadcrumbList","@id":"https:\/\/portal135.com.br\/?p=1187#breadcrumb","itemListElement":[{"@type":"ListItem","position":1,"name":"In\u00edcio","item":"https:\/\/portal135.com.br\/"},{"@type":"ListItem","position":2,"name":"&#8220;Ensaios da Anitta&#8221;: cantora anuncia data em BH para a temporada pr\u00e9-carnaval 2025"}]},{"@type":"WebSite","@id":"https:\/\/portal135.com.br\/#website","url":"https:\/\/portal135.com.br\/","name":"Portal 135","description":"Portal de Not\u00edcias","publisher":{"@id":"https:\/\/portal135.com.br\/#organization"},"potentialAction":[{"@type":"SearchAction","target":{"@type":"EntryPoint","urlTemplate":"https:\/\/portal135.com.br\/?s={search_term_string}"},"query-input":{"@type":"PropertyValueSpecification","valueRequired":true,"valueName":"search_term_string"}}],"inLanguage":"pt-BR"},{"@type":"Organization","@id":"https:\/\/portal135.com.br\/#organization","name":"Portal 135","url":"https:\/\/portal135.com.br\/","logo":{"@type":"ImageObject","inLanguage":"pt-BR","@id":"https:\/\/portal135.com.br\/#\/schema\/logo\/image\/","url":"https:\/\/portal135.com.br\/wp-content\/uploads\/2024\/09\/1000030041-removebg-preview.png","contentUrl":"https:\/\/portal135.com.br\/wp-content\/uploads\/2024\/09\/1000030041-removebg-preview.png","width":500,"height":500,"caption":"Portal 135"},"image":{"@id":"https:\/\/portal135.com.br\/#\/schema\/logo\/image\/"}},{"@type":"Person","@id":"https:\/\/portal135.com.br\/#\/schema\/person\/8b1047d329adb7f2596093a79f5658e6","name":"Felipe De Jesus","image":{"@type":"ImageObject","inLanguage":"pt-BR","@id":"https:\/\/secure.gravatar.com\/avatar\/c7bb18151e6c15c2f6c17d6a985b65614e924b0a2109679be31286f997dd99df?s=96&d=mm&r=g","url":"https:\/\/secure.gravatar.com\/avatar\/c7bb18151e6c15c2f6c17d6a985b65614e924b0a2109679be31286f997dd99df?s=96&d=mm&r=g","contentUrl":"https:\/\/secure.gravatar.com\/avatar\/c7bb18151e6c15c2f6c17d6a985b65614e924b0a2109679be31286f997dd99df?s=96&d=mm&r=g","caption":"Felipe De Jesus"},"url":"https:\/\/portal135.com.br\/?author=5"}]}},"_links":{"self":[{"href":"https:\/\/portal135.com.br\/index.php?rest_route=\/wp\/v2\/posts\/1187","targetHints":{"allow":["GET"]}}],"collection":[{"href":"https:\/\/portal135.com.br\/index.php?rest_route=\/wp\/v2\/posts"}],"about":[{"href":"https:\/\/portal135.com.br\/index.php?rest_route=\/wp\/v2\/types\/post"}],"author":[{"embeddable":true,"href":"https:\/\/portal135.com.br\/index.php?rest_route=\/wp\/v2\/users\/5"}],"replies":[{"embeddable":true,"href":"https:\/\/portal135.com.br\/index.php?rest_route=%2Fwp%2Fv2%2Fcomments&post=1187"}],"version-history":[{"count":1,"href":"https:\/\/portal135.com.br\/index.php?rest_route=\/wp\/v2\/posts\/1187\/revisions"}],"predecessor-version":[{"id":1189,"href":"https:\/\/portal135.com.br\/index.php?rest_route=\/wp\/v2\/posts\/1187\/revisions\/1189"}],"wp:featuredmedia":[{"embeddable":true,"href":"https:\/\/portal135.com.br\/index.php?rest_route=\/wp\/v2\/media\/1188"}],"wp:attachment":[{"href":"https:\/\/portal135.com.br\/index.php?rest_route=%2Fwp%2Fv2%2Fmedia&parent=1187"}],"wp:term":[{"taxonomy":"category","embeddable":true,"href":"https:\/\/portal135.com.br\/index.php?rest_route=%2Fwp%2Fv2%2Fcategories&post=1187"},{"taxonomy":"post_tag","embeddable":true,"href":"https:\/\/portal135.com.br\/index.php?rest_route=%2Fwp%2Fv2%2Ftags&post=1187"}],"curies":[{"name":"wp","href":"https:\/\/api.w.org\/{rel}","templated":true}]}}