{"id":1134,"date":"2024-09-20T23:11:01","date_gmt":"2024-09-20T23:11:01","guid":{"rendered":"https:\/\/portal135.com.br\/?p=1134"},"modified":"2024-09-20T23:11:03","modified_gmt":"2024-09-20T23:11:03","slug":"como-melhor-album-cristao-rosa-de-saron-e-indicada-ao-grammy-latino-2024-pela-terceira-vez","status":"publish","type":"post","link":"https:\/\/portal135.com.br\/?p=1134","title":{"rendered":"Como Melhor \u00c1lbum Crist\u00e3o, Rosa De Saron \u00c9 Indicada Ao Grammy Latino 2024 Pela Terceira Vez"},"content":{"rendered":"\n<p><em>Premia\u00e7\u00e3o acontece em novembro deste ano em Miami<\/em><\/p>\n\n\n\n<p>A banda crist\u00e3 Rosa de Saron tem motivos de sobra para comemorar. Bruno Faglioni, Rog\u00e9rio Feltrin, Eduardo Faro e Wellington Grev\u00e3o foram indicados para a 25\u00b0 cerim\u00f4nia do Grammy Latino pela categoria \u201cMelhor \u00c1lbum Crist\u00e3o em L\u00edngua Portuguesa\u201d. A premia\u00e7\u00e3o acontece no dia 14 de novembro, em Miami.<\/p>\n\n\n\n<figure class=\"wp-block-image\"><img decoding=\"async\" src=\"https:\/\/programacamarote.com.br\/wp-content\/uploads\/2024\/09\/BANDA-03-801x1024.png\" alt=\"\" class=\"wp-image-6387\"\/><\/figure>\n\n\n\n<p>O \u00e1lbum indicado \u201cRosa de Saron In Concert\u201d, gravado no Teatro Municipal de S\u00e3o Paulo, trouxe participa\u00e7\u00f5es especiais de Padre F\u00e1bio de Melo, Gustavo Mioto, Juninho Afram, Kemuel, Carmen Monarcha, Leonardo Gon\u00e7alves e Coral Livre. O produto vem acompanhado de uma cole\u00e7\u00e3o de faixas que refletem a f\u00e9, a esperan\u00e7a e a busca por um prop\u00f3sito maior, temas que sempre estiveram no centro da miss\u00e3o da banda.<\/p>\n\n\n\n<p>\u00c9 a terceira vez que Rosa de Saron \u00e9 indicado ao Grammy Latino.<\/p>\n\n\n\n<figure class=\"wp-block-image\"><img decoding=\"async\" src=\"https:\/\/programacamarote.com.br\/wp-content\/uploads\/2024\/09\/BANDA-02-1-1024x871.png\" alt=\"\" class=\"wp-image-6389\"\/><\/figure>\n","protected":false},"excerpt":{"rendered":"<p>Premia\u00e7\u00e3o acontece em novembro deste ano em Miami A banda crist\u00e3 Rosa de Saron tem motivos de sobra para comemorar. Bruno Faglioni, Rog\u00e9rio Feltrin, Eduardo Faro e Wellington Grev\u00e3o foram indicados para a 25\u00b0 cerim\u00f4nia do Grammy Latino pela categoria \u201cMelhor \u00c1lbum Crist\u00e3o em L\u00edngua Portuguesa\u201d. A premia\u00e7\u00e3o acontece no dia 14 de novembro, em Miami. O \u00e1lbum indicado \u201cRosa de Saron In Concert\u201d, gravado no Teatro Municipal de S\u00e3o Paulo, trouxe participa\u00e7\u00f5es especiais de Padre F\u00e1bio de Melo, Gustavo Mioto, Juninho Afram, Kemuel, Carmen Monarcha, Leonardo Gon\u00e7alves e Coral Livre. O produto vem acompanhado de uma cole\u00e7\u00e3o de faixas que refletem a f\u00e9, a esperan\u00e7a e a busca por um prop\u00f3sito maior, temas que sempre estiveram no centro da miss\u00e3o da banda. \u00c9 a terceira vez que Rosa de Saron \u00e9 indicado ao Grammy Latino.<\/p>\n","protected":false},"author":2,"featured_media":1135,"comment_status":"open","ping_status":"open","sticky":false,"template":"","format":"standard","meta":{"footnotes":""},"categories":[31],"tags":[],"class_list":["post-1134","post","type-post","status-publish","format-standard","has-post-thumbnail","hentry","category-internacional"],"yoast_head":"<!-- This site is optimized with the Yoast SEO plugin v27.3 - https:\/\/yoast.com\/product\/yoast-seo-wordpress\/ -->\n<title>Como Melhor \u00c1lbum Crist\u00e3o, Rosa De Saron \u00c9 Indicada Ao Grammy Latino 2024 Pela Terceira Vez<\/title>\n<meta name=\"robots\" content=\"index, follow, max-snippet:-1, max-image-preview:large, max-video-preview:-1\" \/>\n<link rel=\"canonical\" href=\"https:\/\/portal135.com.br\/?p=1134\" \/>\n<meta property=\"og:locale\" content=\"pt_BR\" \/>\n<meta property=\"og:type\" content=\"article\" \/>\n<meta property=\"og:title\" content=\"Como Melhor \u00c1lbum Crist\u00e3o, Rosa De Saron \u00c9 Indicada Ao Grammy Latino 2024 Pela Terceira Vez\" \/>\n<meta property=\"og:description\" content=\"Premia\u00e7\u00e3o acontece em novembro deste ano em Miami A banda crist\u00e3 Rosa de Saron tem motivos de sobra para comemorar. Bruno Faglioni, Rog\u00e9rio Feltrin, Eduardo Faro e Wellington Grev\u00e3o foram indicados para a 25\u00b0 cerim\u00f4nia do Grammy Latino pela categoria \u201cMelhor \u00c1lbum Crist\u00e3o em L\u00edngua Portuguesa\u201d. A premia\u00e7\u00e3o acontece no dia 14 de novembro, em Miami. O \u00e1lbum indicado \u201cRosa de Saron In Concert\u201d, gravado no Teatro Municipal de S\u00e3o Paulo, trouxe participa\u00e7\u00f5es especiais de Padre F\u00e1bio de Melo, Gustavo Mioto, Juninho Afram, Kemuel, Carmen Monarcha, Leonardo Gon\u00e7alves e Coral Livre. O produto vem acompanhado de uma cole\u00e7\u00e3o de faixas que refletem a f\u00e9, a esperan\u00e7a e a busca por um prop\u00f3sito maior, temas que sempre estiveram no centro da miss\u00e3o da banda. \u00c9 a terceira vez que Rosa de Saron \u00e9 indicado ao Grammy Latino.\" \/>\n<meta property=\"og:url\" content=\"https:\/\/portal135.com.br\/?p=1134\" \/>\n<meta property=\"og:site_name\" content=\"Portal 135\" \/>\n<meta property=\"article:published_time\" content=\"2024-09-20T23:11:01+00:00\" \/>\n<meta property=\"article:modified_time\" content=\"2024-09-20T23:11:03+00:00\" \/>\n<meta property=\"og:image\" content=\"https:\/\/portal135.com.br\/wp-content\/uploads\/2024\/09\/photo-output-2-1024x576.png\" \/>\n\t<meta property=\"og:image:width\" content=\"1024\" \/>\n\t<meta property=\"og:image:height\" content=\"576\" \/>\n\t<meta property=\"og:image:type\" content=\"image\/png\" \/>\n<meta name=\"author\" content=\"Matheus Mattuvo\" \/>\n<meta name=\"twitter:card\" content=\"summary_large_image\" \/>\n<meta name=\"twitter:label1\" content=\"Escrito por\" \/>\n\t<meta name=\"twitter:data1\" content=\"Matheus Mattuvo\" \/>\n\t<meta name=\"twitter:label2\" content=\"Est. tempo de leitura\" \/>\n\t<meta name=\"twitter:data2\" content=\"2 minutos\" \/>\n<script type=\"application\/ld+json\" class=\"yoast-schema-graph\">{\"@context\":\"https:\\\/\\\/schema.org\",\"@graph\":[{\"@type\":\"Article\",\"@id\":\"https:\\\/\\\/portal135.com.br\\\/?p=1134#article\",\"isPartOf\":{\"@id\":\"https:\\\/\\\/portal135.com.br\\\/?p=1134\"},\"author\":{\"name\":\"Matheus Mattuvo\",\"@id\":\"https:\\\/\\\/portal135.com.br\\\/#\\\/schema\\\/person\\\/c7ce183e9f1b4d0c52bb6dc385e7b175\"},\"headline\":\"Como Melhor \u00c1lbum Crist\u00e3o, Rosa De Saron \u00c9 Indicada Ao Grammy Latino 2024 Pela Terceira Vez\",\"datePublished\":\"2024-09-20T23:11:01+00:00\",\"dateModified\":\"2024-09-20T23:11:03+00:00\",\"mainEntityOfPage\":{\"@id\":\"https:\\\/\\\/portal135.com.br\\\/?p=1134\"},\"wordCount\":162,\"commentCount\":0,\"publisher\":{\"@id\":\"https:\\\/\\\/portal135.com.br\\\/#organization\"},\"image\":{\"@id\":\"https:\\\/\\\/portal135.com.br\\\/?p=1134#primaryimage\"},\"thumbnailUrl\":\"https:\\\/\\\/portal135.com.br\\\/wp-content\\\/uploads\\\/2024\\\/09\\\/photo-output-2.png\",\"articleSection\":[\"Internacional\"],\"inLanguage\":\"pt-BR\",\"potentialAction\":[{\"@type\":\"CommentAction\",\"name\":\"Comment\",\"target\":[\"https:\\\/\\\/portal135.com.br\\\/?p=1134#respond\"]}]},{\"@type\":\"WebPage\",\"@id\":\"https:\\\/\\\/portal135.com.br\\\/?p=1134\",\"url\":\"https:\\\/\\\/portal135.com.br\\\/?p=1134\",\"name\":\"Como Melhor \u00c1lbum Crist\u00e3o, Rosa De Saron \u00c9 Indicada Ao Grammy Latino 2024 Pela Terceira Vez\",\"isPartOf\":{\"@id\":\"https:\\\/\\\/portal135.com.br\\\/#website\"},\"primaryImageOfPage\":{\"@id\":\"https:\\\/\\\/portal135.com.br\\\/?p=1134#primaryimage\"},\"image\":{\"@id\":\"https:\\\/\\\/portal135.com.br\\\/?p=1134#primaryimage\"},\"thumbnailUrl\":\"https:\\\/\\\/portal135.com.br\\\/wp-content\\\/uploads\\\/2024\\\/09\\\/photo-output-2.png\",\"datePublished\":\"2024-09-20T23:11:01+00:00\",\"dateModified\":\"2024-09-20T23:11:03+00:00\",\"breadcrumb\":{\"@id\":\"https:\\\/\\\/portal135.com.br\\\/?p=1134#breadcrumb\"},\"inLanguage\":\"pt-BR\",\"potentialAction\":[{\"@type\":\"ReadAction\",\"target\":[\"https:\\\/\\\/portal135.com.br\\\/?p=1134\"]}]},{\"@type\":\"ImageObject\",\"inLanguage\":\"pt-BR\",\"@id\":\"https:\\\/\\\/portal135.com.br\\\/?p=1134#primaryimage\",\"url\":\"https:\\\/\\\/portal135.com.br\\\/wp-content\\\/uploads\\\/2024\\\/09\\\/photo-output-2.png\",\"contentUrl\":\"https:\\\/\\\/portal135.com.br\\\/wp-content\\\/uploads\\\/2024\\\/09\\\/photo-output-2.png\",\"width\":2176,\"height\":1224},{\"@type\":\"BreadcrumbList\",\"@id\":\"https:\\\/\\\/portal135.com.br\\\/?p=1134#breadcrumb\",\"itemListElement\":[{\"@type\":\"ListItem\",\"position\":1,\"name\":\"In\u00edcio\",\"item\":\"https:\\\/\\\/portal135.com.br\\\/\"},{\"@type\":\"ListItem\",\"position\":2,\"name\":\"Como Melhor \u00c1lbum Crist\u00e3o, Rosa De Saron \u00c9 Indicada Ao Grammy Latino 2024 Pela Terceira Vez\"}]},{\"@type\":\"WebSite\",\"@id\":\"https:\\\/\\\/portal135.com.br\\\/#website\",\"url\":\"https:\\\/\\\/portal135.com.br\\\/\",\"name\":\"Portal 135\",\"description\":\"Portal de Not\u00edcias\",\"publisher\":{\"@id\":\"https:\\\/\\\/portal135.com.br\\\/#organization\"},\"potentialAction\":[{\"@type\":\"SearchAction\",\"target\":{\"@type\":\"EntryPoint\",\"urlTemplate\":\"https:\\\/\\\/portal135.com.br\\\/?s={search_term_string}\"},\"query-input\":{\"@type\":\"PropertyValueSpecification\",\"valueRequired\":true,\"valueName\":\"search_term_string\"}}],\"inLanguage\":\"pt-BR\"},{\"@type\":\"Organization\",\"@id\":\"https:\\\/\\\/portal135.com.br\\\/#organization\",\"name\":\"Portal 135\",\"url\":\"https:\\\/\\\/portal135.com.br\\\/\",\"logo\":{\"@type\":\"ImageObject\",\"inLanguage\":\"pt-BR\",\"@id\":\"https:\\\/\\\/portal135.com.br\\\/#\\\/schema\\\/logo\\\/image\\\/\",\"url\":\"https:\\\/\\\/portal135.com.br\\\/wp-content\\\/uploads\\\/2024\\\/09\\\/1000030041-removebg-preview.png\",\"contentUrl\":\"https:\\\/\\\/portal135.com.br\\\/wp-content\\\/uploads\\\/2024\\\/09\\\/1000030041-removebg-preview.png\",\"width\":500,\"height\":500,\"caption\":\"Portal 135\"},\"image\":{\"@id\":\"https:\\\/\\\/portal135.com.br\\\/#\\\/schema\\\/logo\\\/image\\\/\"}},{\"@type\":\"Person\",\"@id\":\"https:\\\/\\\/portal135.com.br\\\/#\\\/schema\\\/person\\\/c7ce183e9f1b4d0c52bb6dc385e7b175\",\"name\":\"Matheus Mattuvo\",\"image\":{\"@type\":\"ImageObject\",\"inLanguage\":\"pt-BR\",\"@id\":\"https:\\\/\\\/secure.gravatar.com\\\/avatar\\\/160fd465491b28b353bd7049ac5a7f96a9766e4186ad78c29ac46f081d4aa7b5?s=96&d=mm&r=g\",\"url\":\"https:\\\/\\\/secure.gravatar.com\\\/avatar\\\/160fd465491b28b353bd7049ac5a7f96a9766e4186ad78c29ac46f081d4aa7b5?s=96&d=mm&r=g\",\"contentUrl\":\"https:\\\/\\\/secure.gravatar.com\\\/avatar\\\/160fd465491b28b353bd7049ac5a7f96a9766e4186ad78c29ac46f081d4aa7b5?s=96&d=mm&r=g\",\"caption\":\"Matheus Mattuvo\"},\"url\":\"https:\\\/\\\/portal135.com.br\\\/?author=2\"}]}<\/script>\n<!-- \/ Yoast SEO plugin. -->","yoast_head_json":{"title":"Como Melhor \u00c1lbum Crist\u00e3o, Rosa De Saron \u00c9 Indicada Ao Grammy Latino 2024 Pela Terceira Vez","robots":{"index":"index","follow":"follow","max-snippet":"max-snippet:-1","max-image-preview":"max-image-preview:large","max-video-preview":"max-video-preview:-1"},"canonical":"https:\/\/portal135.com.br\/?p=1134","og_locale":"pt_BR","og_type":"article","og_title":"Como Melhor \u00c1lbum Crist\u00e3o, Rosa De Saron \u00c9 Indicada Ao Grammy Latino 2024 Pela Terceira Vez","og_description":"Premia\u00e7\u00e3o acontece em novembro deste ano em Miami A banda crist\u00e3 Rosa de Saron tem motivos de sobra para comemorar. Bruno Faglioni, Rog\u00e9rio Feltrin, Eduardo Faro e Wellington Grev\u00e3o foram indicados para a 25\u00b0 cerim\u00f4nia do Grammy Latino pela categoria \u201cMelhor \u00c1lbum Crist\u00e3o em L\u00edngua Portuguesa\u201d. A premia\u00e7\u00e3o acontece no dia 14 de novembro, em Miami. O \u00e1lbum indicado \u201cRosa de Saron In Concert\u201d, gravado no Teatro Municipal de S\u00e3o Paulo, trouxe participa\u00e7\u00f5es especiais de Padre F\u00e1bio de Melo, Gustavo Mioto, Juninho Afram, Kemuel, Carmen Monarcha, Leonardo Gon\u00e7alves e Coral Livre. O produto vem acompanhado de uma cole\u00e7\u00e3o de faixas que refletem a f\u00e9, a esperan\u00e7a e a busca por um prop\u00f3sito maior, temas que sempre estiveram no centro da miss\u00e3o da banda. \u00c9 a terceira vez que Rosa de Saron \u00e9 indicado ao Grammy Latino.","og_url":"https:\/\/portal135.com.br\/?p=1134","og_site_name":"Portal 135","article_published_time":"2024-09-20T23:11:01+00:00","article_modified_time":"2024-09-20T23:11:03+00:00","og_image":[{"width":1024,"height":576,"url":"https:\/\/portal135.com.br\/wp-content\/uploads\/2024\/09\/photo-output-2-1024x576.png","type":"image\/png"}],"author":"Matheus Mattuvo","twitter_card":"summary_large_image","twitter_misc":{"Escrito por":"Matheus Mattuvo","Est. tempo de leitura":"2 minutos"},"schema":{"@context":"https:\/\/schema.org","@graph":[{"@type":"Article","@id":"https:\/\/portal135.com.br\/?p=1134#article","isPartOf":{"@id":"https:\/\/portal135.com.br\/?p=1134"},"author":{"name":"Matheus Mattuvo","@id":"https:\/\/portal135.com.br\/#\/schema\/person\/c7ce183e9f1b4d0c52bb6dc385e7b175"},"headline":"Como Melhor \u00c1lbum Crist\u00e3o, Rosa De Saron \u00c9 Indicada Ao Grammy Latino 2024 Pela Terceira Vez","datePublished":"2024-09-20T23:11:01+00:00","dateModified":"2024-09-20T23:11:03+00:00","mainEntityOfPage":{"@id":"https:\/\/portal135.com.br\/?p=1134"},"wordCount":162,"commentCount":0,"publisher":{"@id":"https:\/\/portal135.com.br\/#organization"},"image":{"@id":"https:\/\/portal135.com.br\/?p=1134#primaryimage"},"thumbnailUrl":"https:\/\/portal135.com.br\/wp-content\/uploads\/2024\/09\/photo-output-2.png","articleSection":["Internacional"],"inLanguage":"pt-BR","potentialAction":[{"@type":"CommentAction","name":"Comment","target":["https:\/\/portal135.com.br\/?p=1134#respond"]}]},{"@type":"WebPage","@id":"https:\/\/portal135.com.br\/?p=1134","url":"https:\/\/portal135.com.br\/?p=1134","name":"Como Melhor \u00c1lbum Crist\u00e3o, Rosa De Saron \u00c9 Indicada Ao Grammy Latino 2024 Pela Terceira Vez","isPartOf":{"@id":"https:\/\/portal135.com.br\/#website"},"primaryImageOfPage":{"@id":"https:\/\/portal135.com.br\/?p=1134#primaryimage"},"image":{"@id":"https:\/\/portal135.com.br\/?p=1134#primaryimage"},"thumbnailUrl":"https:\/\/portal135.com.br\/wp-content\/uploads\/2024\/09\/photo-output-2.png","datePublished":"2024-09-20T23:11:01+00:00","dateModified":"2024-09-20T23:11:03+00:00","breadcrumb":{"@id":"https:\/\/portal135.com.br\/?p=1134#breadcrumb"},"inLanguage":"pt-BR","potentialAction":[{"@type":"ReadAction","target":["https:\/\/portal135.com.br\/?p=1134"]}]},{"@type":"ImageObject","inLanguage":"pt-BR","@id":"https:\/\/portal135.com.br\/?p=1134#primaryimage","url":"https:\/\/portal135.com.br\/wp-content\/uploads\/2024\/09\/photo-output-2.png","contentUrl":"https:\/\/portal135.com.br\/wp-content\/uploads\/2024\/09\/photo-output-2.png","width":2176,"height":1224},{"@type":"BreadcrumbList","@id":"https:\/\/portal135.com.br\/?p=1134#breadcrumb","itemListElement":[{"@type":"ListItem","position":1,"name":"In\u00edcio","item":"https:\/\/portal135.com.br\/"},{"@type":"ListItem","position":2,"name":"Como Melhor \u00c1lbum Crist\u00e3o, Rosa De Saron \u00c9 Indicada Ao Grammy Latino 2024 Pela Terceira Vez"}]},{"@type":"WebSite","@id":"https:\/\/portal135.com.br\/#website","url":"https:\/\/portal135.com.br\/","name":"Portal 135","description":"Portal de Not\u00edcias","publisher":{"@id":"https:\/\/portal135.com.br\/#organization"},"potentialAction":[{"@type":"SearchAction","target":{"@type":"EntryPoint","urlTemplate":"https:\/\/portal135.com.br\/?s={search_term_string}"},"query-input":{"@type":"PropertyValueSpecification","valueRequired":true,"valueName":"search_term_string"}}],"inLanguage":"pt-BR"},{"@type":"Organization","@id":"https:\/\/portal135.com.br\/#organization","name":"Portal 135","url":"https:\/\/portal135.com.br\/","logo":{"@type":"ImageObject","inLanguage":"pt-BR","@id":"https:\/\/portal135.com.br\/#\/schema\/logo\/image\/","url":"https:\/\/portal135.com.br\/wp-content\/uploads\/2024\/09\/1000030041-removebg-preview.png","contentUrl":"https:\/\/portal135.com.br\/wp-content\/uploads\/2024\/09\/1000030041-removebg-preview.png","width":500,"height":500,"caption":"Portal 135"},"image":{"@id":"https:\/\/portal135.com.br\/#\/schema\/logo\/image\/"}},{"@type":"Person","@id":"https:\/\/portal135.com.br\/#\/schema\/person\/c7ce183e9f1b4d0c52bb6dc385e7b175","name":"Matheus Mattuvo","image":{"@type":"ImageObject","inLanguage":"pt-BR","@id":"https:\/\/secure.gravatar.com\/avatar\/160fd465491b28b353bd7049ac5a7f96a9766e4186ad78c29ac46f081d4aa7b5?s=96&d=mm&r=g","url":"https:\/\/secure.gravatar.com\/avatar\/160fd465491b28b353bd7049ac5a7f96a9766e4186ad78c29ac46f081d4aa7b5?s=96&d=mm&r=g","contentUrl":"https:\/\/secure.gravatar.com\/avatar\/160fd465491b28b353bd7049ac5a7f96a9766e4186ad78c29ac46f081d4aa7b5?s=96&d=mm&r=g","caption":"Matheus Mattuvo"},"url":"https:\/\/portal135.com.br\/?author=2"}]}},"_links":{"self":[{"href":"https:\/\/portal135.com.br\/index.php?rest_route=\/wp\/v2\/posts\/1134","targetHints":{"allow":["GET"]}}],"collection":[{"href":"https:\/\/portal135.com.br\/index.php?rest_route=\/wp\/v2\/posts"}],"about":[{"href":"https:\/\/portal135.com.br\/index.php?rest_route=\/wp\/v2\/types\/post"}],"author":[{"embeddable":true,"href":"https:\/\/portal135.com.br\/index.php?rest_route=\/wp\/v2\/users\/2"}],"replies":[{"embeddable":true,"href":"https:\/\/portal135.com.br\/index.php?rest_route=%2Fwp%2Fv2%2Fcomments&post=1134"}],"version-history":[{"count":1,"href":"https:\/\/portal135.com.br\/index.php?rest_route=\/wp\/v2\/posts\/1134\/revisions"}],"predecessor-version":[{"id":1136,"href":"https:\/\/portal135.com.br\/index.php?rest_route=\/wp\/v2\/posts\/1134\/revisions\/1136"}],"wp:featuredmedia":[{"embeddable":true,"href":"https:\/\/portal135.com.br\/index.php?rest_route=\/wp\/v2\/media\/1135"}],"wp:attachment":[{"href":"https:\/\/portal135.com.br\/index.php?rest_route=%2Fwp%2Fv2%2Fmedia&parent=1134"}],"wp:term":[{"taxonomy":"category","embeddable":true,"href":"https:\/\/portal135.com.br\/index.php?rest_route=%2Fwp%2Fv2%2Fcategories&post=1134"},{"taxonomy":"post_tag","embeddable":true,"href":"https:\/\/portal135.com.br\/index.php?rest_route=%2Fwp%2Fv2%2Ftags&post=1134"}],"curies":[{"name":"wp","href":"https:\/\/api.w.org\/{rel}","templated":true}]}}